{"id":8512,"date":"2023-02-18T21:55:52","date_gmt":"2023-02-18T20:55:52","guid":{"rendered":"http:\/\/parafiasmardzewo.pl\/?p=8512"},"modified":"2023-02-19T15:05:44","modified_gmt":"2023-02-19T14:05:44","slug":"siodma-niedziela-w-ciagu-roku-19-lutego-2023","status":"publish","type":"post","link":"https:\/\/parafiasmardzewo.pl\/?p=8512","title":{"rendered":"SI\u00d3DMA NIEDZIELA W CIAGU ROKU &#8211; 19 lutego 2023"},"content":{"rendered":"<p><strong>OG\u0141OSZENIA DUSZPASTERSKIE<\/strong><\/p>\n<ol>\n<li>Dzisiaj rozpoczynamy w Ko\u015bciele w Polsce 56. Tydzie\u0144 Modlitw o Trze\u017awo\u015b\u0107 Narodu, kt\u00f3rego has\u0142o brzmi: <strong>\u201e Ku trze\u017awo\u015bci z Ko\u015bcio\u0142em\u201d. <\/strong>Ko\u015bci\u00f3\u0142 wzywa nas do szczeg\u00f3lnej indywidualnej i wsp\u00f3lnotowej modlitwy oraz do abstynencji, kt\u00f3r\u0105 mo\u017cemy ofiarowa\u0107 Panu Bogu jako wynagrodzenie za grzechy pija\u0144stwa innych os\u00f3b lub z pro\u015bb\u0105 o uwolnienie od tego na\u0142ogu bliskich czy znajomych. Zach\u0119cam wszystkich parafian do podj\u0119cia dobrowolnej abstynencji od alkoholu i innych u\u017cywek nie tylko w ci\u0105gu tego wyj\u0105tkowego tygodnia, ale tak\u017ce na d\u0142u\u017cszy okres dla ratowania ludzi uzale\u017cnionych, zw\u0142aszcza z naszej parafialnej wsp\u00f3lnoty.<\/li>\n<li>Ko\u0144czy si\u0119 tegoroczny karnawa\u0142. W tym tygodniu, 22 lutego, przypada \u015aroda Popielcowa. Otwiera ona \u015bwi\u0119ty, szczeg\u00f3lny czas Wielkiego Postu. Msze \u015awi\u0119te tego dnia w naszym ko\u015bciele b\u0119d\u0105 sprawowane o <strong>10.00 i 16.00<\/strong>. Zewn\u0119trznym znakiem naszego wej\u015bcia na drog\u0119 pokuty i nawr\u00f3cenia jest posypanie g\u0142owy popio\u0142em. W kulturze Izraela ten gest by\u0142 wyrazem wielkiego smutku, \u017ca\u0142oby i pokuty. Popi\u00f3\u0142 przypomina te\u017c, \u017ce wszystko, co ziemskie, powsta\u0142o z prochu ziemi i zn\u00f3w w proch si\u0119 obr\u00f3ci. Ten rozpad jest skutkiem grzechu. Jednak kap\u0142an, posypuj\u0105c g\u0142owy wiernych popio\u0142em, czyni nad nimi znak krzy\u017ca, kt\u00f3ry oznacza oczyszczenie i zmartwychwstanie. Zatem Wielki Post \u2013 czas pokuty, postu, wyrzecze\u0144 i modlitwy \u2013 ma s\u0142u\u017cy\u0107 naszemu nawr\u00f3ceniu, ma przygotowa\u0107 nasze serca na owocne prze\u017cycie radosnych \u015bwi\u0105t Zmartwychwstania Pa\u0144skiego.<\/li>\n<li>W Popielec obowi\u0105zuje post \u015bcis\u0142y, polegaj\u0105cy na wstrzemi\u0119\u017aliwo\u015bci od pokarm\u00f3w mi\u0119snych i spo\u017cyciu jednego posi\u0142ku do syta w ci\u0105gu dnia. Pozosta\u0142e posi\u0142ki nale\u017cy ograniczy\u0107 co do ilo\u015bci. Post obowi\u0105zuje wszystkich pomi\u0119dzy 18. a 60. rokiem \u017cycia. Pozosta\u0142ych wiernych zach\u0119camy tak\u017ce do czynnego w\u0142\u0105czenia si\u0119 w ten wielki akt pokutny, na miar\u0119 ich mo\u017cliwo\u015bci. Przypominam, \u017ce wszystkich od 14. roku \u017cycia obowi\u0105zuje wstrzemi\u0119\u017aliwo\u015b\u0107 od pokarm\u00f3w mi\u0119snych. Przypominam te\u017c, \u017ce Wielki Post jest tzw. czasem zakazanym dla wesel, zabaw i dyskotek.<\/li>\n<li>Od \u015arody Popielcowej do pierwszej niedzieli Wielkiego Postu w\u0142\u0105cznie b\u0119d\u0105 trwa\u0107 Kwartalne dni modlitw o ducha pokuty. Wielki Post powinien by\u0107 naznaczony nasz\u0105 \u015bcis\u0142\u0105 wsp\u00f3\u0142prac\u0105 z Panem Bogiem, kt\u00f3ry \u201edaje nam si\u0142\u0119 zaczynania od nowa\u201d (Katechizm Ko\u015bcio\u0142a Katolickiego nr 1432).<\/li>\n<li>Nasze duchowe wielkopostne \u0107wiczenia wzmocni udzia\u0142 w nabo\u017ce\u0144stwach Drogi krzy\u017cowej, kt\u00f3re w naszym ko\u015bciele b\u0119dziemy odprawiali w pi\u0105tki o <strong>16.30,<\/strong> oraz w Gorzkich \u017calach, odprawianych w ka\u017cd\u0105 niedziel\u0119 po Eucharystii o <strong>godz. 10.45.<\/strong><\/li>\n<li>W tym roku, w czasie Wielkiego Postu, b\u0119dziemy <strong>prze\u017cywa\u0107 Misje \u015awi\u0119te od 22\u00a0 \u2013 26 marca (\u015broda, czwartek, pi\u0105tek, sobota, niedziela, przed pi\u0105t\u0105 niedziel\u0105 Wielkiego Postu). <\/strong><\/li>\n<li>Od nast\u0119pnej niedzieli b\u0119dzie odprawiana trzecia Msza \u015awi\u0119ta o godz. 16.00.<\/li>\n<li>Za tydzie\u0144, po Mszy \u015awi\u0119tej o godz. 9.00, zapraszam dzieci kl. III i IV na kr\u00f3tkie spotkanie przygotowuj\u0105ce do Pierwszej i Generalnej Komunii \u015awi\u0119tej.<\/li>\n<li>Zach\u0119cam do nabycia prasy katolickiej.<\/li>\n<li>W minionym tygodniu odeszli do wieczno\u015bci: <strong>+ Urszula Buras,<\/strong> od uczestnik\u00f3w pogrzebu b\u0119dzie odprawionych <strong>osiemna\u015bcie<\/strong> Mszy \u015awi\u0119tych; <strong>+ Stanis\u0142aw Sa\u0142kowski,<\/strong> od uczestnik\u00f3w pogrzebu b\u0119dzie odprawionych <strong>osiem<\/strong> Mszy \u015awi\u0119tych; <strong>+ Bogumi\u0142a Komorowska,<\/strong> od uczestnik\u00f3w pogrzebu b\u0119dzie odprawionych <strong>dwadzie\u015bcia pi\u0119\u0107<\/strong> Mszy \u015awi\u0119tych. <strong><em>Wieczny odpoczynek racz im da\u0107 Panie\u2026<\/em><\/strong><\/li>\n<\/ol>\n<p><strong><em>\u00a0<\/em><\/strong><\/p>\n<p><strong>\u00a0<\/strong><\/p>\n","protected":false},"excerpt":{"rendered":"<p>OG\u0141OSZENIA DUSZPASTERSKIE Dzisiaj rozpoczynamy w Ko\u015bciele w Polsce 56. Tydzie\u0144 Modlitw o Trze\u017awo\u015b\u0107 Narodu, kt\u00f3rego has\u0142o brzmi: \u201e Ku trze\u017awo\u015bci z Ko\u015bcio\u0142em\u201d. Ko\u015bci\u00f3\u0142 wzywa nas do szczeg\u00f3lnej indywidualnej i wsp\u00f3lnotowej modlitwy oraz do abstynencji, kt\u00f3r\u0105 mo\u017cemy ofiarowa\u0107 Panu Bogu jako wynagrodzenie za grzechy pija\u0144stwa innych os\u00f3b lub z pro\u015bb\u0105 o uwolnienie od tego na\u0142ogu bliskich &hellip; <\/p>\n<p><a class=\"more-link btn\" href=\"https:\/\/parafiasmardzewo.pl\/?p=8512\">Kontynuuj czytanie<\/a><\/p>\n","protected":false},"author":2,"featured_media":6302,"comment_status":"open","ping_status":"open","sticky":false,"template":"","format":"standard","meta":[],"categories":[2],"tags":[],"_links":{"self":[{"href":"https:\/\/parafiasmardzewo.pl\/index.php?rest_route=\/wp\/v2\/posts\/8512"}],"collection":[{"href":"https:\/\/parafiasmardzewo.pl\/index.php?rest_route=\/wp\/v2\/posts"}],"about":[{"href":"https:\/\/parafiasmardzewo.pl\/index.php?rest_route=\/wp\/v2\/types\/post"}],"author":[{"embeddable":true,"href":"https:\/\/parafiasmardzewo.pl\/index.php?rest_route=\/wp\/v2\/users\/2"}],"replies":[{"embeddable":true,"href":"https:\/\/parafiasmardzewo.pl\/index.php?rest_route=%2Fwp%2Fv2%2Fcomments&post=8512"}],"version-history":[{"count":4,"href":"https:\/\/parafiasmardzewo.pl\/index.php?rest_route=\/wp\/v2\/posts\/8512\/revisions"}],"predecessor-version":[{"id":8519,"href":"https:\/\/parafiasmardzewo.pl\/index.php?rest_route=\/wp\/v2\/posts\/8512\/revisions\/8519"}],"wp:featuredmedia":[{"embeddable":true,"href":"https:\/\/parafiasmardzewo.pl\/index.php?rest_route=\/wp\/v2\/media\/6302"}],"wp:attachment":[{"href":"https:\/\/parafiasmardzewo.pl\/index.php?rest_route=%2Fwp%2Fv2%2Fmedia&parent=8512"}],"wp:term":[{"taxonomy":"category","embeddable":true,"href":"https:\/\/parafiasmardzewo.pl\/index.php?rest_route=%2Fwp%2Fv2%2Fcategories&post=8512"},{"taxonomy":"post_tag","embeddable":true,"href":"https:\/\/parafiasmardzewo.pl\/index.php?rest_route=%2Fwp%2Fv2%2Ftags&post=8512"}],"curies":[{"name":"wp","href":"https:\/\/api.w.org\/{rel}","templated":true}]}}