{"id":8522,"date":"2023-02-25T21:17:01","date_gmt":"2023-02-25T20:17:01","guid":{"rendered":"http:\/\/parafiasmardzewo.pl\/?p=8522"},"modified":"2023-02-25T21:22:46","modified_gmt":"2023-02-25T20:22:46","slug":"pierwsza-niedziela-wielkiego-postu-26-lutego-2023","status":"publish","type":"post","link":"https:\/\/parafiasmardzewo.pl\/?p=8522","title":{"rendered":"PIERWSZA NIEDZIELA WIELKIEGO POSTU &#8211; 26 lutego 2023"},"content":{"rendered":"<p><strong>OG\u0141OSZENIA DUSZPASTERSKIE<\/strong><\/p>\n<ol>\n<li>Co roku w pierwsz\u0105 niedziel\u0119 Wielkiego Postu czytamy Ewangeli\u0119 o kuszeniu Chrystusa na pustyni. Pan Jezus zwyci\u0119\u017cy\u0142 wszystkie szata\u0144skie pokusy i chce nas nauczy\u0107 umiej\u0119tno\u015bci ich przezwyci\u0119\u017cania. Z Bo\u017c\u0105 pomoc\u0105 sami mo\u017cemy i powinni\u015bmy odrzuca\u0107 szata\u0144skie podszepty. Niech wielkopostna pielgrzymka wiary umacnia nas w naszych zmaganiach ze z\u0142em.<\/li>\n<li>Wzbud\u017amy w sobie wielkie pragnienie owocnego i dobrego prze\u017cycia tego czasu. Tak\u0105 okazj\u0105 s\u0105 r\u00f3\u017cne umartwienia czy wyrzeczenia b\u0105d\u017a te\u017c dobre postanowienia. Warto to duchowe \u0107wiczenie podj\u0105\u0107. W ten spos\u00f3b mo\u017cna si\u0119 w\u0142\u0105czy\u0107 w modlitw\u0119 Ko\u015bcio\u0142a o ducha pokuty. Cho\u0107 kwartalne dni modlitw w tej intencji dobiegaj\u0105 dzi\u015b ko\u0144ca, to ducha umartwienia, pokuty trzeba nieustannie w sobie rozwija\u0107.<\/li>\n<li>Nabo\u017ce\u0144stwa pasyjne tego okresu s\u0105 r\u00f3wnie\u017c pomoc\u0105 we w\u0142a\u015bciwym jego prze\u017cywaniu. <strong>Zapraszam dzi\u015b, po Mszy \u015awi\u0119tej o godz. 10.45, na pierwsze gorzkie \u017cale. Natomiast w pi\u0105tki zapraszam na drog\u0119 krzy\u017cow\u0105 o godz. 16.30. Gorzkie \u017cale s\u0105 te\u017c transmitowane, w niedziel\u0119 o godz. 18.00, przez Radio Maryja z ko\u015bcio\u0142a pw. \u015aw. Krzy\u017ca, w Warszawie. <\/strong><\/li>\n<li>Wraz ze \u015arod\u0105 Popielcow\u0105 rozpocz\u0105\u0142 si\u0119 tak\u017ce czas tzw. Komunii \u015bwi\u0119tej wielkanocnej, kt\u00f3ry potrwa a\u017c do niedzieli Zes\u0142ania Ducha \u015awi\u0119tego. Przypominam o przykazaniu ko\u015bcielnym m\u00f3wi\u0105cym o powinno\u015bci skorzystania przynajmniej raz w roku z sakramentu pojednania i przyj\u0119cia Komunii \u015bwi\u0119tej w okresie wielkanocnym<strong>. Codziennie przed Msz\u0105 \u015awi\u0119t\u0105 jest mo\u017cliwo\u015b\u0107 skorzystania ze spowiedzi \u015bwi\u0119tej<\/strong>. Na te najwi\u0119ksze chrze\u015bcija\u0144skie \u015bwi\u0119ta oczy\u015b\u0107my nasze serca, uczy\u0144my je gotowymi na przyj\u0119cie zmartwychwsta\u0142ego Pana.<\/li>\n<li>Dzisiaj, cz\u0119\u015b\u0107 ofiar zebranych na tac\u0119 przeznaczamy na pomoc dla Ukrainy, zgodnie z pro\u015bb\u0105 Przewodnicz\u0105cego KEP &#8211; arcybiskupa Stanis\u0142awa G\u0105deckiego i zarz\u0105dzeniem bpa p\u0142ockiego\u00a0 Szymona Stu\u0142kowskiego.<\/li>\n<li>W tym tygodniu b\u0119dziemy prze\u017cywa\u0107 pierwszy czwartek, pierwszy pi\u0105tek i pierwsz\u0105 sobot\u0119 miesi\u0105ca. W pi\u0105tek od godz. 15.30 b\u0119dzie wystawienie Naj\u015bwi\u0119tszego Sakramentu i mo\u017cliwo\u015b\u0107 skorzystania z sakramentu pokuty.<\/li>\n<li>Przypominam, \u017ce Misje \u015bwi\u0119te b\u0119dziemy\u00a0 prze\u017cywa\u0107 <strong>22 &#8211; 23 \u2013 24 \u2013 25 i 26\u00a0 marca \u2013 \u015broda, czwartek, pi\u0105tek, sobota i niedziela, przed pi\u0105t\u0105 niedziel\u0105 Wielkiego Postu.<\/strong><\/li>\n<li>Przysz\u0142a niedziela, druga wielkopostna, to niedziela <em>Ad gentes<\/em> \u2013 dzie\u0144 modlitwy w intencji misji i misjonarzy.<\/li>\n<li>Wychodz\u0105c z ko\u015bcio\u0142a mo\u017cna kupi\u0107 \u201eBaranka\u201d wielkanocnego, w cenie 8.00 z\u0142otych. Kupuj\u0105c \u201eBaranka\u201d w\u0142\u0105czamy si\u0119 do akcji Caritas, pomocy najbardziej potrzebuj\u0105cym.<\/li>\n<li>Po Mszy \u015awi\u0119tej o godz. 9.00 b\u0119dzie kr\u00f3tkie spotkanie z dzie\u0107mi III i IV, kt\u00f3rzy przygotowuj\u0105 si\u0119 dzieci do Pierwszej i Generalnej Komunii \u015awi\u0119tej.<\/li>\n<li>Dzisiaj, Msze \u015awi\u0119te w naszym ko\u015bciele s\u0105 sprawowane o godz. 9.00 \u2013 10.45 \u2013 16.00.<\/li>\n<li>Zach\u0119cam do zaopatrzenia si\u0119 w pras\u0119 katolick\u0105: <strong><em>Go\u015b\u0107 Niedzielny, Rycerz Niepokalanej, Ma\u0142y Rycerzyk, R\u00f3\u017caniec. <\/em><\/strong><\/li>\n<\/ol>\n<p>&nbsp;<\/p>\n<p><em>\u00a0<\/em><\/p>\n<p>&nbsp;<\/p>\n","protected":false},"excerpt":{"rendered":"<p>OG\u0141OSZENIA DUSZPASTERSKIE Co roku w pierwsz\u0105 niedziel\u0119 Wielkiego Postu czytamy Ewangeli\u0119 o kuszeniu Chrystusa na pustyni. Pan Jezus zwyci\u0119\u017cy\u0142 wszystkie szata\u0144skie pokusy i chce nas nauczy\u0107 umiej\u0119tno\u015bci ich przezwyci\u0119\u017cania. Z Bo\u017c\u0105 pomoc\u0105 sami mo\u017cemy i powinni\u015bmy odrzuca\u0107 szata\u0144skie podszepty. Niech wielkopostna pielgrzymka wiary umacnia nas w naszych zmaganiach ze z\u0142em. Wzbud\u017amy w sobie wielkie pragnienie &hellip; <\/p>\n<p><a class=\"more-link btn\" href=\"https:\/\/parafiasmardzewo.pl\/?p=8522\">Kontynuuj czytanie<\/a><\/p>\n","protected":false},"author":2,"featured_media":6302,"comment_status":"open","ping_status":"open","sticky":false,"template":"","format":"standard","meta":[],"categories":[2],"tags":[],"_links":{"self":[{"href":"https:\/\/parafiasmardzewo.pl\/index.php?rest_route=\/wp\/v2\/posts\/8522"}],"collection":[{"href":"https:\/\/parafiasmardzewo.pl\/index.php?rest_route=\/wp\/v2\/posts"}],"about":[{"href":"https:\/\/parafiasmardzewo.pl\/index.php?rest_route=\/wp\/v2\/types\/post"}],"author":[{"embeddable":true,"href":"https:\/\/parafiasmardzewo.pl\/index.php?rest_route=\/wp\/v2\/users\/2"}],"replies":[{"embeddable":true,"href":"https:\/\/parafiasmardzewo.pl\/index.php?rest_route=%2Fwp%2Fv2%2Fcomments&post=8522"}],"version-history":[{"count":4,"href":"https:\/\/parafiasmardzewo.pl\/index.php?rest_route=\/wp\/v2\/posts\/8522\/revisions"}],"predecessor-version":[{"id":8526,"href":"https:\/\/parafiasmardzewo.pl\/index.php?rest_route=\/wp\/v2\/posts\/8522\/revisions\/8526"}],"wp:featuredmedia":[{"embeddable":true,"href":"https:\/\/parafiasmardzewo.pl\/index.php?rest_route=\/wp\/v2\/media\/6302"}],"wp:attachment":[{"href":"https:\/\/parafiasmardzewo.pl\/index.php?rest_route=%2Fwp%2Fv2%2Fmedia&parent=8522"}],"wp:term":[{"taxonomy":"category","embeddable":true,"href":"https:\/\/parafiasmardzewo.pl\/index.php?rest_route=%2Fwp%2Fv2%2Fcategories&post=8522"},{"taxonomy":"post_tag","embeddable":true,"href":"https:\/\/parafiasmardzewo.pl\/index.php?rest_route=%2Fwp%2Fv2%2Ftags&post=8522"}],"curies":[{"name":"wp","href":"https:\/\/api.w.org\/{rel}","templated":true}]}}