{"id":8528,"date":"2023-02-25T21:28:16","date_gmt":"2023-02-25T20:28:16","guid":{"rendered":"http:\/\/parafiasmardzewo.pl\/?p=8528"},"modified":"2023-02-26T13:41:24","modified_gmt":"2023-02-26T12:41:24","slug":"list-pasterski-biskupa-plockiego-zsymona-stulkowskiego-na-wielki-post-2023","status":"publish","type":"post","link":"https:\/\/parafiasmardzewo.pl\/?p=8528","title":{"rendered":"LIST PASTERSKI BISKUPA P\u0141OCKIEGO SZYMONA STU\u0141KOWSKIEGO NA WIELKI POST 2023"},"content":{"rendered":"<p><strong>Drogie<em> Siostry i Drodzy Bracia w jednej wierze w Chrystusa!<\/em><\/strong><em>\u00a0 \u00a0 \u00a0 \u00a0 \u00a0 \u00a0 \u00a0 \u00a0 \u00a0 \u00a0 \u00a0 \u00a0 \u00a0 \u00a0 \u00a0 \u00a0 \u00a0 \u00a0 \u00a0 \u00a0 \u00a0 \u00a0 \u00a0 \u00a0 \u00a0 \u00a0 \u00a0 \u00a0 \u00a0 \u00a0 \u00a0 \u00a0 \u00a0 \u00a0 \u00a0 \u00a0 \u00a0 \u00a0 \u00a0 \u00a0 \u00a0 \u00a0 \u00a0 \u00a0 \u00a0 \u00a0 \u00a0 \u00a0 \u00a0 \u00a0 \u00a0 \u00a0 \u00a0 \u00a0 \u00a0 \u00a0 \u00a0 \u00a0 Rozpocz\u0119li\u015bmy kolejny w naszym \u017cyciu Wielki Post. Pan B\u00f3g zaprasza nas by\u015bmy podj\u0119li z Nim wsp\u00f3\u0142prac\u0119, oczekuj\u0105c uroczysto\u015bci Zmartwychwstania Pa\u0144skiego.\u00a0 \u00a0 \u00a0 \u00a0 \u00a0 \u00a0 \u00a0 \u00a0 \u00a0 \u00a0 \u00a0 \u00a0 \u00a0 \u00a0 \u00a0 \u00a0 \u00a0 \u00a0 \u00a0 \u00a0 \u00a0 \u00a0 \u00a0 \u00a0 \u00a0 \u00a0 \u00a0 \u00a0 \u00a0 \u00a0 \u00a0 \u00a0 \u00a0 \u00a0 \u00a0 \u00a0 \u00a0 \u00a0 \u00a0 \u00a0 \u00a0 \u00a0 \u00a0 \u00a0 \u00a0 \u00a0 \u00a0 \u00a0 \u00a0 \u00a0 \u00a0 \u00a0 \u00a0 \u00a0 \u00a0 \u00a0<\/em><strong><em>Rozdzierajmy serca, a nie szaty<\/em><\/strong><em>\u00a0 \u00a0 \u00a0 \u00a0 \u00a0 \u00a0 \u00a0 \u00a0 \u00a0 \u00a0 \u00a0 \u00a0 \u00a0 \u00a0 \u00a0 \u00a0 \u00a0 \u00a0 \u00a0 \u00a0 \u00a0 \u00a0 \u00a0 \u00a0 \u00a0 \u00a0 \u00a0 \u00a0 \u00a0 \u00a0 \u00a0 \u00a0 \u00a0 \u00a0 \u00a0 \u00a0 \u00a0 \u00a0 \u00a0 \u00a0 \u00a0 \u00a0 \u00a0 \u00a0 \u00a0 \u00a0 \u00a0 \u00a0 \u00a0 \u00a0 \u00a0 \u00a0 \u00a0 \u00a0 \u00a0 \u00a0 \u00a0 \u00a0 \u00a0 \u00a0 \u00a0 \u00a0 \u00a0 \u00a0 \u00a0 \u00a0 \u00a0 \u00a0\u00a0<\/em><\/p>\n<p><em>W \u015arod\u0119 Popielcow\u0105 prorok Joel wo\u0142a\u0142 do nas w liturgii s\u0142owa: <strong>(\u2026)\u00a0rozdzierajcie wasze serca, a nie szaty<\/strong>!\u00a0(Jl 2, 12). Ten g\u0142os wzywa nas do wewn\u0119trznego patrzenia na trud wielkopostnej przemiany. Bardzo \u0142atwo jest rozerwa\u0107 szaty, trudniej rozerwa\u0107 serce. Pierwsze charakteryzuje dzia\u0142ania zewn\u0119trzne, kt\u00f3re s\u0105 potrzebne, ale niewystarczaj\u0105ce na drodze nawr\u00f3cenia. Drugie stwierdzenie proroka ukazuje serce rozdarte, czyli otwarte dla Boga, gotowe przyj\u0105\u0107 moc Jego \u0142aski, kt\u00f3ra przemienia. Nawr\u00f3cenie jest owocem dzia\u0142ania Boga, z kt\u00f3rym podejmujemy wsp\u00f3\u0142prac\u0119. Psalmista uczy nas takiej postawy:\u00a0<strong>Stw\u00f3rz, Bo\u017ce, we mnie serce czyste i odn\u00f3w we mnie moc ducha\u00a0(Ps 51).<\/strong> Serce rozdarte gotowe jest przyj\u0105\u0107 dar zbawienia, kt\u00f3re otrzymujemy za darmo. Nie znaczy to, \u017ce nikt nie zap\u0142aci\u0142 za nasze zbawienie. Zap\u0142aci\u0142 za nie Jezus swoj\u0105 m\u0119k\u0105, \u015bmierci\u0105 i zmartwychwstaniem.\u00a0 \u00a0 \u00a0 \u00a0 \u00a0 \u00a0 \u00a0 \u00a0 \u00a0 \u00a0 \u00a0 \u00a0 \u00a0 \u00a0 \u00a0 \u00a0 \u00a0 \u00a0 \u00a0 \u00a0 \u00a0 \u00a0 \u00a0 \u00a0 \u00a0 \u00a0 \u00a0 \u00a0 \u00a0 \u00a0 \u00a0 \u00a0 \u00a0 \u00a0 \u00a0 \u00a0 \u00a0 \u00a0 \u00a0 \u00a0 \u00a0 Wielki Post, a w nim lektura s\u0142owa Bo\u017cego, rekolekcje, a tak\u017ce rozwa\u017canie m\u0119ki Pa\u0144skiej, czyli nabo\u017ce\u0144stwa pasyjne, takie jak Droga Krzy\u017cowa i Gorzkie \u017bale pomog\u0105 nam zrozumie\u0107, jak\u0105 cen\u0119 zap\u0142aci\u0142 B\u00f3g za nasze zbawienie. Nie zapominajmy te\u017c o ja\u0142mu\u017cnie i wstrzemi\u0119\u017aliwo\u015bci od z\u0142a w my\u015blach, w s\u0142owach i w czynach. Niech nie b\u0119dzie nam obca wstrzemi\u0119\u017aliwo\u015b\u0107 od hucznych zabaw i od u\u017cywek, kt\u00f3re cz\u0119sto staj\u0105 si\u0119 przyczyn\u0105 uzale\u017cnie\u0144. Dzi\u015b coraz cz\u0119\u015bciej s\u0142yszymy tak\u017ce wo\u0142anie o wstrzemi\u0119\u017aliwo\u015b\u0107 od nadmiernego korzystania z komputera czy telefonu kom\u00f3rkowego. Wielki Post ma nam otworzy\u0107 oczy na Chrystusa i warto\u015b\u0107 naszego zbawienia. Odkrycie to pozwoli nam porzuci\u0107 jedynie postaw\u0119 wsp\u00f3\u0142czucia wobec cierpi\u0105cego Jezusa i poprowadzi nas do konfesjona\u0142u, by do\u015bwiadczy\u0107 przebaczaj\u0105cej mi\u0142o\u015bci Boga.\u00a0 \u00a0 \u00a0 \u00a0 \u00a0 \u00a0 \u00a0 \u00a0 \u00a0 \u00a0 \u00a0 \u00a0 \u00a0 \u00a0 \u00a0 \u00a0 \u00a0 \u00a0 \u00a0 \u00a0 \u00a0 \u00a0 \u00a0 \u00a0 \u00a0 \u00a0 \u00a0 \u00a0 \u00a0 \u00a0 \u00a0 \u00a0 \u00a0 \u00a0 \u00a0 \u00a0 \u00a0 \u00a0 \u00a0 \u00a0 \u00a0 \u00a0 \u00a0 \u00a0 \u00a0 \u00a0 \u00a0 \u00a0 \u00a0 \u00a0 \u00a0 \u00a0 \u00a0 \u00a0 \u00a0 \u00a0 \u00a0 \u00a0 \u00a0 \u00a0 \u00a0 \u00a0 \u00a0 \u00a0 \u00a0 \u00a0 \u00a0 \u00a0 \u00a0<\/em><strong><em>Odnowienie Przymierza z Bogiem<\/em><\/strong><em>\u00a0 \u00a0 \u00a0 \u00a0 \u00a0 \u00a0 \u00a0 \u00a0 \u00a0 \u00a0 \u00a0 \u00a0 \u00a0 \u00a0 \u00a0 \u00a0 \u00a0 \u00a0 \u00a0 \u00a0 \u00a0 \u00a0 \u00a0 \u00a0 \u00a0 \u00a0 \u00a0 \u00a0 \u00a0 \u00a0 \u00a0 \u00a0 \u00a0 \u00a0 \u00a0 \u00a0 \u00a0 \u00a0 \u00a0 \u00a0 \u00a0 \u00a0 \u00a0 \u00a0 \u00a0 \u00a0 \u00a0 \u00a0 \u00a0 \u00a0 \u00a0 \u00a0 \u00a0 \u00a0 \u00a0 \u00a0<\/em><\/p>\n<p><em>Wielkopostna spowied\u017a przygotuje nas do odnowienia przymierza chrzcielnego, do czego prowadzi Wielki Post. Ju\u017c teraz zaplanujmy tak nasze obowi\u0105zki, by m\u00f3c uczestniczy\u0107 w liturgii Triduum Paschalnego, kt\u00f3re rozpocznie si\u0119 Msz\u0105 Wieczerzy Pa\u0144skiej w Wielki Czwartek, a zako\u0144czy w Niedziel\u0119 Zmartwychwstania. Przejd\u017amy razem z Jezusem drog\u0119 Jego Paschy od Wieczernika, przez Ogr\u00f3jec, m\u0119k\u0119, \u015bmier\u0107, z\u0142o\u017cenie do grobu, a\u017c do wskrzeszenia z martwych. B\u0105d\u017amy z Nim, gdy p\u0142aci Ojcu cen\u0119 za nasze zbawienie. Szczeg\u00f3lnie zapraszam na liturgi\u0119 Wigilii Paschalnej, kt\u00f3r\u0105 celebrujemy w parafiach po zapadni\u0119ciu zmierzchu w Wielk\u0105 Sobot\u0119, ale celebracja ta rozpoczyna ju\u017c liturgicznie obch\u00f3d Wielkiej Nocy, Uroczysto\u015b\u0107 Zmartwychwstania Pa\u0144skiego. Przez t\u0119 nocn\u0105, wigilijn\u0105 liturgi\u0119 i jej znaki chcemy odczyta\u0107, \u017ce Chrystus Zmartwychwsta\u0142y jest \u015bwiat\u0142o\u015bci\u0105 \u015bwiata, kt\u00f3ra wyprowadza nas z ciemno\u015bci grzechu i \u015bmierci i czyni nas \u015bwiat\u0142em dla \u015bwiata. Przyjd\u017amy na t\u0119 wyj\u0105tkow\u0105 celebracj\u0119 ze \u015bwiecami, kt\u00f3re zapalimy od po\u015bwi\u0119conego p\u0142omienia pascha\u0142u.\u00a0 \u00a0 \u00a0 \u00a0 \u00a0 \u00a0 \u00a0 \u00a0 \u00a0 \u00a0 \u00a0 \u00a0 \u00a0 \u00a0 \u00a0 \u00a0 \u00a0 \u00a0 \u00a0 \u00a0 \u00a0 \u00a0 \u00a0 \u00a0 \u00a0 \u00a0 \u00a0 \u00a0 \u00a0 \u00a0 \u00a0 \u00a0 \u00a0 \u00a0 \u00a0 \u00a0 \u00a0 \u00a0 \u00a0 \u00a0 \u00a0 \u00a0 \u00a0 \u00a0 \u00a0 \u00a0 \u00a0 \u00a0 \u00a0 \u00a0 \u00a0 \u00a0 \u00a0 \u00a0 \u00a0 \u00a0 \u00a0 \u00a0 \u00a0 \u00a0 \u00a0 \u00a0 \u00a0 \u00a0 \u00a0 \u00a0 \u00a0 \u00a0 \u00a0 \u00a0 \u00a0 \u00a0 \u00a0 \u00a0 \u00a0 \u00a0 \u00a0 \u00a0 \u00a0<\/em><strong><em>Wierz\u0119 w Ko\u015bci\u00f3\u0142 Chrystusowy<\/em><\/strong><em>\u00a0 \u00a0 \u00a0 \u00a0 \u00a0 \u00a0 \u00a0 \u00a0 \u00a0 \u00a0 \u00a0 \u00a0 \u00a0 \u00a0 \u00a0 \u00a0 \u00a0 \u00a0 \u00a0 \u00a0 \u00a0 \u00a0 \u00a0 \u00a0 \u00a0 \u00a0 \u00a0 \u00a0 \u00a0 \u00a0 \u00a0 \u00a0 \u00a0 \u00a0 \u00a0 \u00a0 \u00a0 \u00a0 \u00a0 \u00a0 \u00a0 \u00a0 \u00a0 \u00a0 \u00a0 \u00a0 \u00a0 \u00a0 \u00a0 \u00a0 \u00a0 \u00a0 \u00a0 \u00a0 \u00a0 \u00a0 \u00a0 \u00a0 \u00a0 \u00a0 \u00a0 \u00a0 \u00a0 \u00a0 \u00a0<\/em><\/p>\n<p><em>Nawr\u00f3cenie dokonuje si\u0119 we wsp\u00f3lnocie Ko\u015bcio\u0142a, w kt\u00f3rej B\u00f3g nas uzdrawia i umacnia. To Ko\u015bci\u00f3\u0142 daje nam Bo\u017ce s\u0142owo i sakramenty, gdzie B\u00f3g dotyka naszych ran, by je leczy\u0107 i wlewa\u0107 nadziej\u0119 w nasze serca. Poddaj\u0105c si\u0119 dzia\u0142aniu Boga w tych znakach odkrywamy znaczenie wsp\u00f3lnoty Ko\u015bcio\u0142a. Jest On \u015bwi\u0119ty \u015bwi\u0119to\u015bci\u0105 Chrystusa i os\u0142abiany nasz\u0105 grzeszno\u015bci\u0105. Im bli\u017cej b\u0119dziemy Chrystusa, tym bardziej do\u015bwiadcza\u0107 b\u0119dziemy \u015bwi\u0119to\u015bci. Odnawiaj\u0105c zobowi\u0105zania chrzcielne w noc zmartwychwstania, wspomnimy moment w\u0142\u0105czenia w Ko\u015bci\u00f3\u0142 oraz powo\u0142ania do \u015bwi\u0119to\u015bci i dzielenia si\u0119 wiar\u0105.\u00a0 \u00a0 \u00a0 \u00a0 \u00a0 \u00a0 \u00a0 \u00a0 \u00a0 \u00a0 \u00a0 \u00a0 \u00a0 \u00a0 \u00a0 \u00a0 \u00a0 \u00a0 \u00a0 \u00a0 \u00a0 \u00a0 \u00a0 \u00a0 \u00a0 \u00a0 \u00a0 \u00a0 \u00a0 \u00a0 \u00a0 \u00a0 \u00a0 \u00a0 \u00a0 \u00a0 \u00a0 \u00a0 \u00a0 \u00a0 \u00a0 \u00a0 \u00a0 \u00a0 \u00a0 \u00a0 \u00a0 \u00a0 \u00a0 \u00a0 \u00a0 \u00a0 \u00a0 \u00a0 \u00a0 \u00a0 \u00a0 \u00a0 \u00a0 \u00a0 \u00a0 \u00a0 \u00a0 \u00a0 \u00a0 \u00a0 \u00a0 \u00a0 \u00a0 \u00a0 \u00a0 \u00a0 \u00a0 \u00a0 \u00a0 \u00a0<\/em><strong><em>Id\u017acie i g\u0142o\u015bcie, ale razem!<\/em><\/strong><em>\u00a0\u00a0\u00a0\u00a0\u00a0\u00a0\u00a0\u00a0\u00a0\u00a0\u00a0\u00a0\u00a0\u00a0\u00a0\u00a0\u00a0\u00a0\u00a0\u00a0\u00a0\u00a0\u00a0\u00a0\u00a0\u00a0\u00a0\u00a0\u00a0\u00a0\u00a0\u00a0\u00a0\u00a0\u00a0\u00a0\u00a0\u00a0\u00a0\u00a0\u00a0\u00a0\u00a0\u00a0\u00a0\u00a0\u00a0\u00a0\u00a0\u00a0\u00a0\u00a0\u00a0\u00a0\u00a0\u00a0\u00a0\u00a0\u00a0\u00a0\u00a0\u00a0\u00a0\u00a0\u00a0\u00a0\u00a0\u00a0\u00a0\u00a0\u00a0\u00a0\u00a0\u00a0 \u00a0\u00a0\u00a0\u00a0\u00a0\u00a0\u00a0\u00a0\u00a0\u00a0\u00a0\u00a0\u00a0\u00a0\u00a0\u00a0\u00a0\u00a0\u00a0\u00a0\u00a0\u00a0\u00a0\u00a0\u00a0\u00a0\u00a0\u00a0\u00a0\u00a0\u00a0\u00a0\u00a0\u00a0\u00a0\u00a0\u00a0\u00a0\u00a0\u00a0\u00a0\u00a0\u00a0\u00a0\u00a0\u00a0\u00a0\u00a0\u00a0\u00a0\u00a0\u00a0\u00a0\u00a0\u00a0\u00a0\u00a0\u00a0\u00a0\u00a0\u00a0\u00a0<\/em><\/p>\n<p><em>W Adwencie spotka\u0142em si\u0119 z kap\u0142anami naszej diecezji i podzieli\u0142em si\u0119 moj\u0105 trosk\u0105 o przysz\u0142o\u015b\u0107 Ko\u015bcio\u0142a, kt\u00f3ry tworzymy na mazowieckiej ziemi od prawie 950 lat. Nawi\u0105za\u0142em do ewangelicznej sceny uzdrowienia paralityka, kt\u00f3rego przynie\u015bli czterej m\u0119\u017cczy\u017ani i przez otw\u00f3r w dachu spu\u015bcili do st\u00f3p Jezusa (Mk 2, 1-8). Zwr\u00f3ci\u0142em uwag\u0119 na tych czterech \u201etragarzy\u201d, kt\u00f3rzy przynie\u015bli chorego do Jezusa, ten za\u015b widz\u0105c ich wiar\u0119, uzdrowi\u0142 paralityka. Zauwa\u017cy\u0142em, \u017ce pilnie potrzeba nam \u201etragarzy\u201d, kt\u00f3rzy b\u0119d\u0105 wraz z nami, kap\u0142anami, przynosi\u0107 ludzi do st\u00f3p Jezusa. Ko\u015bci\u00f3\u0142 przez papie\u017ca Franciszka zach\u0119ca, by\u015bmy dali mo\u017cliwo\u015b\u0107 wiernym \u015bwieckim podj\u0105\u0107 pos\u0142ug\u0119 katechisty, lektora, akolity i sta\u0142ego diakona. Bardzo prosz\u0119, by\u015bcie w czasie Wielkiego Postu postawili sobie pytanie, czy Pan B\u00f3g nie zaprasza mnie do takiej misji? Wymaga to otwarcia si\u0119 na dzia\u0142anie Ducha \u015awi\u0119tego, duchowego rozeznania i odwagi w przyj\u0119ciu powo\u0142ania. Prosz\u0119, rozmawiajcie o tym z waszymi duszpasterzami. Niech to b\u0119dzie kolejny etap spotka\u0144 synodalnych. Ja ze swej strony obiecuj\u0119, \u017ce stworzymy w diecezji szko\u0142\u0119 dla os\u00f3b, kt\u00f3re po rozeznaniu b\u0119d\u0105 mog\u0142y podj\u0105\u0107 formacj\u0119, by w przysz\u0142o\u015bci sta\u0107 si\u0119 \u201etragarzami\u201d i wraz z kap\u0142anami przynosi\u0107 do st\u00f3p Jezusa ludzi, kt\u00f3rzy tego potrzebuj\u0105.\u00a0 \u00a0 \u00a0 \u00a0 \u00a0 \u00a0 \u00a0 \u00a0 \u00a0 \u00a0 \u00a0 \u00a0 \u00a0 \u00a0 \u00a0 \u00a0 \u00a0 \u00a0 \u00a0 \u00a0 \u00a0 \u00a0 \u00a0 \u00a0 \u00a0 \u00a0 \u00a0 \u00a0 \u00a0 \u00a0 \u00a0 \u00a0 \u00a0 \u00a0 \u00a0 \u00a0 \u00a0 \u00a0 \u00a0 \u00a0 \u00a0 \u00a0 \u00a0 \u00a0 \u00a0 \u00a0 \u00a0 \u00a0 \u00a0 \u00a0 \u00a0 \u00a0 \u00a0 \u00a0 \u00a0 \u00a0 \u00a0 \u00a0 \u00a0 \u00a0 \u00a0 \u00a0 \u00a0 \u00a0 \u00a0 \u00a0 \u00a0 \u00a0 \u00a0 \u00a0 \u00a0 \u00a0 \u00a0 \u00a0 \u00a0 \u00a0 \u00a0 \u00a0 \u00a0 \u00a0 \u00a0 \u00a0 \u00a0 \u00a0 \u00a0 \u00a0 \u00a0 \u00a0 \u00a0 \u00a0 \u00a0 <\/em><strong><em>Modlitwa o pok\u00f3j<\/em><\/strong><em>\u00a0 \u00a0 \u00a0 \u00a0 \u00a0 \u00a0 \u00a0 \u00a0 \u00a0 \u00a0 \u00a0 \u00a0 \u00a0 \u00a0 \u00a0 \u00a0 \u00a0 \u00a0 \u00a0 \u00a0 \u00a0 \u00a0 \u00a0 \u00a0 \u00a0 \u00a0 \u00a0 \u00a0 \u00a0 \u00a0 \u00a0 \u00a0 \u00a0 \u00a0 \u00a0 \u00a0 \u00a0 \u00a0 \u00a0 \u00a0 \u00a0 \u00a0 \u00a0 \u00a0 \u00a0 \u00a0 \u00a0 \u00a0 \u00a0 \u00a0 \u00a0 \u00a0 \u00a0 \u00a0 \u00a0 \u00a0 \u00a0 \u00a0 \u00a0 \u00a0 \u00a0 \u00a0 \u00a0 \u00a0 \u00a0 \u00a0 \u00a0 \u00a0 \u00a0 \u00a0 \u00a0 \u00a0 \u00a0 \u00a0 \u00a0 \u00a0 \u00a0<\/em><\/p>\n<p><em>Mamy \u015bwiadomo\u015b\u0107, \u017ce Wielki Post prze\u017cywamy razem z naszymi go\u015b\u0107mi, kt\u00f3rzy uciekaj\u0105c przed okrucie\u0144stwem wojny w Ukrainie trafili do Polski. Dzi\u0119kuj\u0119 raz jeszcze wszystkim tym, kt\u00f3rzy wspieraj\u0105 cierpi\u0105cych i walcz\u0105cych w Ukrainie w spos\u00f3b duchowy i materialny. Wyra\u017cam moj\u0105 wdzi\u0119czno\u015b\u0107 Caritas Diecezji P\u0142ockiej, wszystkim zespo\u0142om charytatywnym i wolontariuszom w parafiach za zaanga\u017cowanie w pomoc i koordynowanie dzia\u0142a\u0144 na rzecz pokrzywdzonych przez wojn\u0119. Dzi\u0119kuj\u0119 w\u0142adzom rz\u0105dowym i samorz\u0105dowym, wszystkim organizacjom, a tak\u017ce indywidualnym osobom, kt\u00f3re spiesz\u0105 z pomoc\u0105. Bardzo prosz\u0119 o modlitw\u0119 w intencji sprawiedliwego pokoju w Ukrainie, niech\u00a0 b\u0119dzie ona zanoszona do Boga podczas ka\u017cdej Mszy \u015awi\u0119tej.\u00a0\u00a0\u00a0\u00a0\u00a0\u00a0\u00a0\u00a0\u00a0\u00a0\u00a0\u00a0\u00a0\u00a0\u00a0\u00a0\u00a0\u00a0\u00a0\u00a0\u00a0\u00a0\u00a0\u00a0\u00a0\u00a0\u00a0\u00a0\u00a0\u00a0\u00a0\u00a0\u00a0\u00a0\u00a0\u00a0\u00a0\u00a0\u00a0\u00a0\u00a0\u00a0\u00a0\u00a0\u00a0\u00a0\u00a0\u00a0\u00a0\u00a0\u00a0\u00a0\u00a0\u00a0\u00a0\u00a0\u00a0\u00a0\u00a0\u00a0\u00a0\u00a0\u00a0\u00a0\u00a0\u00a0\u00a0\u00a0\u00a0\u00a0\u00a0\u00a0\u00a0\u00a0\u00a0\u00a0\u00a0\u00a0\u00a0\u00a0\u00a0\u00a0\u00a0\u00a0\u00a0\u00a0\u00a0\u00a0\u00a0\u00a0\u00a0\u00a0\u00a0\u00a0\u00a0\u00a0\u00a0\u00a0\u00a0\u00a0\u00a0\u00a0\u00a0\u00a0\u00a0\u00a0\u00a0\u00a0\u00a0\u00a0\u00a0\u00a0\u00a0\u00a0\u00a0\u00a0\u00a0\u00a0\u00a0\u00a0\u00a0\u00a0\u00a0\u00a0\u00a0\u00a0\u00a0\u00a0\u00a0\u00a0\u00a0\u00a0\u00a0\u00a0\u00a0\u00a0\u00a0\u00a0\u00a0\u00a0\u00a0\u00a0\u00a0\u00a0\u00a0\u00a0\u00a0\u00a0\u00a0\u00a0\u00a0\u00a0\u00a0\u00a0\u00a0\u00a0\u00a0\u00a0\u00a0\u00a0\u00a0\u00a0\u00a0\u00a0 \u00a0<\/em><\/p>\n<p><em>Na trud i przygod\u0119 rozdzierania naszych serc, przygotowania do odnowienia przymierza chrzcielnego, pog\u0142\u0119biania wiary w Ko\u015bci\u00f3\u0142 i rozeznawania powo\u0142ania do aktywniejszej s\u0142u\u017cby we wsp\u00f3lnocie, niech nas umacnia Bo\u017ce b\u0142ogos\u0142awie\u0144stwo:\u00a0\u00a0\u00a0\u00a0\u00a0\u00a0\u00a0\u00a0\u00a0\u00a0\u00a0\u00a0\u00a0\u00a0\u00a0\u00a0\u00a0\u00a0\u00a0\u00a0\u00a0\u00a0\u00a0\u00a0\u00a0\u00a0\u00a0\u00a0\u00a0\u00a0\u00a0\u00a0\u00a0\u00a0\u00a0\u00a0\u00a0\u00a0\u00a0\u00a0\u00a0\u00a0\u00a0 \u00a0\u00a0\u00a0\u00a0\u00a0\u00a0\u00a0\u00a0\u00a0\u00a0\u00a0\u00a0\u00a0\u00a0\u00a0\u00a0\u00a0\u00a0\u00a0\u00a0\u00a0\u00a0\u00a0\u00a0\u00a0\u00a0\u00a0\u00a0\u00a0\u00a0\u00a0\u00a0\u00a0\u00a0\u00a0\u00a0\u00a0\u00a0\u00a0\u00a0\u00a0\u00a0\u00a0\u00a0\u00a0\u00a0\u00a0\u00a0\u00a0\u00a0\u00a0\u00a0\u00a0\u00a0\u00a0\u00a0\u00a0\u00a0\u00a0\u00a0\u00a0\u00a0\u00a0\u00a0\u00a0\u00a0\u00a0\u00a0\u00a0\u00a0\u00a0\u00a0\u00a0\u00a0\u00a0\u00a0\u00a0\u00a0\u00a0\u00a0<\/em><\/p>\n<p><em>+ Ojca i + Syna i + Ducha \u015awi\u0119tego!\u00a0\u00a0\u00a0\u00a0\u00a0\u00a0\u00a0\u00a0\u00a0\u00a0\u00a0\u00a0\u00a0\u00a0\u00a0\u00a0\u00a0\u00a0\u00a0\u00a0\u00a0\u00a0\u00a0\u00a0\u00a0\u00a0\u00a0\u00a0\u00a0\u00a0\u00a0\u00a0\u00a0\u00a0\u00a0\u00a0\u00a0\u00a0\u00a0\u00a0\u00a0\u00a0\u00a0\u00a0\u00a0\u00a0\u00a0\u00a0\u00a0\u00a0\u00a0\u00a0\u00a0\u00a0\u00a0\u00a0\u00a0\u00a0\u00a0\u00a0\u00a0\u00a0\u00a0\u00a0\u00a0\u00a0\u00a0\u00a0\u00a0\u00a0\u00a0\u00a0\u00a0\u00a0\u00a0\u00a0\u00a0\u00a0\u00a0\u00a0\u00a0\u00a0\u00a0\u00a0\u00a0\u00a0\u00a0\u00a0\u00a0\u00a0\u00a0\u00a0\u00a0\u00a0\u00a0\u00a0\u00a0\u00a0\u00a0\u00a0\u00a0 <\/em><\/p>\n<p><em>Amen!\u00a0\u00a0\u00a0\u00a0\u00a0\u00a0\u00a0\u00a0\u00a0\u00a0\u00a0\u00a0\u00a0\u00a0\u00a0\u00a0\u00a0\u00a0\u00a0\u00a0\u00a0\u00a0\u00a0\u00a0\u00a0\u00a0\u00a0\u00a0\u00a0\u00a0\u00a0 \u00a0\u00a0\u00a0\u00a0\u00a0\u00a0\u00a0\u00a0\u00a0\u00a0\u00a0\u00a0\u00a0\u00a0\u00a0\u00a0\u00a0\u00a0\u00a0\u00a0\u00a0\u00a0\u00a0\u00a0\u00a0\u00a0\u00a0\u00a0\u00a0\u00a0\u00a0\u00a0\u00a0\u00a0\u00a0\u00a0\u00a0\u00a0\u00a0\u00a0\u00a0\u00a0\u00a0\u00a0\u00a0\u00a0\u00a0\u00a0\u00a0\u00a0\u00a0\u00a0\u00a0\u00a0\u00a0\u00a0\u00a0\u00a0\u00a0\u00a0\u00a0\u00a0\u00a0\u00a0\u00a0\u00a0\u00a0\u00a0\u00a0\u00a0\u00a0\u00a0\u00a0\u00a0\u00a0\u00a0\u00a0\u00a0\u00a0\u00a0\u00a0\u00a0\u00a0\u00a0\u00a0\u00a0\u00a0\u00a0\u00a0\u00a0\u00a0\u00a0\u00a0\u00a0\u00a0\u00a0<\/em><\/p>\n<p><em>\u2020 Szymon Stu\u0142kowski, Biskup P\u0142ocki<\/em><\/p>\n<p><em>\u00a0<\/em><\/p>\n","protected":false},"excerpt":{"rendered":"<p>Drogie Siostry i Drodzy Bracia w jednej wierze w Chrystusa!\u00a0 \u00a0 \u00a0 \u00a0 \u00a0 \u00a0 \u00a0 \u00a0 \u00a0 \u00a0 \u00a0 \u00a0 \u00a0 \u00a0 \u00a0 \u00a0 \u00a0 \u00a0 \u00a0 \u00a0 \u00a0 \u00a0 \u00a0 \u00a0 \u00a0 \u00a0 \u00a0 \u00a0 \u00a0 \u00a0 \u00a0 \u00a0 \u00a0 \u00a0 \u00a0 \u00a0 \u00a0 \u00a0 \u00a0 \u00a0 \u00a0 \u00a0 \u00a0 \u00a0 \u00a0 \u00a0 &hellip; <\/p>\n<p><a class=\"more-link btn\" href=\"https:\/\/parafiasmardzewo.pl\/?p=8528\">Kontynuuj czytanie<\/a><\/p>\n","protected":false},"author":2,"featured_media":8408,"comment_status":"open","ping_status":"open","sticky":false,"template":"","format":"standard","meta":[],"categories":[6],"tags":[],"_links":{"self":[{"href":"https:\/\/parafiasmardzewo.pl\/index.php?rest_route=\/wp\/v2\/posts\/8528"}],"collection":[{"href":"https:\/\/parafiasmardzewo.pl\/index.php?rest_route=\/wp\/v2\/posts"}],"about":[{"href":"https:\/\/parafiasmardzewo.pl\/index.php?rest_route=\/wp\/v2\/types\/post"}],"author":[{"embeddable":true,"href":"https:\/\/parafiasmardzewo.pl\/index.php?rest_route=\/wp\/v2\/users\/2"}],"replies":[{"embeddable":true,"href":"https:\/\/parafiasmardzewo.pl\/index.php?rest_route=%2Fwp%2Fv2%2Fcomments&post=8528"}],"version-history":[{"count":5,"href":"https:\/\/parafiasmardzewo.pl\/index.php?rest_route=\/wp\/v2\/posts\/8528\/revisions"}],"predecessor-version":[{"id":8536,"href":"https:\/\/parafiasmardzewo.pl\/index.php?rest_route=\/wp\/v2\/posts\/8528\/revisions\/8536"}],"wp:featuredmedia":[{"embeddable":true,"href":"https:\/\/parafiasmardzewo.pl\/index.php?rest_route=\/wp\/v2\/media\/8408"}],"wp:attachment":[{"href":"https:\/\/parafiasmardzewo.pl\/index.php?rest_route=%2Fwp%2Fv2%2Fmedia&parent=8528"}],"wp:term":[{"taxonomy":"category","embeddable":true,"href":"https:\/\/parafiasmardzewo.pl\/index.php?rest_route=%2Fwp%2Fv2%2Fcategories&post=8528"},{"taxonomy":"post_tag","embeddable":true,"href":"https:\/\/parafiasmardzewo.pl\/index.php?rest_route=%2Fwp%2Fv2%2Ftags&post=8528"}],"curies":[{"name":"wp","href":"https:\/\/api.w.org\/{rel}","templated":true}]}}