{"id":8537,"date":"2023-03-04T20:31:06","date_gmt":"2023-03-04T19:31:06","guid":{"rendered":"http:\/\/parafiasmardzewo.pl\/?p=8537"},"modified":"2023-03-04T20:37:30","modified_gmt":"2023-03-04T19:37:30","slug":"druga-niedziela-wielkiego-postu-5-marca-2023-roku","status":"publish","type":"post","link":"https:\/\/parafiasmardzewo.pl\/?p=8537","title":{"rendered":"DRUGA NIEDZIELA WIELKIEGO POSTU &#8211; 5 marca 2023 roku"},"content":{"rendered":"<p><strong>OG\u0141OSZENIA DUSZPASTERSKIE<\/strong><\/p>\n<ol>\n<li>Dzi\u015b druga niedziela Wielkiego Postu, czyli Niedziela Ad Gentes, kt\u00f3ra jest Dniem Modlitwy, Postu i Solidarno\u015bci z Misjonarzami. W wielu miejscach \u015bwiata ofiarn\u0105 prac\u0119 misyjn\u0105 podejmuj\u0105 misjonarze duchowni i \u015bwieccy. Nie tylko nios\u0105 \u015bwiat\u0142o Ewangelii, ale tak\u017ce codzienn\u0105 pomoc. M\u00f3dlmy si\u0119 dzisiaj za wszystkich pracuj\u0105cych na misjach, aby do\u015bwiadczali Bo\u017cej pomocy i wsparcia ze strony wsp\u00f3lnoty wierz\u0105cych.<\/li>\n<li>Dzisiaj, po Mszy \u015awi\u0119tej o godz. 9.00 b\u0119dzie spotkanie z dzie\u0107mi kl. III i IV.<\/li>\n<li>Zapraszam na nabo\u017ce\u0144stwo drogi krzy\u017cowej w pi\u0105tek o godz.16.30. B\u0119dziemy kroczy\u0107 \u015bladami Zbawiciela i wchodzi\u0107 w tajemnice Jego m\u0119ki i \u015bmierci. Nabo\u017ce\u0144stwo gorzkich \u017cali w niedziel\u0119 po Mszy \u015awi\u0119tej o godz. 10.45.<\/li>\n<li>W \u015brod\u0119, 8 marca, obchodzimy Dzie\u0144 Kobiet. Cho\u0107 to \u015bwiecka tradycja, pami\u0119tajmy w modlitwach o wszystkich niewiastach, zw\u0142aszcza o matkach wielodzietnych rodzin, o samotnych pannach i wdowach, o kobietach poni\u017canych i prze\u015bladowanych w wielu cz\u0119\u015bciach \u015bwiata. Polecajmy ich \u017cycie Panu Bogu i Maryi, kt\u00f3ra jest najpi\u0119kniejszym wzorem \u017cony i matki.<\/li>\n<li>Wychodz\u0105c z ko\u015bcio\u0142a mo\u017cna kupi\u0107 \u201ebaranka\u201d wielkanocnego w cenie 8 z\u0142otych. Ofiary ze sprzeda\u017cy przesy\u0142amy do Caritas Diecezji P\u0142ockiej, na pomoc potrzebuj\u0105cym.<\/li>\n<li>Przypominam, \u017ce od 22 -26 marca b\u0119dziemy prze\u017cywa\u0107 misje \u015bwi\u0119te w naszej parafii. M\u00f3dlmy si\u0119 o dobre owoce tych \u0107wicze\u0144 duchowych.<\/li>\n<li>Zach\u0119cam do nabycia prasy katolickiej.<\/li>\n<li>Wszystkim solenizantom i jubilatom tego tygodnia \u017cyczymy otwarto\u015bci na Bo\u017ce natchnienia i wzrastania w mi\u0142o\u015bci do Bogu i ludzi.<\/li>\n<\/ol>\n<p>&nbsp;<\/p>\n<p><em>\u00a0<\/em><\/p>\n<p>&nbsp;<\/p>\n","protected":false},"excerpt":{"rendered":"<p>OG\u0141OSZENIA DUSZPASTERSKIE Dzi\u015b druga niedziela Wielkiego Postu, czyli Niedziela Ad Gentes, kt\u00f3ra jest Dniem Modlitwy, Postu i Solidarno\u015bci z Misjonarzami. W wielu miejscach \u015bwiata ofiarn\u0105 prac\u0119 misyjn\u0105 podejmuj\u0105 misjonarze duchowni i \u015bwieccy. Nie tylko nios\u0105 \u015bwiat\u0142o Ewangelii, ale tak\u017ce codzienn\u0105 pomoc. M\u00f3dlmy si\u0119 dzisiaj za wszystkich pracuj\u0105cych na misjach, aby do\u015bwiadczali Bo\u017cej pomocy i wsparcia &hellip; <\/p>\n<p><a class=\"more-link btn\" href=\"https:\/\/parafiasmardzewo.pl\/?p=8537\">Kontynuuj czytanie<\/a><\/p>\n","protected":false},"author":2,"featured_media":6302,"comment_status":"open","ping_status":"open","sticky":false,"template":"","format":"standard","meta":[],"categories":[2],"tags":[],"_links":{"self":[{"href":"https:\/\/parafiasmardzewo.pl\/index.php?rest_route=\/wp\/v2\/posts\/8537"}],"collection":[{"href":"https:\/\/parafiasmardzewo.pl\/index.php?rest_route=\/wp\/v2\/posts"}],"about":[{"href":"https:\/\/parafiasmardzewo.pl\/index.php?rest_route=\/wp\/v2\/types\/post"}],"author":[{"embeddable":true,"href":"https:\/\/parafiasmardzewo.pl\/index.php?rest_route=\/wp\/v2\/users\/2"}],"replies":[{"embeddable":true,"href":"https:\/\/parafiasmardzewo.pl\/index.php?rest_route=%2Fwp%2Fv2%2Fcomments&post=8537"}],"version-history":[{"count":5,"href":"https:\/\/parafiasmardzewo.pl\/index.php?rest_route=\/wp\/v2\/posts\/8537\/revisions"}],"predecessor-version":[{"id":8542,"href":"https:\/\/parafiasmardzewo.pl\/index.php?rest_route=\/wp\/v2\/posts\/8537\/revisions\/8542"}],"wp:featuredmedia":[{"embeddable":true,"href":"https:\/\/parafiasmardzewo.pl\/index.php?rest_route=\/wp\/v2\/media\/6302"}],"wp:attachment":[{"href":"https:\/\/parafiasmardzewo.pl\/index.php?rest_route=%2Fwp%2Fv2%2Fmedia&parent=8537"}],"wp:term":[{"taxonomy":"category","embeddable":true,"href":"https:\/\/parafiasmardzewo.pl\/index.php?rest_route=%2Fwp%2Fv2%2Fcategories&post=8537"},{"taxonomy":"post_tag","embeddable":true,"href":"https:\/\/parafiasmardzewo.pl\/index.php?rest_route=%2Fwp%2Fv2%2Ftags&post=8537"}],"curies":[{"name":"wp","href":"https:\/\/api.w.org\/{rel}","templated":true}]}}