{"id":8554,"date":"2023-03-18T21:57:33","date_gmt":"2023-03-18T20:57:33","guid":{"rendered":"http:\/\/parafiasmardzewo.pl\/?p=8554"},"modified":"2023-03-18T21:58:29","modified_gmt":"2023-03-18T20:58:29","slug":"czwarta-niedziela-wielkiego-postu-19-marca-2023-roku","status":"publish","type":"post","link":"https:\/\/parafiasmardzewo.pl\/?p=8554","title":{"rendered":"CZWARTA NIEDZIELA WIELKIEGO POSTU &#8211; 19 marca 2023 roku"},"content":{"rendered":"<p><strong>OG\u0141OSZENIA DUSZPASTERSKIE<\/strong><\/p>\n<ol>\n<li>Dzi\u015b czwarta niedziela Wielkiego Postu, nazywana niedziel\u0105 \u201eLaetare\u201d, czyli wielkopostn\u0105 niedziel\u0105 rado\u015bci. Jej nazwa wywodzi si\u0119 od pierwszych s\u0142\u00f3w antyfony na wej\u015bcie w j\u0119zyku \u0142aci\u0144skim: \u201eLaetare, Jerusalem (\u2026)\u201d, czyli: \u201eRaduj si\u0119, Jerozolimo (\u2026)\u201d. Zewn\u0119trznym wyrazem rado\u015bci jest r\u00f3\u017cowy kolor szat liturgicznych. To znak, \u017ce zbli\u017camy si\u0119 w\u00a0wielkopostnym przygotowaniu do \u015bwi\u0119towania misterium paschalnego Jezusa Chrystusa.<\/li>\n<li>Po Mszy \u015bwi\u0119tej o godz. 9.00 odb\u0119dzie si\u0119 spotkanie z dzie\u0107mi kl. III i IV.<\/li>\n<li>Jutro, 20 marca w liturgii Ko\u015bcio\u0142a b\u0119dziemy wspomina\u0107 \u015bw. J\u00f3zefa Oblubie\u0144ca Naj\u015bwi\u0119tszej Maryi Panny. Uroczysto\u015b\u0107 \u015bw. J\u00f3zefa przypada 19 marca ale, z racji na niedziel\u0119, jest przeniesiona na dzie\u0144 nast\u0119pny.<\/li>\n<li>W najbli\u017csz\u0105 \u015brod\u0119 rozpoczniemy misje \u015bwi\u0119te w naszej parafii, kt\u00f3rym przewodniczy\u0107 b\u0119dzie o. Miros\u0142aw Kopczewski, franciszkanin z Niepokalanowa. Zach\u0119cam do modlitwy w intencji o. misjonarza i ca\u0142ej wsp\u00f3lnoty parafialnej o dobre owoce tych \u0107wicze\u0144 duchowych. Program misji \u015bwi\u0119tych w wielu wioskach otrzyma\u0142y wszystkie rodziny. Ci, kt\u00f3rzy nie otrzymali programu misji mog\u0105 go zabra\u0107 w zakrystii.<\/li>\n<li>W sobot\u0119, 25 marca, w liturgii wspominamy Uroczysto\u015b\u0107 Zwiastowania Pa\u0144skiego.<\/li>\n<li>Na kwiaty do Grobu Pana Jezusa z\u0142o\u017cono ofiary z nast\u0119puj\u0105cych miejscowo\u015bci: K\u0119pa, Podsmardzewo, Koliszewo P\u00f3\u0142noc, Koliszewo Po\u0142udnie, Wierzb\u00f3wiec, \u0106wiklinek. Ofiarodawcom, a szczeg\u00f3lnie osobom, kt\u00f3re zbiera\u0142y ofiary sk\u0142adam serdeczne podzi\u0119kowanie.<\/li>\n<li>Ks. kanonik J\u00f3zef Kacperski prze\u017cywa dzisiaj dzie\u0144 swojego Patrona, \u015bw. J\u00f3zefa. W imieniu w\u0142asnym i wszystkich tu obecnych oraz ca\u0142ej wsp\u00f3lnoty parafialnej sk\u0142adam ks. J\u00f3zefowi najserdeczniejsze \u017cyczenia przede wszystkim zdrowia i wielu \u0142ask Bo\u017cych w \u017cyciu osobistym i w pracy duszpasterskiej. Przy tej okazji pragn\u0119 r\u00f3wnie\u017c podzi\u0119kowa\u0107 ks. kanonikowi za pomoc, szczeg\u00f3lnie w konfesjonale i przy o\u0142tarzu. Serdeczne B\u00f3g zap\u0142a\u0107. Sk\u0142adam r\u00f3wnie\u017c serdeczne \u017cyczenia wszystkim dzisiejszym solenizantom. Niech \u015bw. J\u00f3zef wyprasza Wam Bo\u017ce b\u0142ogos\u0142awie\u0144stwo na ka\u017cdy dzie\u0144.<\/li>\n<li>Zach\u0119cam do nabycia prasy katolickiej. Mo\u017cna jeszcze naby\u0107 baranki wielkanocne.<\/li>\n<\/ol>\n<p>&nbsp;<\/p>\n","protected":false},"excerpt":{"rendered":"<p>OG\u0141OSZENIA DUSZPASTERSKIE Dzi\u015b czwarta niedziela Wielkiego Postu, nazywana niedziel\u0105 \u201eLaetare\u201d, czyli wielkopostn\u0105 niedziel\u0105 rado\u015bci. Jej nazwa wywodzi si\u0119 od pierwszych s\u0142\u00f3w antyfony na wej\u015bcie w j\u0119zyku \u0142aci\u0144skim: \u201eLaetare, Jerusalem (\u2026)\u201d, czyli: \u201eRaduj si\u0119, Jerozolimo (\u2026)\u201d. Zewn\u0119trznym wyrazem rado\u015bci jest r\u00f3\u017cowy kolor szat liturgicznych. To znak, \u017ce zbli\u017camy si\u0119 w\u00a0wielkopostnym przygotowaniu do \u015bwi\u0119towania misterium paschalnego Jezusa &hellip; <\/p>\n<p><a class=\"more-link btn\" href=\"https:\/\/parafiasmardzewo.pl\/?p=8554\">Kontynuuj czytanie<\/a><\/p>\n","protected":false},"author":2,"featured_media":6302,"comment_status":"open","ping_status":"open","sticky":false,"template":"","format":"standard","meta":[],"categories":[2],"tags":[],"_links":{"self":[{"href":"https:\/\/parafiasmardzewo.pl\/index.php?rest_route=\/wp\/v2\/posts\/8554"}],"collection":[{"href":"https:\/\/parafiasmardzewo.pl\/index.php?rest_route=\/wp\/v2\/posts"}],"about":[{"href":"https:\/\/parafiasmardzewo.pl\/index.php?rest_route=\/wp\/v2\/types\/post"}],"author":[{"embeddable":true,"href":"https:\/\/parafiasmardzewo.pl\/index.php?rest_route=\/wp\/v2\/users\/2"}],"replies":[{"embeddable":true,"href":"https:\/\/parafiasmardzewo.pl\/index.php?rest_route=%2Fwp%2Fv2%2Fcomments&post=8554"}],"version-history":[{"count":2,"href":"https:\/\/parafiasmardzewo.pl\/index.php?rest_route=\/wp\/v2\/posts\/8554\/revisions"}],"predecessor-version":[{"id":8556,"href":"https:\/\/parafiasmardzewo.pl\/index.php?rest_route=\/wp\/v2\/posts\/8554\/revisions\/8556"}],"wp:featuredmedia":[{"embeddable":true,"href":"https:\/\/parafiasmardzewo.pl\/index.php?rest_route=\/wp\/v2\/media\/6302"}],"wp:attachment":[{"href":"https:\/\/parafiasmardzewo.pl\/index.php?rest_route=%2Fwp%2Fv2%2Fmedia&parent=8554"}],"wp:term":[{"taxonomy":"category","embeddable":true,"href":"https:\/\/parafiasmardzewo.pl\/index.php?rest_route=%2Fwp%2Fv2%2Fcategories&post=8554"},{"taxonomy":"post_tag","embeddable":true,"href":"https:\/\/parafiasmardzewo.pl\/index.php?rest_route=%2Fwp%2Fv2%2Ftags&post=8554"}],"curies":[{"name":"wp","href":"https:\/\/api.w.org\/{rel}","templated":true}]}}