{"id":8564,"date":"2023-03-25T19:10:34","date_gmt":"2023-03-25T18:10:34","guid":{"rendered":"http:\/\/parafiasmardzewo.pl\/?p=8564"},"modified":"2023-03-25T19:12:28","modified_gmt":"2023-03-25T18:12:28","slug":"piata-niedziela-wielkiego-postu-26-marca-2023-roku","status":"publish","type":"post","link":"https:\/\/parafiasmardzewo.pl\/?p=8564","title":{"rendered":"PI\u0104TA NIEDZIELA WIELKIEGO POSTU &#8211; 26 marca 2023 roku"},"content":{"rendered":"<p><strong>OG\u0141OSZENIA DUSZPASTERSKIE<\/strong><\/p>\n<ol>\n<li>Od dzisiejszej, pi\u0105tej niedzieli Wielkiego Postu zmienia si\u0119 charakter tego okresu liturgicznego. Ca\u0142y czas towarzyszy\u0142o nam wezwanie Ko\u015bcio\u0142a do nawr\u00f3cenia i pokuty, skorzystania z \u0142aski przebaczenia, kt\u00f3r\u0105 mi\u0142osierny B\u00f3g pragnie nas obdarzy\u0107. Teraz Wielki Post nabiera charakteru pasyjnego. Od dzi\u015b w ko\u015bciele zas\u0142aniamy wszystkie krzy\u017ce. Skupimy si\u0119 na rozwa\u017caniu m\u0119ki Pa\u0144skiej, st\u0105d jeszcze wi\u0119ksza zach\u0119ta do udzia\u0142u w nabo\u017ce\u0144stwach <strong>drogi krzy\u017cowej ( pi\u0105tek godz. 16.30<\/strong>) i <strong>gorzkich \u017cali (niedziela po sumie).<\/strong> Apel ten kieruj\u0119 zw\u0142aszcza do tych, kt\u00f3rzy jeszcze w tym roku nie uczestniczyli w tych pi\u0119knych pasyjnych nabo\u017ce\u0144stwach.<\/li>\n<li>W tym tygodniu przypada pierwsza sobota miesi\u0105ca.<\/li>\n<li>Przysz\u0142a niedziela, 2 kwietnia, b\u0119dzie ju\u017c Niedziel\u0105 Palmow\u0105, czyli M\u0119ki Pa\u0144skiej. Jej liturgia wprowadzi nas w ostatni etap czasu Wielkiego Postu, a nast\u0119puj\u0105ce po niej dni Wielkiego Tygodnia umo\u017cliwiaj\u0105 nam g\u0142\u0119bokie prze\u017cywanie tajemnicy m\u0119ki i zmartwychwstania Chrystusa Pana. Podczas ka\u017cdej Eucharystii pob\u0142ogos\u0142awimy palmy, kt\u00f3re b\u0119d\u0105 przypomina\u0142y palmy jerozolimskie, s\u0142ane pod stopy wje\u017cd\u017caj\u0105cego do \u015awi\u0119tego Miasta Chrystusa \u2013 Mesjasza. Przed sum\u0105 b\u0119dziemy uczestniczyli w procesji z palmami wok\u00f3\u0142 \u015bwi\u0105tyni. Na t\u0119 Msz\u0119 \u015awi\u0119t\u0105 zapraszam szczeg\u00f3lnie dzieci.<\/li>\n<li>Ko\u0144czymy dzi\u015b Misje \u015bwi\u0119te, kt\u00f3rym przewodniczy\u0142 o. Miros\u0142aw Kopczewski, franciszkanin z Niepokalanowa. Ojciec Miros\u0142aw wykonuje wiele prac duszpasterskich w Niepokalanowie oraz g\u0142osi rekolekcje i misje parafialne. Przez 19 lat Ojciec pracowa\u0142 jako misjonarz w Rosji i na terenie Bia\u0142orusi.\u00a0 Bardzo serdecznie dzi\u0119kuj\u0119 O. Miros\u0142awowi za pi\u0119kne nauki misyjne, za sprawowane Msze \u015awi\u0119te i nabo\u017ce\u0144stwa, kt\u00f3rym przewodniczy\u0142. Na zbli\u017caj\u0105ce si\u0119 \u015bwi\u0119ta wielkanocne\u00a0 \u017cycz\u0119 Ojcu wielu \u0142ask Bo\u017cych, w \u017cyciu osobistym i pracy misyjnej, od Zmartwychwsta\u0142ego Jezusa. Maryja \u2013 Matka kap\u0142an\u00f3w &#8211; nich wyprasza, u swego Syna \u2013 Jezusa, zdrowie i zapa\u0142 misyjny. Dzi\u0119kuj\u0119 spowiednikom, szczeg\u00f3lnie ks. kan. J\u00f3zefowi Kacperskiemu za pos\u0142ug\u0119 w konfesjonale, dzi\u0119kuj\u0119 s\u0142u\u017cbie liturgicznej, pracownikom ko\u015bcielnym P. organi\u015bcie i P. ko\u015bcielnemu, Paniom pos\u0142uguj\u0105cym na plebanii i wszystkim osobom, kt\u00f3re pomaga\u0142y w dobrym prze\u017cywaniu tych Misji \u015bwi\u0119tych.<\/li>\n<li>Panu Bogdanowi Szcze\u015bniewskiemu dzi\u0119kuj\u0119 bardzo serdecznie za odnowienie krzy\u017ca misyjnego i ustawienia go przed ko\u015bcio\u0142em, w miniony pi\u0105tek. Pa\u0144stwu Danucie i Henrykowi Kr\u00f3lom dzi\u0119kuj\u0119 za oczyszczenie krzew\u00f3w przy alejce od plebanii w kierunku ko\u015bcio\u0142a.<\/li>\n<li>Pragn\u0119 gor\u0105co podzi\u0119kowa\u0107 wszystkim, parafianom i go\u015bciom, za ofiary z\u0142o\u017cone na kwiaty do Grobu Pa\u0144skiego. S\u0142owa szczeg\u00f3lnej wdzi\u0119czno\u015bci kieruj\u0119 do os\u00f3b, kt\u00f3re zbiera\u0142y te ofiary.<\/li>\n<li>Zach\u0119cam do nabycia prasy katolickiej<\/li>\n<\/ol>\n<p>&nbsp;<\/p>\n","protected":false},"excerpt":{"rendered":"<p>OG\u0141OSZENIA DUSZPASTERSKIE Od dzisiejszej, pi\u0105tej niedzieli Wielkiego Postu zmienia si\u0119 charakter tego okresu liturgicznego. Ca\u0142y czas towarzyszy\u0142o nam wezwanie Ko\u015bcio\u0142a do nawr\u00f3cenia i pokuty, skorzystania z \u0142aski przebaczenia, kt\u00f3r\u0105 mi\u0142osierny B\u00f3g pragnie nas obdarzy\u0107. Teraz Wielki Post nabiera charakteru pasyjnego. Od dzi\u015b w ko\u015bciele zas\u0142aniamy wszystkie krzy\u017ce. Skupimy si\u0119 na rozwa\u017caniu m\u0119ki Pa\u0144skiej, st\u0105d jeszcze &hellip; <\/p>\n<p><a class=\"more-link btn\" href=\"https:\/\/parafiasmardzewo.pl\/?p=8564\">Kontynuuj czytanie<\/a><\/p>\n","protected":false},"author":2,"featured_media":6302,"comment_status":"open","ping_status":"open","sticky":false,"template":"","format":"standard","meta":[],"categories":[2],"tags":[],"_links":{"self":[{"href":"https:\/\/parafiasmardzewo.pl\/index.php?rest_route=\/wp\/v2\/posts\/8564"}],"collection":[{"href":"https:\/\/parafiasmardzewo.pl\/index.php?rest_route=\/wp\/v2\/posts"}],"about":[{"href":"https:\/\/parafiasmardzewo.pl\/index.php?rest_route=\/wp\/v2\/types\/post"}],"author":[{"embeddable":true,"href":"https:\/\/parafiasmardzewo.pl\/index.php?rest_route=\/wp\/v2\/users\/2"}],"replies":[{"embeddable":true,"href":"https:\/\/parafiasmardzewo.pl\/index.php?rest_route=%2Fwp%2Fv2%2Fcomments&post=8564"}],"version-history":[{"count":3,"href":"https:\/\/parafiasmardzewo.pl\/index.php?rest_route=\/wp\/v2\/posts\/8564\/revisions"}],"predecessor-version":[{"id":8567,"href":"https:\/\/parafiasmardzewo.pl\/index.php?rest_route=\/wp\/v2\/posts\/8564\/revisions\/8567"}],"wp:featuredmedia":[{"embeddable":true,"href":"https:\/\/parafiasmardzewo.pl\/index.php?rest_route=\/wp\/v2\/media\/6302"}],"wp:attachment":[{"href":"https:\/\/parafiasmardzewo.pl\/index.php?rest_route=%2Fwp%2Fv2%2Fmedia&parent=8564"}],"wp:term":[{"taxonomy":"category","embeddable":true,"href":"https:\/\/parafiasmardzewo.pl\/index.php?rest_route=%2Fwp%2Fv2%2Fcategories&post=8564"},{"taxonomy":"post_tag","embeddable":true,"href":"https:\/\/parafiasmardzewo.pl\/index.php?rest_route=%2Fwp%2Fv2%2Ftags&post=8564"}],"curies":[{"name":"wp","href":"https:\/\/api.w.org\/{rel}","templated":true}]}}