{"id":8593,"date":"2023-04-09T23:16:28","date_gmt":"2023-04-09T21:16:28","guid":{"rendered":"http:\/\/parafiasmardzewo.pl\/?p=8593"},"modified":"2023-04-09T23:19:59","modified_gmt":"2023-04-09T21:19:59","slug":"list-rektora-wyzszego-seminarium-duchownego-w-plocku-na-wielkanoc-20223-roku","status":"publish","type":"post","link":"https:\/\/parafiasmardzewo.pl\/?p=8593","title":{"rendered":"LIST REKTORA SEMINARIUM DUCHOWNEGO W P\u0141OCKU NA  WIELKANOC 2023 ROKU"},"content":{"rendered":"<p><strong>\u00a0 \u00a0 \u00a0 \u00a0 \u00a0 \u00a0 \u00a0 \u00a0 \u00a0 \u00a0 \u00a0 \u00a0 \u00a0 \u00a0 \u00a0 \u00a0 \u00a0 \u00a0 \u00a0 \u00a0 \u00a0 \u00a0 \u00a0 \u00a0 \u00a0 \u00a0 \u00a0 \u00a0 \u00a0 \u00a0 \u00a0 \u00a0 \u00a0 \u00a0 \u00a0 Bracia i Siostry!\u00a0 \u00a0 \u00a0 \u00a0 \u00a0 \u00a0 \u00a0 \u00a0 \u00a0 \u00a0 \u00a0 \u00a0 \u00a0 \u00a0 \u00a0 \u00a0 \u00a0 \u00a0 \u00a0 \u00a0 \u00a0 \u00a0 \u00a0 \u00a0 \u00a0 \u00a0 \u00a0 \u00a0 \u00a0 \u00a0 \u00a0 \u00a0 \u00a0 \u00a0 \u00a0 \u00a0 \u00a0 \u00a0 \u00a0 \u00a0 \u00a0 \u00a0 \u00a0 \u00a0 \u00a0 \u00a0 \u00a0 \u00a0 \u00a0 \u00a0 \u00a0 \u00a0 \u00a0 \u00a0 \u00a0 \u00a0 \u00a0 \u00a0 \u00a0 \u00a0 \u00a0 \u00a0 <\/strong>\u00a0Dzisiejsze s\u0142owo Bo\u017ce, u\u015bwiadamia nam, \u017ce pierwsze, dog\u0142\u0119bnie przemieniaj\u0105ce \u015bwiat, \u015bwiadectwo o Zmartwychwstaniu Jezusa Chrystusa, zawdzi\u0119czamy Dwunastu \u2013 Aposto\u0142om, specjalnie przez Niego wybranymi i przygotowanym do tego dzie\u0142a, oraz gronu wiernych kobiet, w\u015br\u00f3d kt\u00f3rych wyr\u00f3\u017cni\u0142a si\u0119 \u015bw. Maria Magdalena, nazywana ju\u017c w staro\u017cytno\u015bci Aposto\u0142k\u0105 Aposto\u0142\u00f3w. Byli z pozoru zwyk\u0142ymi lud\u017ami, wywodz\u0105cymi si\u0119 z nizin \u00f3wczesnego spo\u0142ecze\u0144stwa. <strong>\u201e[Nie by\u0142o w\u015br\u00f3d nich] \u2013 <\/strong>napisze wymownie \u015bw. Pawe\u0142<strong> \u2013\u00a0m\u0119drc\u00f3w wed\u0142ug oceny ludzkiej, [ani] mo\u017cnych, [ani] szlachetnie urodzonych.\u00a0B\u00f3g wybra\u0142 w\u0142a\u015bnie to, co g\u0142upie w\u00a0oczach \u015bwiata, aby zawstydzi\u0107 m\u0119drc\u00f3w, wybra\u0142 to, co niemocne, aby mocnych poni\u017cy\u0107;\u00a0i\u00a0to, co nie jest szlachetnie urodzone wed\u0142ug \u015bwiata i\u00a0wzgardzone,\u201d <\/strong>(1Kor 1, 26\u201328). Szybkie rozprzestrzenianie si\u0119 chrze\u015bcija\u0144stwa zosta\u0142o zapocz\u0105tkowane przez wydarzenie Zes\u0142ania Ducha \u015awi\u0119tego w\u00a0\u015bwi\u0119to zwane Pi\u0119\u0107dziesi\u0105tnic\u0105, zwi\u0105zane w\u00a0Ziemi \u015awi\u0119tej z\u00a0zako\u0144czeniem \u017cniw. To w\u0142a\u015bnie wtedy \u2013 jak s\u0142yszeli\u015bmy przed\u00a0chwil\u0105 \u2013 \u015bw. Piotr po\u00a0raz pierwszy publicznie wyst\u0105pi\u0142 jako g\u0142owa Ko\u015bcio\u0142a i\u00a0nawr\u00f3ci\u0142 trzy tysi\u0105ce ludzi, <strong>\u201ekt\u00f3rzy przyj\u0119li nauk\u0119 i\u00a0zostali ochrzczeni\u201d<\/strong> (Dz 2, 41). Istot\u0119 \u017cycia pierwszych wsp\u00f3lnot chrze\u015bcijan w\u00a0lapidarny spos\u00f3b uj\u0105\u0142 \u015bw. \u0141ukasz w\u00a0Dziejach Apostolskich: <strong>\u201eCi wszyscy, co uwierzyli, przebywali razem i\u00a0wszystko mieli wsp\u00f3lne. Sprzedawali maj\u0105tki dobra i\u00a0rozdawali je ka\u017cdemu wed\u0142ug potrzeby. Codziennie trwali jednomy\u015blnie w\u00a0\u015bwi\u0105tyni, a\u00a0\u0142ami\u0105c po\u00a0domach, przyjmowali posi\u0142ek z\u00a0rado\u015bci\u0105 i\u00a0prostot\u0105 serca. Wielbili Boga, a\u00a0ca\u0142y lud odnosi\u0142 si\u0119 do\u00a0nich \u017cyczliwie. Pan za\u015b przymna\u017ca\u0142 im codziennie tych, kt\u00f3rzy dost\u0119powali zbawienia<\/strong>\u201d (Dz 2, 44-47). Dynamizm Ko\u015bcio\u0142a czas\u00f3w apostolskich by\u0142 na\u00a0tyle wielki, \u017ce w\u00a0niespe\u0142na trzy wieki od\u00a0Zmartwychwstania Chrystusa, pot\u0119\u017cne imperium rzymskie \u2013\u00a0agresor i\u00a0okupant Izraela \u2013 musia\u0142o sko\u0144czy\u0107 z\u00a0prze\u015bladowaniem chrze\u015bcija\u0144stwa, a\u00a0p\u00f3\u017aniej przyj\u0105\u0107 je jako swoj\u0105 religi\u0119. Ten niezwyk\u0142y fenomen mia\u0142 swoje \u017ar\u00f3d\u0142o w\u00a0dos\u0142ownej realizacji Jezusowego wezwania<strong>: \u201eNie b\u00f3jcie si\u0119! Id\u017acie i\u00a0oznajmijcie moim braciom: niech udadz\u0105 si\u0119 do\u00a0Galilei, tam Mnie zobacz\u0105\u201d<\/strong> (Mt 28, 10). Siostry i\u00a0Bracia! Wezwanie Zmartwychwsta\u0142ego: <strong>\u201eB\u0119dziecie moimi \u015bwiadkami\u201d <\/strong>zosta\u0142o skierowane do\u00a0wszystkich uczni\u00f3w i\u00a0wyznawc\u00f3w. Jego \u015bwiadkami byli nie tylko Aposto\u0142owie, \u015bwi\u0119ci i\u00a0b\u0142ogos\u0142awieni, ale tak\u017ce bezimienni chrze\u015bcijanie, kt\u00f3rzy bez wzgl\u0119du na\u00a0systemy spo\u0142eczno-polityczne i\u00a0dora\u017ane korzy\u015bci, cz\u0119sto za\u00a0cen\u0119 \u017cycia, \u015bwiadczyli o\u00a0cudzie Zmartwychwstania. R\u00f3wnie\u017c Ko\u015bci\u00f3\u0142 w\u00a0Polsce mo\u017ce wskaza\u0107 na\u00a0wielk\u0105 rzesz\u0119 nieustraszonych \u015bwiadk\u00f3w, g\u0142osz\u0105cych Jezusa zmartwychwsta\u0142ego. Bez w\u0105tpienia nale\u017cy do\u00a0nich ks. Franciszek Blachnicki \u2013 tw\u00f3rca ruchu oazowego \u2013 otruty, jak si\u0119 niedawno dowiedzieli\u015bmy, przez agent\u00f3w PRL-owskiej S\u0142u\u017cby Bezpiecze\u0144stwa w\u00a0Niemczech w\u00a01987 roku. Jego wizja pracy duszpasterskiej wywar\u0142a i\u00a0wci\u0105\u017c wywiera ogromny wp\u0142yw na\u00a0wielu m\u0142odych ludzi. Urodzi\u0142 si\u0119 w\u00a01921 roku w\u00a0Rybniku na\u00a0\u015al\u0105sku. By\u0142 patriot\u0105, kt\u00f3ry tak jak wielu Polak\u00f3w, po\u00a0wybuchu II\u00a0wojny \u015bwiatowej, stan\u0105\u0142 w\u00a0obronie Ojczyzny. Prowadzi\u0142 dzia\u0142alno\u015b\u0107 konspiracyjn\u0105 w\u00a0Polskiej Organizacji Partyzanckiej, za\u00a0co w\u00a0marcu 1940 roku zosta\u0142 aresztowany i\u00a0zes\u0142any najpierw do\u00a0obozu koncentracyjnego w\u00a0O\u015bwi\u0119cimiu, potem do\u00a0wi\u0119zienia w\u00a0Zabrzu, a\u00a0nast\u0119pnie Katowicach. W\u00a0marcu 1942 roku, za\u00a0dzia\u0142alno\u015b\u0107 przeciw hitlerowskiej Rzeszy, wydano na\u00a0niego wyrok kary \u015bmierci przez \u015bci\u0119cie gilotyn\u0105. P\u00f3\u017aniej, kar\u0119 t\u0119 Niemcy zamienili na\u00a0dziesi\u0119cioletnie wi\u0119zienie. Przebywaj\u0105c w\u00a0celi ks. Blachnicki prze\u017cy\u0142 g\u0142\u0119bokie nawr\u00f3cenie, o\u00a0kt\u00f3rym tak wspomina\u0142: <strong>\u201eSta\u0142o si\u0119 to nagle, w\u00a0jednej sekundzie. Siedzia\u0142em po\u00a0cichu w\u00a0celi, czyta\u0142em ksi\u0105\u017ck\u0119 o\u00a0tre\u015bci religijnej, specjalnie nie interesowa\u0142a mnie, ale nagle przeczyta\u0142em jedno zdanie: \u201eCz\u0142owieku! Opr\u00f3cz cia\u0142a i\u00a0duszy istnieje duch! (\u2026) I\u00a0w\u00a0tym momencie wsta\u0142em i\u00a0zacz\u0105\u0142em chodzi\u0107 po\u00a0celi, i\u00a0powtarza\u0107 sobie ci\u0105gle w\u00a0ko\u0142o: \u00abWierz\u0119, wierz\u0119, wierz\u0119\u00bb\u201d.<\/strong>\u2013 83 Po\u00a0wojnie Franciszek wst\u0105pi\u0142 do\u00a0\u015bl\u0105skiego seminarium i\u00a0zosta\u0142 wy\u015bwi\u0119cony na\u00a0kap\u0142ana diecezji katowickiej. M\u0142ody ksi\u0105dz Franciszek bola\u0142 szczeg\u00f3lnie nad\u00a0rozpiciem polskiego spo\u0142ecze\u0144stwa. Dlatego stworzy\u0142 ruch pod\u00a0nazw\u0105 Krucjata Wstrzemi\u0119\u017aliwo\u015bci, w\u00a0kt\u00f3r\u0105 w\u0142\u0105czy\u0142o si\u0119 ponad sto tysi\u0119cy ludzi. I\u00a0w\u0142a\u015bnie za\u00a0to zosta\u0142 znowu zamkni\u0119ty w\u00a0wi\u0119zieniu, w\u00a0Katowicach. Siedzia\u0142 znowu w\u00a0tej samej celi, w\u00a0kt\u00f3rej oczekiwa\u0142 na\u00a0wykonanie wyroku \u015bmierci przez Niemc\u00f3w! Po\u00a0uwolnieniu ks. Blachnicki zas\u0142yn\u0105\u0142 jako opatrzno\u015bciowy duszpasterz dzieci i\u00a0m\u0142odzie\u017cy. W\u00a0duchu reform II\u00a0Soboru Watyka\u0144skiego, zw\u0142aszcza odnowionej liturgii, odda\u0142 si\u0119 ca\u0142kowicie pracy nad\u00a0kszta\u0142towaniem wiary i\u00a0ducha m\u0142odzie\u017cy poprzez ruch<strong> \u201e\u015awiat\u0142o \u017bycie\u201d. <\/strong>M\u00f3wi si\u0119 dzisiaj o\u00a0tym niewiele, ale tak naprawd\u0119 ks. Blachnicki rozpoczyna\u0142 kszta\u0142towanie zr\u0119b\u00f3w ruch oazowego od\u00a0pracy z\u00a0ministrantami. Twierdzi\u0142, \u017ce w\u0142a\u015bnie w\u00a0kole ministranckim m\u0142ody cz\u0142owiek zaspokaja nie tylko naturaln\u0105 potrzeb\u0119 przynale\u017cno\u015bci, ale te\u017c <strong>\u201eprzez wymian\u0119 z\u00a0innymi, nauczy si\u0119 s\u0142u\u017cby i\u00a0dialogu\u201d.<\/strong> Pisa\u0142, \u017ce ministrantura jest szko\u0142\u0105 ucz\u0105c\u0105 osobistego stosunku do\u00a0Boga oraz \u0142\u0105czno\u015bci z\u00a0Ko\u015bcio\u0142em; uczy s\u0142u\u017cby Bogu i\u00a0innym na\u00a0wz\u00f3r Chrystusa. W\u00a0swej ksi\u0105\u017cce Pedagogia ministrancka zach\u0119ca\u0142 rodzic\u00f3w, by cenili pos\u0142ug\u0119 swoich syn\u00f3w, a\u00a0za\u00a0Piusem XII\u00a0przekonywa\u0142, <strong>\u017ce \u201eje\u017celi kap\u0142ani z\u00a0czujn\u0105 troskliwo\u015bci\u0105 zach\u0119c\u0105 ich, aby z\u00a0uszanowaniem i\u00a0wytrwa\u0142o\u015bci\u0105 pe\u0142nili powierzon\u0105 s\u0142u\u017cb\u0119, to wyrosn\u0105 z\u00a0nich kandydaci do\u00a0kap\u0142a\u0144stwa\u201d. <\/strong>Ko\u015bci\u00f3\u0142 wielokrotnie si\u0119 przekona\u0142, \u017ce troska o\u00a0nowe powo\u0142ania do\u00a0s\u0142u\u017cby kap\u0142a\u0144skiej zaczyna si\u0119 od\u00a0pracy z\u00a0ministrantami, a\u00a0niedawne badania jednoznacznie pokaza\u0142y, \u017ce 80% kandydat\u00f3w wst\u0119puj\u0105cych do\u00a0seminarium pe\u0142ni\u0142o s\u0142u\u017cb\u0119 ministranck\u0105.\u00a0 Kiedy dzi\u015b patrzymy na\u00a0sprawowan\u0105 Eucharysti\u0119 w\u00a0naszych ko\u015bcio\u0142ach widzimy, \u017ce cz\u0119sto brakuje otaczaj\u0105cych o\u0142tarz ministrant\u00f3w. Z\u00a0pewno\u015bci\u0105 jest wiele czynnik\u00f3w t\u0142umacz\u0105cych kryzys tej pos\u0142ugi. Ale jako wsp\u00f3lnoty parafialne musimy dokona\u0107 rachunku sumienia: czy podejmujemy wystarczaj\u0105ce wysi\u0142ki, by zach\u0119ci\u0107 do\u00a0obecno\u015bci przy\u00a0o\u0142tarzu ch\u0142opc\u00f3w zaraz po\u00a0I\u00a0Komunii \u015bw.? Jest to zadanie nie tylko dla duszpasterzy, ale r\u00f3wnie\u017c dla rodzic\u00f3w. Drodzy Rodzice! Pos\u0142uga Waszych syn\u00f3w przy\u00a0o\u0142tarzu naprawd\u0119 jest bardzo potrzebna. O\u00a0jej wadze niech \u015bwiadczy fakt, \u017ce do\u00a0II\u00a0Soboru Watyka\u0144skiego przepisy nie pozwala\u0142y kap\u0142anowi przyst\u0105pi\u0107 do\u00a0o\u0142tarza bez ministranta. Pami\u0119tajcie! Wysi\u0142ki zmierzaj\u0105ce do\u00a0zach\u0119ty Waszych syn\u00f3w do\u00a0zaszczytnej s\u0142u\u017cby odgrywaj\u0105 kluczow\u0105 rol\u0119 w\u00a0\u017cyciu Ko\u015bcio\u0142a, gdy\u017c nie tylko mog\u0105 si\u0119 przyczyni\u0107 do\u00a0zrodzenia nowych powo\u0142a\u0144 kap\u0142a\u0144skich, ale w\u00a0konsekwencji wype\u0142niania misji Ko\u015bcio\u0142a: <strong>\u201eId\u017acie na\u00a0ca\u0142y \u015bwiat i\u00a0nauczajcie wszystkie narody\u201d <\/strong>(Mt 28, 19). Nie ustawajmy w\u00a0tej trosce! Siostry i\u00a0Bracia! Rado\u015b\u0107 wielkanocnego poranka staje si\u0119 okazj\u0105 do\u00a0wyra\u017cenia wdzi\u0119czno\u015bci Bogu i\u00a0ludziom za\u00a0wiele dar\u00f3w, kt\u00f3rych do\u015bwiadcza p\u0142ocka wsp\u00f3lnota seminaryjna. Wierz\u0119, \u017ce to przede wszystkim Zmartwychwsta\u0142y \u017byj\u0105cy Pan troszczy si\u0119 o\u00a0przysz\u0142o\u015b\u0107 Ko\u015bcio\u0142a i\u00a0powo\u0142ania do\u00a0s\u0142u\u017cby kap\u0142a\u0144skiej. Jednak nie spos\u00f3b nie podzi\u0119kowa\u0107 Wam, Drogie Siostry i\u00a0Bracia, za\u00a0sta\u0142\u0105 trosk\u0119 o\u00a0nasze Seminarium. Ponad czterowiekowe istnienie Uczelni jest \u015bwiadectwem troski kap\u0142an\u00f3w \u2013\u00a0jego absolwent\u00f3w oraz wiary i\u00a0modlitwy mieszka\u0144c\u00f3w naszej Diecezji. To dzi\u0119ki Waszej ofiarno\u015bci mo\u017cemy powiedzie\u0107: Niczego nam nie brakuje! Niech zmartwychwsta\u0142y Pan obdarzy Was swoj\u0105 rado\u015bci\u0105, nadziej\u0105 na\u00a0\u017cycie wieczne i\u00a0wiar\u0105 w\u00a0Jego \u017cyw\u0105 obecno\u015b\u0107 w\u00a0Ko\u015bciele.<\/p>\n<p>P\u0142ock, dnia 10 kwietnia 2023 r.<\/p>\n<p>Ks. Marek Jarosz Rektor WSD w\u00a0P\u0142ocku.<\/p>\n<p>ZARZ\u0104DZENIE: List Rektora WSD, nale\u017cy odczyta\u0107 wiernym w\u00a0Poniedzia\u0142ek Wielkanocny, 10\u00a0kwietnia 2023 r., w\u00a0ramach kazania, podczas wszystkich Mszy \u015bw.<\/p>\n<p>P\u0142ock, dnia 5 kwietnia 2023 r.<\/p>\n<p>\u2020 Miros\u0142aw Milewski Wikariusz Generalny<\/p>\n","protected":false},"excerpt":{"rendered":"<p>\u00a0 \u00a0 \u00a0 \u00a0 \u00a0 \u00a0 \u00a0 \u00a0 \u00a0 \u00a0 \u00a0 \u00a0 \u00a0 \u00a0 \u00a0 \u00a0 \u00a0 \u00a0 \u00a0 \u00a0 \u00a0 \u00a0 \u00a0 \u00a0 \u00a0 \u00a0 \u00a0 \u00a0 \u00a0 \u00a0 \u00a0 \u00a0 \u00a0 \u00a0 \u00a0 Bracia i Siostry!\u00a0 \u00a0 \u00a0 \u00a0 \u00a0 \u00a0 \u00a0 \u00a0 \u00a0 \u00a0 \u00a0 \u00a0 \u00a0 \u00a0 \u00a0 \u00a0 \u00a0 \u00a0 &hellip; <\/p>\n<p><a class=\"more-link btn\" href=\"https:\/\/parafiasmardzewo.pl\/?p=8593\">Kontynuuj czytanie<\/a><\/p>\n","protected":false},"author":2,"featured_media":4976,"comment_status":"open","ping_status":"open","sticky":false,"template":"","format":"standard","meta":[],"categories":[6],"tags":[],"_links":{"self":[{"href":"https:\/\/parafiasmardzewo.pl\/index.php?rest_route=\/wp\/v2\/posts\/8593"}],"collection":[{"href":"https:\/\/parafiasmardzewo.pl\/index.php?rest_route=\/wp\/v2\/posts"}],"about":[{"href":"https:\/\/parafiasmardzewo.pl\/index.php?rest_route=\/wp\/v2\/types\/post"}],"author":[{"embeddable":true,"href":"https:\/\/parafiasmardzewo.pl\/index.php?rest_route=\/wp\/v2\/users\/2"}],"replies":[{"embeddable":true,"href":"https:\/\/parafiasmardzewo.pl\/index.php?rest_route=%2Fwp%2Fv2%2Fcomments&post=8593"}],"version-history":[{"count":3,"href":"https:\/\/parafiasmardzewo.pl\/index.php?rest_route=\/wp\/v2\/posts\/8593\/revisions"}],"predecessor-version":[{"id":8596,"href":"https:\/\/parafiasmardzewo.pl\/index.php?rest_route=\/wp\/v2\/posts\/8593\/revisions\/8596"}],"wp:featuredmedia":[{"embeddable":true,"href":"https:\/\/parafiasmardzewo.pl\/index.php?rest_route=\/wp\/v2\/media\/4976"}],"wp:attachment":[{"href":"https:\/\/parafiasmardzewo.pl\/index.php?rest_route=%2Fwp%2Fv2%2Fmedia&parent=8593"}],"wp:term":[{"taxonomy":"category","embeddable":true,"href":"https:\/\/parafiasmardzewo.pl\/index.php?rest_route=%2Fwp%2Fv2%2Fcategories&post=8593"},{"taxonomy":"post_tag","embeddable":true,"href":"https:\/\/parafiasmardzewo.pl\/index.php?rest_route=%2Fwp%2Fv2%2Ftags&post=8593"}],"curies":[{"name":"wp","href":"https:\/\/api.w.org\/{rel}","templated":true}]}}