{"id":8737,"date":"2023-04-15T21:57:12","date_gmt":"2023-04-15T19:57:12","guid":{"rendered":"http:\/\/parafiasmardzewo.pl\/?p=8737"},"modified":"2023-04-15T21:57:12","modified_gmt":"2023-04-15T19:57:12","slug":"druga-niedziela-wielkanocy-czyli-niedziela-milosierdzia","status":"publish","type":"post","link":"https:\/\/parafiasmardzewo.pl\/?p=8737","title":{"rendered":"DRUGA NIEDZIELA WIELKANOCY CZYLI NIEDZIELA MI\u0141OSIERDZIA"},"content":{"rendered":"<p><strong>OG\u0141OSZENIA DUSZPASTERSKIE<\/strong><\/p>\n<ol>\n<li>Dzi\u015b druga niedziela Wielkanocy, czyli Niedziela Mi\u0142osierdzia Bo\u017cego. Trwamy w rado\u015bci ze zmartwychwstania Chrystusa. To wydarzenie jest szczeg\u00f3lnym znakiem tego, \u017ce B\u00f3g zlitowa\u0142 si\u0119 nad grzesznymi lud\u017ami i ca\u0142emu \u015bwiatu okaza\u0142 swoje mi\u0142osierdzie.<\/li>\n<li>Po Eucharystii o godz. 9.00 zapraszam na spotkanie dzieci kl. III i IV, kt\u00f3rzy przygotowuj\u0105 si\u0119 do Pierwszej i Generalnej Komunii \u015awi\u0119tej. <strong>Za tydzie\u0144, po Mszy \u015awi\u0119tej o godz. 10.45 b\u0119dzie spotkanie z rodzicami, kt\u00f3rych dzieci przygotowuj\u0105 si\u0119 do Pierwszej i Generalnej Komunii \u015awi\u0119tej. <\/strong><\/li>\n<li>Dzi\u015b przypada patronalne \u015bwi\u0119to Caritas oraz rozpoczyna si\u0119 w Ko\u015bciele Tydzie\u0144 Mi\u0142osierdzia. To nie tylko dzie\u0144 modlitwy za wszystkich zaanga\u017cowanych w dzie\u0142a charytatywne, ale tak\u017ce okazja do budzenia wra\u017cliwo\u015bci na potrzeby innych i przychodzenia im z pomoc\u0105. Temu s\u0142u\u017c\u0105 parafialne zespo\u0142y charytatywne czy Szkolne Ko\u0142a Caritas. Ofiary sk\u0142adane dzisiaj na tac\u0119 s\u0105 przeznaczone na dzia\u0142alno\u015b\u0107 Caritas naszej diecezji.<\/li>\n<li>Bardzo serdecznie dzi\u0119kuj\u0119 P. Grzegorzowi Grabowskiemu za przygotowanie, po raz kolejny, Grobu Pa\u0144skiego, dzi\u0119kuj\u0119 r\u00f3wnie\u017c osobom, kt\u00f3re pomaga\u0142y przy poszczeg\u00f3lnych pracach w przygotowywaniu Grobu. S\u0105 to nast\u0119puj\u0105ce osoby: Henryk Kr\u00f3l, Mariusz Kr\u00f3l, Tomasz Geller, Bo\u017cena Chojnacka, Maria Przychodzka, m\u0142odzie\u017c: Dobrowolska Maja, Janus Maja, Sa\u0142kowska Weronika, Sosi\u0144ska Zuzanna i Szacherska Zuzanna. Pani Marzenie Kupniewskiej z Sochocina dzi\u0119kuj\u0119 za ustrojenie o\u0142tarzy kwiatami. Dzi\u0119kuj\u0119 r\u00f3wnie\u017c asy\u015bcie procesyjnej i dziewczynkom, kt\u00f3re sypa\u0142y kwiatkami oraz paniom, kt\u00f3re pomagaj\u0105 dzieciom w czasie procesji. S\u0142owa wdzi\u0119czno\u015bci kieruj\u0119 do ministrant\u00f3w i lektor\u00f3w (m\u0142odzie\u017cy m\u0119skiej i \u017ce\u0144skiej) oraz kantorki. Dzi\u0119kuj\u0119 stra\u017cakom z K\u0119py, Milewa, S\u0142oszewa Kolonii i Smardzewa oraz M\u0142odzie\u017cowej Dru\u017cynie Po\u017carniczej OSP Smardzewo, kt\u00f3rzy pe\u0142nili wart\u0119 przy Grobie Pa\u0144skim. Dzi\u0119kuj\u0119 r\u00f3wnie\u017c pracownikom ko\u015bcielnym (P. organista i ko\u015bcielny). Panu Piotrowi Dobrowolskiemu dzi\u0119kuj\u0119 za wykonanie tabliczki metalowej, kt\u00f3ra zosta\u0142a umieszczona na krzy\u017cu misyjnym.<\/li>\n<li>Na kwiaty do Grobu Pa\u0144skiego z\u0142o\u017cono ofiary w kwocie &#8211; 6200,00 (s\u0142ownie: sze\u015b\u0107 tysi\u0119cy dwie\u015bcie z\u0142otych). Serdecznie dzi\u0119kuj\u0119 wszystkim ofiarodawcom.<\/li>\n<li>Zach\u0119cam do nabycia prasy katolickiej.<\/li>\n<li>22 kwietnia br., Ochotnicza Stra\u017c Po\u017carna w Smardzewie organizuje akcj\u0119 sprz\u0105tanie \u015bwiata. Zbi\u00f3rka przy remizie OSP Smardzewo o godz. 14.00. (\u2026) Zapraszamy wszystkich ch\u0119tnych. Komunikat &#8211; OSP Smardzewo.<\/li>\n<li>Wszystkim solenizantom i jubilatom tego tygodnia \u017cyczymy wzrastania w wierze, do\u015bwiadczenia blisko\u015bci Zmartwychwsta\u0142ego Pana i Jego mocy w codziennym \u017cyciu.<\/li>\n<\/ol>\n","protected":false},"excerpt":{"rendered":"<p>OG\u0141OSZENIA DUSZPASTERSKIE Dzi\u015b druga niedziela Wielkanocy, czyli Niedziela Mi\u0142osierdzia Bo\u017cego. Trwamy w rado\u015bci ze zmartwychwstania Chrystusa. To wydarzenie jest szczeg\u00f3lnym znakiem tego, \u017ce B\u00f3g zlitowa\u0142 si\u0119 nad grzesznymi lud\u017ami i ca\u0142emu \u015bwiatu okaza\u0142 swoje mi\u0142osierdzie. Po Eucharystii o godz. 9.00 zapraszam na spotkanie dzieci kl. III i IV, kt\u00f3rzy przygotowuj\u0105 si\u0119 do Pierwszej i Generalnej &hellip; <\/p>\n<p><a class=\"more-link btn\" href=\"https:\/\/parafiasmardzewo.pl\/?p=8737\">Kontynuuj czytanie<\/a><\/p>\n","protected":false},"author":2,"featured_media":6301,"comment_status":"open","ping_status":"open","sticky":false,"template":"","format":"standard","meta":[],"categories":[2],"tags":[],"_links":{"self":[{"href":"https:\/\/parafiasmardzewo.pl\/index.php?rest_route=\/wp\/v2\/posts\/8737"}],"collection":[{"href":"https:\/\/parafiasmardzewo.pl\/index.php?rest_route=\/wp\/v2\/posts"}],"about":[{"href":"https:\/\/parafiasmardzewo.pl\/index.php?rest_route=\/wp\/v2\/types\/post"}],"author":[{"embeddable":true,"href":"https:\/\/parafiasmardzewo.pl\/index.php?rest_route=\/wp\/v2\/users\/2"}],"replies":[{"embeddable":true,"href":"https:\/\/parafiasmardzewo.pl\/index.php?rest_route=%2Fwp%2Fv2%2Fcomments&post=8737"}],"version-history":[{"count":1,"href":"https:\/\/parafiasmardzewo.pl\/index.php?rest_route=\/wp\/v2\/posts\/8737\/revisions"}],"predecessor-version":[{"id":8738,"href":"https:\/\/parafiasmardzewo.pl\/index.php?rest_route=\/wp\/v2\/posts\/8737\/revisions\/8738"}],"wp:featuredmedia":[{"embeddable":true,"href":"https:\/\/parafiasmardzewo.pl\/index.php?rest_route=\/wp\/v2\/media\/6301"}],"wp:attachment":[{"href":"https:\/\/parafiasmardzewo.pl\/index.php?rest_route=%2Fwp%2Fv2%2Fmedia&parent=8737"}],"wp:term":[{"taxonomy":"category","embeddable":true,"href":"https:\/\/parafiasmardzewo.pl\/index.php?rest_route=%2Fwp%2Fv2%2Fcategories&post=8737"},{"taxonomy":"post_tag","embeddable":true,"href":"https:\/\/parafiasmardzewo.pl\/index.php?rest_route=%2Fwp%2Fv2%2Ftags&post=8737"}],"curies":[{"name":"wp","href":"https:\/\/api.w.org\/{rel}","templated":true}]}}