{"id":8740,"date":"2023-04-22T21:41:58","date_gmt":"2023-04-22T19:41:58","guid":{"rendered":"http:\/\/parafiasmardzewo.pl\/?p=8740"},"modified":"2023-04-22T21:43:48","modified_gmt":"2023-04-22T19:43:48","slug":"trzecia-niedziela-wielkanocy-23-kwietnia-2023-roku","status":"publish","type":"post","link":"https:\/\/parafiasmardzewo.pl\/?p=8740","title":{"rendered":"TRZECIA NIEDZIELA WIELKANOCY &#8211; 23 kwietnia 2023 roku"},"content":{"rendered":"<p><strong>OG\u0141OSZENIA DUSZPASTERSKIE<\/strong><\/p>\n<ol>\n<li>Dzi\u015b trzecia niedziela Wielkanocy. Trwamy w rado\u015bci ze zmartwychwstania Chrystusa. Po Mszy \u015awi\u0119tej o godz. 10.45 b\u0119dzie spotkanie z rodzicami, kt\u00f3rych dzieci z kl. III i IV, przygotowuj\u0105 si\u0119 do Pierwszej i Generalnej Komunii \u015awi\u0119tej. 24 kwietnia (poniedzia\u0142ek) o 18.30 zapraszam dzieci (kl. III)\u00a0 na spotkanie. Dzieci kl. IV zapraszam 25 kwietnia (wtorek) na godz. 18.30. Pierwsza Komunia dzieci (kl. III) 14 maja br., o godz. 10.45. Odnowienie Przyrzecze\u0144 Chrztu \u015awi\u0119tego dzieci (kl. IV) 21 maja br.,\u00a0 o godz. 10.45. Odpust Zes\u0142ania Ducha \u015awi\u0119tego 28 maja.<\/li>\n<li>Dzi\u015b w ca\u0142ej Polsce obchodzona jest po raz kolejny Niedziela Biblijna, rozpoczynaj\u0105ca Tydzie\u0144 Biblijny. To zach\u0119ta do lektury i rozwa\u017cania tekst\u00f3w Pisma \u015awi\u0119tego. <strong>\u201eNieznajomo\u015b\u0107 Pisma \u015awi\u0119tego jest nieznajomo\u015bci\u0105 Chrystusa\u201d<\/strong> \u2013 m\u00f3wi\u0142 \u015awi\u0119ty Hieronim. Niech b\u0119dzie to czas szczeg\u00f3lnego zas\u0142uchania i rozwa\u017cania s\u0142owa Pana.<\/li>\n<li>Jutro, 24 kwietnia, przypada UROCZYSTO\u015aC \u015aW. WOJCIECHA, BISKUPA I M\u0118CZENNIKA, G\u0141\u00d3WNEGO PATRONA POLSKI.<\/li>\n<li>We wtorek, 25 kwietnia, przypada \u015aWI\u0118TO \u015aW. MARKA, EWANGELISTY.<\/li>\n<li>W sobot\u0119 oddajemy cze\u015b\u0107 \u015aW. KATARZYNIE SIENE\u0143SKIEJ, DZIEWICY I DOKTORA KO\u015aCO\u0141A, PATRONKI EUROPY.<\/li>\n<li>29 kwietnia (sobota), w rocznic\u0119 wyzwolenia niemieckiego obozu koncentracyjnego Dachau, obchodzimy ustanowiony przez Episkopat w 2002 r.\u00a0Dzie\u0144 M\u0119cze\u0144stwa Duchowie\u0144stwa Polskiego\u00a0w trakcie II wojny \u015bwiatowej.<\/li>\n<li>W najbli\u017csz\u0105 niedziel\u0119, 30 kwietnia, przypada czwarta niedziela Wielkanocy, nazywana popularnie Niedziel\u0105 Dobrego Pasterza. B\u0119dziemy obchodzi\u0107 j\u0105 po raz kolejny jako \u015awiatowy Dzie\u0144 Modlitw o Powo\u0142ania Kap\u0142a\u0144skie. W ten spos\u00f3b rozpoczniemy Tydzie\u0144 modlitw o\u00a0powo\u0142ania do s\u0142u\u017cby w Ko\u015bciele.<\/li>\n<li>3 czerwca (sobota) br., planujemy pielgrzymk\u0119 autokarem na Jasn\u0105 G\u00f3r\u0119. Jest to XI OG\u00d3LNOPOLSKA PIELGRZYMKA K\u00d3\u0141 R\u00d3\u017bA\u0143COWYCH NA JASN\u0104 G\u00d3R\u0118. Koszt wyjazdu 80,00 z\u0142 od osoby. S\u0105 jeszcze wolne miejsca.<\/li>\n<li>Pani Barbarze G\u00f3rskiej dzi\u0119kuj\u0119 za krzewy, kt\u00f3re ofiarowa\u0142a dla parafii i, wraz z bratem Markiem, posadzi\u0142a przy krzy\u017cu misyjnym przed ko\u015bcio\u0142em. Pa\u0144stwu Danucie i Henrykowi Kr\u00f3lom dzi\u0119kuj\u0119 za oczyszczenie krzew\u00f3w przy alejce od plebanii do ko\u015bcio\u0142a i w innych miejscach. Pani Bo\u017cenie Chojnackiej dzi\u0119kuj\u0119 za pomoc przy porz\u0105dkowaniu kwiat\u00f3w w ko\u015bciele. Panu Wies\u0142awowi Kowalskiemu dzi\u0119kuj\u0119 za uporz\u0105dkowanie terenu przy krzy\u017cu misyjnym.<\/li>\n<li>Zach\u0119cam do nabycia prasy katolickiej.<\/li>\n<li>Wszystkim solenizantom i jubilatom tego tygodnia \u017cyczymy nieustannego do\u015bwiadczania mocy Bo\u017cego s\u0142owa i wzrastania w pos\u0142usze\u0144stwie Jego zbawczej woli.<\/li>\n<\/ol>\n<p>&nbsp;<\/p>\n<p><strong>\u00a0<\/strong><\/p>\n<p>&nbsp;<\/p>\n<p>&nbsp;<\/p>\n<p>&nbsp;<\/p>\n<p>&nbsp;<\/p>\n<p>&nbsp;<\/p>\n<p>&nbsp;<\/p>\n<p>&nbsp;<\/p>\n<p>&nbsp;<\/p>\n","protected":false},"excerpt":{"rendered":"<p>OG\u0141OSZENIA DUSZPASTERSKIE Dzi\u015b trzecia niedziela Wielkanocy. Trwamy w rado\u015bci ze zmartwychwstania Chrystusa. Po Mszy \u015awi\u0119tej o godz. 10.45 b\u0119dzie spotkanie z rodzicami, kt\u00f3rych dzieci z kl. III i IV, przygotowuj\u0105 si\u0119 do Pierwszej i Generalnej Komunii \u015awi\u0119tej. 24 kwietnia (poniedzia\u0142ek) o 18.30 zapraszam dzieci (kl. III)\u00a0 na spotkanie. Dzieci kl. IV zapraszam 25 kwietnia (wtorek) &hellip; <\/p>\n<p><a class=\"more-link btn\" href=\"https:\/\/parafiasmardzewo.pl\/?p=8740\">Kontynuuj czytanie<\/a><\/p>\n","protected":false},"author":2,"featured_media":6301,"comment_status":"open","ping_status":"open","sticky":false,"template":"","format":"standard","meta":[],"categories":[2],"tags":[],"_links":{"self":[{"href":"https:\/\/parafiasmardzewo.pl\/index.php?rest_route=\/wp\/v2\/posts\/8740"}],"collection":[{"href":"https:\/\/parafiasmardzewo.pl\/index.php?rest_route=\/wp\/v2\/posts"}],"about":[{"href":"https:\/\/parafiasmardzewo.pl\/index.php?rest_route=\/wp\/v2\/types\/post"}],"author":[{"embeddable":true,"href":"https:\/\/parafiasmardzewo.pl\/index.php?rest_route=\/wp\/v2\/users\/2"}],"replies":[{"embeddable":true,"href":"https:\/\/parafiasmardzewo.pl\/index.php?rest_route=%2Fwp%2Fv2%2Fcomments&post=8740"}],"version-history":[{"count":3,"href":"https:\/\/parafiasmardzewo.pl\/index.php?rest_route=\/wp\/v2\/posts\/8740\/revisions"}],"predecessor-version":[{"id":8743,"href":"https:\/\/parafiasmardzewo.pl\/index.php?rest_route=\/wp\/v2\/posts\/8740\/revisions\/8743"}],"wp:featuredmedia":[{"embeddable":true,"href":"https:\/\/parafiasmardzewo.pl\/index.php?rest_route=\/wp\/v2\/media\/6301"}],"wp:attachment":[{"href":"https:\/\/parafiasmardzewo.pl\/index.php?rest_route=%2Fwp%2Fv2%2Fmedia&parent=8740"}],"wp:term":[{"taxonomy":"category","embeddable":true,"href":"https:\/\/parafiasmardzewo.pl\/index.php?rest_route=%2Fwp%2Fv2%2Fcategories&post=8740"},{"taxonomy":"post_tag","embeddable":true,"href":"https:\/\/parafiasmardzewo.pl\/index.php?rest_route=%2Fwp%2Fv2%2Ftags&post=8740"}],"curies":[{"name":"wp","href":"https:\/\/api.w.org\/{rel}","templated":true}]}}