{"id":8754,"date":"2023-04-29T16:28:31","date_gmt":"2023-04-29T14:28:31","guid":{"rendered":"http:\/\/parafiasmardzewo.pl\/?p=8754"},"modified":"2023-04-29T20:51:10","modified_gmt":"2023-04-29T18:51:10","slug":"czwarta-niedziela-wielkanocy-30-kwietnia-2023-roku","status":"publish","type":"post","link":"https:\/\/parafiasmardzewo.pl\/?p=8754","title":{"rendered":"CZWARTA NIEDZIELA WIELKANOCY &#8211;  30 kwietnia 2023 roku"},"content":{"rendered":"<p><strong>OG\u0141OSZENIA DUSZPASTERSKIE<\/strong><\/p>\n<ol>\n<li>Dzisiejsz\u0105, czwart\u0105 niedziel\u0119 Wielkanocy, prze\u017cywamy w Ko\u015bciele jako \u015awiatowy Dzie\u0144 Modlitw o Powo\u0142ania Kap\u0142a\u0144skie i Zakonne. Rozpoczynaj\u0105 si\u0119 te\u017c Kwartalne dni modlitw o powo\u0142ania do s\u0142u\u017cby w Ko\u015bciele. Musimy prosi\u0107 Jezusa Chrystusa \u2013 Dobrego Pasterza, aby nigdy nie zabrak\u0142o nowych pracownik\u00f3w w Bo\u017cej winnicy. Podczas tego tygodnia b\u0119dziemy szczeg\u00f3lnie prosi\u0107 o powo\u0142ania kap\u0142a\u0144skie i zakonne z naszej wsp\u00f3lnoty parafialnej.<\/li>\n<li>Po Mszy \u015awi\u0119tej o godz. 9.00 b\u0119dzie spotkanie z dzie\u0107mi kl. III i IV. 3 maja zapraszam dzieci kl. III na Msz\u0119 \u015awi\u0119t\u0105 na godz. 10.00 i zaraz po Eucharystii b\u0119dzie spotkanie przygotowuj\u0105ce do Pierwszej Komunii \u015awi\u0119tej. Po Mszy \u015awi\u0119tej o godz. 16.00 b\u0119dzie spotkanie z dzie\u0107mi kl. IV.<\/li>\n<li>Jutro rozpoczynamy miesi\u0105c maj, w kt\u00f3rym w spos\u00f3b szczeg\u00f3lny b\u0119dziemy oddawa\u0107 cze\u015b\u0107 Matce Zbawiciela. W naszej \u015bwi\u0105tyni nabo\u017ce\u0144stwo majowe w dni powszednie b\u0119dzie sprawowane po Eucharystii o godz. 18.00, w\u00a0niedziel\u0119 o godz. 15.40. Serdecznie zapraszam, aby \u015bpiewem Litanii loreta\u0144skiej wyprasza\u0107 wstawiennictwo Naj\u015bwi\u0119tszej Maryi Panny w naszych codziennych potrzebach. Tych, kt\u00f3rzy nie mog\u0105 uczestniczy\u0107 w nabo\u017ce\u0144stwach majowych w ko\u015bciele, zach\u0119cam do modlitwy przy przydro\u017cnych krzy\u017cach, kapliczkach oraz domach rodzinnych.<\/li>\n<li>Jutro, 1 maja, przypada \u015awi\u0119to Pracy. Nasz\u0105 modlitw\u0105 wspieramy wszystkich pracownik\u00f3w i\u00a0pracodawc\u00f3w, aby podejmowali uczciwie swoje obowi\u0105zki. Modlimy si\u0119 r\u00f3wnie\u017c za wszystkich bezrobotnych i poszukuj\u0105cych pracy, aby znale\u017ali godne zaj\u0119cie i mogli zapewni\u0107 byt swoim bliskim.<\/li>\n<li>2 maja, wtorek, przypada Dzie\u0144 Polonii oraz Dzie\u0144 Flagi Narodowej. W modlitwie pami\u0119tajmy o naszych rodakach mieszkaj\u0105cych poza granicami ojczyzny. Nie zapomnijmy tak\u017ce wywiesi\u0107 flagi narodowej.<\/li>\n<li>W \u015brod\u0119, 3 maja, przypada uroczysto\u015b\u0107 Naj\u015bwi\u0119tszej Maryi Panny, Kr\u00f3lowej Polski, g\u0142\u00f3wnej Patronki naszej ojczyzny. To tak\u017ce kolejna rocznica uchwalenia Konstytucji 3 Maja w 1791 roku. Msze \u015awi\u0119te w naszej \u015bwi\u0105tyni b\u0119d\u0105 sprawowane o godz. 10.00 i 16.00. O godz. 10.00 Msza \u015awi\u0119ta b\u0119dzie sprawowana w intencji Ojczyzny<\/li>\n<li>W czwartek, 4 maja, wspominamy \u015bwi\u0119tego Floriana, patrona stra\u017cak\u00f3w. W nast\u0119pn\u0105 niedziel\u0119, 7 maja o godz. 10.45, zostanie odprawiona Msza \u015awi\u0119ta w intencji stra\u017cak\u00f3w naszej parafii z K\u0119py, Milewa, S\u0142oszewa Kolonii, Smardzewa oraz M\u0142odzie\u017cowej Dru\u017cyny Po\u017carniczej ze Smardzewa.<\/li>\n<li>W sobot\u0119, 6 maja, w liturgii b\u0119dziemy obchodzili \u015bwi\u0119to \u015awi\u0119tych Aposto\u0142\u00f3w Filip<\/li>\n<li>W tym tygodniu przypada pierwszy czwartek, pierwszy\u00a0 pi\u0105tek, pierwsza sobota miesi\u0105ca maja. W pierwszy pi\u0105tek\u00a0 spowied\u017a od godz. 17.30. Kandydatom do sakramentu bierzmowania przypominam o odprawieniu pierwszych pi\u0105tk\u00f3w miesi\u0105ca. Za tydzie\u0144 niedziela adoracyjna. Na sum\u0119 zapraszam asyst\u0119 procesyjn\u0105.<\/li>\n<li>3 czerwca (sobota) br., planujemy pielgrzymk\u0119 autokarem na Jasn\u0105 G\u00f3r\u0119. Jest to XI OG\u00d3LNOPOLSKA PIELGRZYMKA K\u00d3\u0141 R\u00d3\u017bA\u0143COWYCH NA JASN\u0104 G\u00d3R\u0118. Koszt wyjazdu 80,00 z\u0142 od osoby. S\u0105 jeszcze wolne miejsca.<\/li>\n<li>Zach\u0119cam do nabycia prasy katolickiej.<\/li>\n<\/ol>\n<p>&nbsp;<\/p>\n<p>&nbsp;<\/p>\n<p>&nbsp;<\/p>\n","protected":false},"excerpt":{"rendered":"<p>OG\u0141OSZENIA DUSZPASTERSKIE Dzisiejsz\u0105, czwart\u0105 niedziel\u0119 Wielkanocy, prze\u017cywamy w Ko\u015bciele jako \u015awiatowy Dzie\u0144 Modlitw o Powo\u0142ania Kap\u0142a\u0144skie i Zakonne. Rozpoczynaj\u0105 si\u0119 te\u017c Kwartalne dni modlitw o powo\u0142ania do s\u0142u\u017cby w Ko\u015bciele. Musimy prosi\u0107 Jezusa Chrystusa \u2013 Dobrego Pasterza, aby nigdy nie zabrak\u0142o nowych pracownik\u00f3w w Bo\u017cej winnicy. Podczas tego tygodnia b\u0119dziemy szczeg\u00f3lnie prosi\u0107 o powo\u0142ania kap\u0142a\u0144skie &hellip; <\/p>\n<p><a class=\"more-link btn\" href=\"https:\/\/parafiasmardzewo.pl\/?p=8754\">Kontynuuj czytanie<\/a><\/p>\n","protected":false},"author":2,"featured_media":3590,"comment_status":"open","ping_status":"open","sticky":false,"template":"","format":"standard","meta":[],"categories":[2],"tags":[],"_links":{"self":[{"href":"https:\/\/parafiasmardzewo.pl\/index.php?rest_route=\/wp\/v2\/posts\/8754"}],"collection":[{"href":"https:\/\/parafiasmardzewo.pl\/index.php?rest_route=\/wp\/v2\/posts"}],"about":[{"href":"https:\/\/parafiasmardzewo.pl\/index.php?rest_route=\/wp\/v2\/types\/post"}],"author":[{"embeddable":true,"href":"https:\/\/parafiasmardzewo.pl\/index.php?rest_route=\/wp\/v2\/users\/2"}],"replies":[{"embeddable":true,"href":"https:\/\/parafiasmardzewo.pl\/index.php?rest_route=%2Fwp%2Fv2%2Fcomments&post=8754"}],"version-history":[{"count":6,"href":"https:\/\/parafiasmardzewo.pl\/index.php?rest_route=\/wp\/v2\/posts\/8754\/revisions"}],"predecessor-version":[{"id":8764,"href":"https:\/\/parafiasmardzewo.pl\/index.php?rest_route=\/wp\/v2\/posts\/8754\/revisions\/8764"}],"wp:featuredmedia":[{"embeddable":true,"href":"https:\/\/parafiasmardzewo.pl\/index.php?rest_route=\/wp\/v2\/media\/3590"}],"wp:attachment":[{"href":"https:\/\/parafiasmardzewo.pl\/index.php?rest_route=%2Fwp%2Fv2%2Fmedia&parent=8754"}],"wp:term":[{"taxonomy":"category","embeddable":true,"href":"https:\/\/parafiasmardzewo.pl\/index.php?rest_route=%2Fwp%2Fv2%2Fcategories&post=8754"},{"taxonomy":"post_tag","embeddable":true,"href":"https:\/\/parafiasmardzewo.pl\/index.php?rest_route=%2Fwp%2Fv2%2Ftags&post=8754"}],"curies":[{"name":"wp","href":"https:\/\/api.w.org\/{rel}","templated":true}]}}