{"id":8766,"date":"2023-05-06T20:46:31","date_gmt":"2023-05-06T18:46:31","guid":{"rendered":"http:\/\/parafiasmardzewo.pl\/?p=8766"},"modified":"2023-05-06T20:46:31","modified_gmt":"2023-05-06T18:46:31","slug":"piata-niedziela-wielkanocy-7-maja-2023-roku","status":"publish","type":"post","link":"https:\/\/parafiasmardzewo.pl\/?p=8766","title":{"rendered":"PI\u0104TA NIEDZIELA WIELKANOCY &#8211; 7 maja 2023 roku"},"content":{"rendered":"<p><strong>OG\u0141OSZENIA DUSZPASTERSKIE <\/strong><\/p>\n<ol>\n<li>Dzisiaj, z racji pierwszej niedzieli miesi\u0105ca \u00a0po sumie b\u0119dzie adoracja Naj\u015bwi\u0119tszego sakramentu i procesja eucharystyczna wok\u00f3\u0142 ko\u015bcio\u0142a.<\/li>\n<li>Jutro, 8 maja, przypada UROCZYSTO\u015a\u0106 \u015aW. STANISA\u0141WA BISKUPA I M\u0118CZENNIKA, G\u0141\u00d3WNEGO PATRONA POLSKI, PATRONA DIEZEZJI P\u0141OCKIEJ. Parafia Sarbiewo prze\u017cywa dzisiaj uroczysto\u015b\u0107 odpustow\u0105, poniewa\u017c \u015bw. Stanis\u0142aw Biskup i M\u0119czennik jest patronem ko\u015bcio\u0142a w Sarbiewie. .<\/li>\n<li>Za tydzie\u0144 na Mszy \u015awi\u0119tej o godz. 10.45 dzieci kl. III przyst\u0105pi\u0105 do Pierwszej Komunii \u015awi\u0119tej. Jutro, 8 maja, o godz. 18.45 b\u0119dzie spotkanie z dzie\u0107mi kl. III przygotowuj\u0105ce do Pierwszej Komunii \u015awi\u0119tej. W pi\u0105tek od godz. 18.45 b\u0119dzie spowied\u017a dzieci, rodzic\u00f3w, chrzestnych i wszystkich, kt\u00f3rzy chc\u0105 przyj\u0105\u0107 Komuni\u0119 \u015awi\u0119t\u0105 w intencji dzieci pierwszokomunijnych. W \u015brod\u0119, 10 maja, na godz. 18.45 zapraszam rodzic\u00f3w, dzieci kl. III, do sprz\u0105tania ko\u015bcio\u0142a.\u00a0 Dzieci z kl. IV zapraszam na spotkanie we wtorek, 9 maja, o godz. 18.45.<\/li>\n<li>W sobot\u0119, 13 maja, w liturgii wspominamy Matk\u0119 Bo\u017c\u0105 Fatimsk\u0105. Zapraszam w tym dniu na godz. 19.00 na pierwsze nabo\u017ce\u0144stwo fatimskie. Po Eucharystii odm\u00f3wimy r\u00f3\u017caniec i b\u0119dzie procesja z Naj\u015bwi\u0119tszym sakramentem, figur\u0105 Matki Bo\u017cej Fatimskiej i r\u00f3\u017ca\u0144cem. Zach\u0119cam do pisania pr\u00f3\u015bb do Matki Bo\u017cej, kt\u00f3re czytamy w czasie modlitwy r\u00f3\u017ca\u0144cowej.<\/li>\n<li>Trwaj\u0105 nabo\u017ce\u0144stwa majowe ku czci Matki Naj\u015bwi\u0119tszej. W naszym ko\u015bciele odprawiamy je o godz. 18.00 (dni powszednie). W niedziel\u0119 \u015bpiewamy Litani\u0119 Loreta\u0144sk\u0105 o godz. 15.40, przed Msz\u0105 \u015awi\u0119t\u0105 o godz. 16.00. Serdecznie zach\u0119cam do licznego udzia\u0142u w tym modlitewnym uwielbieniu Matki naszego Pana i naszej.<\/li>\n<li>3 czerwca (sobota) br., planujemy pielgrzymk\u0119 autokarem na Jasn\u0105 G\u00f3r\u0119. Jest to XI OG\u00d3LNOPOLSKA PIELGRZYMKA K\u00d3\u0141 R\u00d3\u017bA\u0143COWYCH NA JASN\u0104 G\u00d3R\u0118. Koszt wyjazdu 80,00 z\u0142 od osoby. S\u0105 jeszcze wolne miejsca.<\/li>\n<li>W minionym tygodniu odby\u0142 si\u0119 pogrzeb \u015bw. p. Danuty Porkuszewskiej, kt\u00f3ra prze\u017cy\u0142a 90 lat. Od uczestnik\u00f3w pogrzebu b\u0119dzie odprawionych jedena\u015bcie (11) Mszy \u015awi\u0119tych.<\/li>\n<li>Zach\u0119cam do nabycia prasy katolickiej: <strong><em>Go\u015bcia Niedzielnego<\/em><\/strong>, <strong><em>Rycerza Niepokalanej <\/em><\/strong>i <strong><em>Ma\u0142ego Rycerzyka<\/em><\/strong> (dla dzieci), Miesi\u0119cznik<\/li>\n<\/ol>\n<p><strong><em>\u00a0\u00a0\u00a0\u00a0 R\u00f3\u017caniec . <\/em><\/strong><\/p>\n<p>&nbsp;<\/p>\n","protected":false},"excerpt":{"rendered":"<p>OG\u0141OSZENIA DUSZPASTERSKIE Dzisiaj, z racji pierwszej niedzieli miesi\u0105ca \u00a0po sumie b\u0119dzie adoracja Naj\u015bwi\u0119tszego sakramentu i procesja eucharystyczna wok\u00f3\u0142 ko\u015bcio\u0142a. Jutro, 8 maja, przypada UROCZYSTO\u015a\u0106 \u015aW. STANISA\u0141WA BISKUPA I M\u0118CZENNIKA, G\u0141\u00d3WNEGO PATRONA POLSKI, PATRONA DIEZEZJI P\u0141OCKIEJ. Parafia Sarbiewo prze\u017cywa dzisiaj uroczysto\u015b\u0107 odpustow\u0105, poniewa\u017c \u015bw. Stanis\u0142aw Biskup i M\u0119czennik jest patronem ko\u015bcio\u0142a w Sarbiewie. . Za tydzie\u0144 &hellip; <\/p>\n<p><a class=\"more-link btn\" href=\"https:\/\/parafiasmardzewo.pl\/?p=8766\">Kontynuuj czytanie<\/a><\/p>\n","protected":false},"author":2,"featured_media":2833,"comment_status":"open","ping_status":"open","sticky":false,"template":"","format":"standard","meta":[],"categories":[2],"tags":[],"_links":{"self":[{"href":"https:\/\/parafiasmardzewo.pl\/index.php?rest_route=\/wp\/v2\/posts\/8766"}],"collection":[{"href":"https:\/\/parafiasmardzewo.pl\/index.php?rest_route=\/wp\/v2\/posts"}],"about":[{"href":"https:\/\/parafiasmardzewo.pl\/index.php?rest_route=\/wp\/v2\/types\/post"}],"author":[{"embeddable":true,"href":"https:\/\/parafiasmardzewo.pl\/index.php?rest_route=\/wp\/v2\/users\/2"}],"replies":[{"embeddable":true,"href":"https:\/\/parafiasmardzewo.pl\/index.php?rest_route=%2Fwp%2Fv2%2Fcomments&post=8766"}],"version-history":[{"count":1,"href":"https:\/\/parafiasmardzewo.pl\/index.php?rest_route=\/wp\/v2\/posts\/8766\/revisions"}],"predecessor-version":[{"id":8767,"href":"https:\/\/parafiasmardzewo.pl\/index.php?rest_route=\/wp\/v2\/posts\/8766\/revisions\/8767"}],"wp:featuredmedia":[{"embeddable":true,"href":"https:\/\/parafiasmardzewo.pl\/index.php?rest_route=\/wp\/v2\/media\/2833"}],"wp:attachment":[{"href":"https:\/\/parafiasmardzewo.pl\/index.php?rest_route=%2Fwp%2Fv2%2Fmedia&parent=8766"}],"wp:term":[{"taxonomy":"category","embeddable":true,"href":"https:\/\/parafiasmardzewo.pl\/index.php?rest_route=%2Fwp%2Fv2%2Fcategories&post=8766"},{"taxonomy":"post_tag","embeddable":true,"href":"https:\/\/parafiasmardzewo.pl\/index.php?rest_route=%2Fwp%2Fv2%2Ftags&post=8766"}],"curies":[{"name":"wp","href":"https:\/\/api.w.org\/{rel}","templated":true}]}}