{"id":8774,"date":"2023-05-13T22:38:12","date_gmt":"2023-05-13T20:38:12","guid":{"rendered":"http:\/\/parafiasmardzewo.pl\/?p=8774"},"modified":"2023-05-13T22:39:43","modified_gmt":"2023-05-13T20:39:43","slug":"szosta-niedziela-wielkanocy-14-maja-2023-roku","status":"publish","type":"post","link":"https:\/\/parafiasmardzewo.pl\/?p=8774","title":{"rendered":"SZ\u00d3STA NIEDZIELA WIELKANOCY  14 maja 2023 roku"},"content":{"rendered":"<p><strong>OG\u0141OSZENIA DUSZPASTERSKIE<\/strong><\/p>\n<ol>\n<li>Dzisiaj, na Mszy \u015awi\u0119tej o godz. 10.45, 19 \u2013 cioro dzieci, z naszej parafii, przyst\u0105pi do Pierwszej Komunii \u015awi\u0119tej. Od jutra do pi\u0105tku w\u0142\u0105cznie dzieci b\u0119d\u0105 przychodzi\u0107 do ko\u015bcio\u0142a na \u201eBia\u0142y tydzie\u0144\u201d , na Msz\u0119 \u015awi\u0119t\u0105 na\u00a0 godz.18.00 (poniedzia\u0142ek, wtorek, czwartek i pi\u0105tek, <strong>w \u015brod\u0119 godz. 16.00).<\/strong> Ka\u017cdego dnia b\u0119dzie specjalna intencja modlitewna. Jutro dzieci ofiaruj\u0105 modlitwy i komuni\u0119 \u015bwi\u0119t\u0105 w intencji rodzic\u00f3w, wtorek \u2013 rodzic\u00f3w chrzestnych, \u015broda \u2013 dziadziusi\u00f3w, czwartek \u2013 o powo\u0142ania do kap\u0142a\u0144stwa i \u017cycia zakonnego, pi\u0105tek &#8211;\u00a0 w intencji chorych.<\/li>\n<li>Rodzicom, dzieci pierwszokomunijnych, bardzo serdecznie dzi\u0119kuj\u0119 za dar o\u0142tarza, kt\u00f3ry ofiarowali dla naszej parafii \u2013 naczynie do wody \u015bwi\u0119conej u\u017cywane w czasie uroczysto\u015bci liturgicznych oraz bielizn\u0119 na kielich do sprawowania Naj\u015bwi\u0119tszej Ofiary i naczynie do oleju, kt\u00f3ry jest u\u017cywany w czasie chrztu dzieci.. Dzi\u0119kuj\u0119 r\u00f3wnie\u017c za pomoc w sprz\u0105taniu ko\u015bcio\u0142a i udekorowanie \u015bwi\u0105tyni kwiatami na dzisiejsz\u0105 uroczysto\u015b\u0107.<\/li>\n<li>Od jutra do \u015brody z ca\u0142ym Ko\u015bcio\u0142em modlimy si\u0119 o dobre urodzaje i za kraje g\u0142oduj\u0105ce.<\/li>\n<li>We wtorek przypada uroczysto\u015b\u0107 \u015aW. ANDRZEJA BOBOLI, PREZBITERA I M\u0118CZENNIKA, PATRONA POLSKI I METROPOLII WARSZAWSKIEJ.<\/li>\n<li>W nast\u0119pn\u0105 niedziel\u0119 obchodzimy uroczysto\u015b\u0107 Wniebowst\u0105pienia Pa\u0144skiego. Na Mszy \u015awi\u0119tej o godz. 10.45, 13 \u2013 cioro dzieci naszej parafii odnowi Przyrzeczenia Chrztu \u015awi\u0119tego. <strong>Spotkanie z dzie\u0107mi kl. IV b\u0119dzie w pi\u0105tek o godz. 18.45. Spowied\u017a dla dzieci, rodzic\u00f3w i innych os\u00f3b w najbli\u017cszy pi\u0105tek o godz. 19.00. <\/strong><\/li>\n<li>Codziennie w maju gromadzimy si\u0119, aby uczci\u0107 Maryj\u0119, \u015bpiewaj\u0105c litani\u0119 loreta\u0144sk\u0105. Nabo\u017ce\u0144stwo w ko\u015bciele, po Mszy \u015awi\u0119tej, o godz. 18.00, wieczorem spotykamy si\u0119 przy kapliczkach.<\/li>\n<li>W \u015brod\u0119, 17 maja, Msza \u015awi\u0119ta b\u0119dzie sprawowana o godz. 16.00 i zaraz po Eucharystii odprawimy nabo\u017ce\u0144stwo majowe. Mszy \u015awi\u0119tej o godz. 18.00 w tym dniu nie b\u0119dzie.<\/li>\n<li>Od pi\u0105tku b\u0119dziemy przyzywa\u0107 Ducha \u015awi\u0119tego jako przygotowanie do uroczysto\u015bci Zielonych \u015awi\u0105t. Modlitwy nowenny odmawiamy na zako\u0144czenie nabo\u017ce\u0144stwa majowego. Nasza parafia w\u00a0 Zes\u0142anie Ducha \u015awi\u0119tego prze\u017cywa\u0107 b\u0119dzie uroczysto\u015b\u0107 odpustow\u0105.<\/li>\n<li>3 czerwca, na Jasnej G\u00f3rze, odb\u0119dzie si\u0119 XI Og\u00f3lnopolska Pielgrzymka \u017bywego R\u00f3\u017ca\u0144ca. Planujemy w tym dniu wyjazd autokarem do Cz\u0119stochowy. Mo\u017cna si\u0119 ju\u017c zapisa\u0107 na ten wyjazd.<\/li>\n<li>Pa\u0144stwu Danucie i Henrykowi Kr\u00f3lom dzi\u0119kuj\u0119 za oczyszczenie z chwast\u00f3w terenu przy ko\u015bciele.<\/li>\n<li>Zach\u0119cam do nabycia prasy katolickiej.<\/li>\n<\/ol>\n<p>&nbsp;<\/p>\n","protected":false},"excerpt":{"rendered":"<p>OG\u0141OSZENIA DUSZPASTERSKIE Dzisiaj, na Mszy \u015awi\u0119tej o godz. 10.45, 19 \u2013 cioro dzieci, z naszej parafii, przyst\u0105pi do Pierwszej Komunii \u015awi\u0119tej. Od jutra do pi\u0105tku w\u0142\u0105cznie dzieci b\u0119d\u0105 przychodzi\u0107 do ko\u015bcio\u0142a na \u201eBia\u0142y tydzie\u0144\u201d , na Msz\u0119 \u015awi\u0119t\u0105 na\u00a0 godz.18.00 (poniedzia\u0142ek, wtorek, czwartek i pi\u0105tek, w \u015brod\u0119 godz. 16.00). Ka\u017cdego dnia b\u0119dzie specjalna intencja modlitewna. &hellip; <\/p>\n<p><a class=\"more-link btn\" href=\"https:\/\/parafiasmardzewo.pl\/?p=8774\">Kontynuuj czytanie<\/a><\/p>\n","protected":false},"author":2,"featured_media":2833,"comment_status":"open","ping_status":"open","sticky":false,"template":"","format":"standard","meta":[],"categories":[2],"tags":[],"_links":{"self":[{"href":"https:\/\/parafiasmardzewo.pl\/index.php?rest_route=\/wp\/v2\/posts\/8774"}],"collection":[{"href":"https:\/\/parafiasmardzewo.pl\/index.php?rest_route=\/wp\/v2\/posts"}],"about":[{"href":"https:\/\/parafiasmardzewo.pl\/index.php?rest_route=\/wp\/v2\/types\/post"}],"author":[{"embeddable":true,"href":"https:\/\/parafiasmardzewo.pl\/index.php?rest_route=\/wp\/v2\/users\/2"}],"replies":[{"embeddable":true,"href":"https:\/\/parafiasmardzewo.pl\/index.php?rest_route=%2Fwp%2Fv2%2Fcomments&post=8774"}],"version-history":[{"count":3,"href":"https:\/\/parafiasmardzewo.pl\/index.php?rest_route=\/wp\/v2\/posts\/8774\/revisions"}],"predecessor-version":[{"id":8777,"href":"https:\/\/parafiasmardzewo.pl\/index.php?rest_route=\/wp\/v2\/posts\/8774\/revisions\/8777"}],"wp:featuredmedia":[{"embeddable":true,"href":"https:\/\/parafiasmardzewo.pl\/index.php?rest_route=\/wp\/v2\/media\/2833"}],"wp:attachment":[{"href":"https:\/\/parafiasmardzewo.pl\/index.php?rest_route=%2Fwp%2Fv2%2Fmedia&parent=8774"}],"wp:term":[{"taxonomy":"category","embeddable":true,"href":"https:\/\/parafiasmardzewo.pl\/index.php?rest_route=%2Fwp%2Fv2%2Fcategories&post=8774"},{"taxonomy":"post_tag","embeddable":true,"href":"https:\/\/parafiasmardzewo.pl\/index.php?rest_route=%2Fwp%2Fv2%2Ftags&post=8774"}],"curies":[{"name":"wp","href":"https:\/\/api.w.org\/{rel}","templated":true}]}}