{"id":8781,"date":"2023-05-20T16:30:37","date_gmt":"2023-05-20T14:30:37","guid":{"rendered":"http:\/\/parafiasmardzewo.pl\/?p=8781"},"modified":"2023-05-20T16:34:51","modified_gmt":"2023-05-20T14:34:51","slug":"wniebowstapienie-panskie-21-maja-2023-roku","status":"publish","type":"post","link":"https:\/\/parafiasmardzewo.pl\/?p=8781","title":{"rendered":"WNIEBOWST\u0104PIENIE PA\u0143SKIE  &#8211; 21 maja 2023 roku"},"content":{"rendered":"<p><strong>OG\u0141OSZENIA DUSZPASTERSKIE<\/strong><\/p>\n<ol>\n<li>Dzi\u015b przypada uroczysto\u015b\u0107 Wniebowst\u0105pienia Pa\u0144skiego. Dzieci z kl. IV, na Mszy \u015awi\u0119tej o godz. 10.45 Odnowi\u0105 Przyrzeczenia Chrztu \u015awi\u0119tego. Do czwartku w\u0142\u0105cznie zapraszam dzieci na Msz\u0119 \u015awi\u0119t\u0105 na godz. 18.00. Rodzice i dzieci kupili dla parafii jako dar, wsp\u00f3lnie z dzie\u0107mi kl. III\u00a0 \u2013 naczynie do wody \u015bwi\u0119conej, kt\u00f3rego u\u017cywamy w czasie obrz\u0119d\u00f3w liturgicznych oraz bielizn\u0119 na kielich. Dzi\u0119kuj\u0119 r\u00f3wnie\u017c rodzicom\u00a0 za kwiaty i udekorowanie o\u0142tarzy.<\/li>\n<li>Codziennie przygotowujemy si\u0119 do uroczysto\u015bci Zes\u0142ania Ducha \u015awi\u0119tego przez nowenn\u0119, kt\u00f3r\u0105 odmawiamy po Mszy \u015awi\u0119tej o godz. 18.00.<\/li>\n<li>W \u015brod\u0119, 24 maja, przypada liturgiczne \u015bwi\u0119to Nawiedzenia Naj\u015bwi\u0119tszej Maryi Panny, Wspomo\u017cycielki Wiernych.<\/li>\n<li>W najbli\u017csz\u0105 niedziel\u0119, 28 maja przypada uroczysto\u015b\u0107 Zes\u0142ania Ducha \u015awi\u0119tego. W naszej parafii jest to uroczysto\u015b\u0107 odpustowa. <strong>Msze \u015awi\u0119te za tydzie\u0144 b\u0119d\u0105 sprawowane o godz. 9.00 \u2013 12.00 \u2013 17.00.<\/strong> Kazania odpustowe b\u0119dzie g\u0142osi\u0142 o. Miros\u0142aw Kopczewski, franciszkanin z Niepokalanowa. \u015awi\u0119towanie rozpoczniemy Msz\u0105 wigilii Zes\u0142ania Ducha \u015awi\u0119tego w sobot\u0119 o godz. 18.00. O godz. 20.30 nabo\u017ce\u0144stwo majowe i Apel Jasnog\u00f3rski. Szczeg\u00f3\u0142owy program jest umieszczony na stronie internetowej naszej parafii i w kruchcie ko\u015bcio\u0142a. Uroczysto\u015b\u0107 Zes\u0142ania Ducha \u015awi\u0119tego ko\u0144czy okres Wielkanocy.<\/li>\n<li>27 maja (sobota) w S\u0142oszewie przy \u015bwietlicy odb\u0119d\u0105 si\u0119 uroczysto\u015bci zwi\u0105zane ze 160. ROCZNIC\u0104 WYBUCHU POWSTANIA STYCZNIOWEGO 1863 \u2013 1864. O godz. 14.00 zostanie odprawiona MSZA \u015aWI\u0118TA POLOWA W INTENCI UCZESTNIK\u00d3W POWSTANIA STYCZNIOWEGO 1863 -1864.\u00a0 O godz. 16.00\u00a0 Rekonstrukcja Powstania Styczniowego.<\/li>\n<li>3 czerwca (sobota) br., planujemy pielgrzymk\u0119 autokarem na Jasn\u0105 G\u00f3r\u0119. Jest to XI OG\u00d3LNOPOLSKA PIELGRZYMKA K\u00d3\u0141 R\u00d3\u017bA\u0143COWYCH NA JASN\u0104 G\u00d3R\u0118. Koszt wyjazdu 80,00 z\u0142 od osoby. S\u0105 jeszcze wolne miejsca.<\/li>\n<li>Zach\u0119cam do nabycia prasy katolickiej.<\/li>\n<li>Wszystkim solenizantom i jubilatom nadchodz\u0105cego tygodnia \u017cyczymy opieki Matki Bo\u017cej i wiernego trwania przy Chrystusie.<\/li>\n<\/ol>\n<p>&nbsp;<\/p>\n<p>&nbsp;<\/p>\n<p><strong>\u00a0<\/strong><\/p>\n<p><strong>\u00a0<\/strong><\/p>\n<p>&nbsp;<\/p>\n<p>&nbsp;<\/p>\n","protected":false},"excerpt":{"rendered":"<p>OG\u0141OSZENIA DUSZPASTERSKIE Dzi\u015b przypada uroczysto\u015b\u0107 Wniebowst\u0105pienia Pa\u0144skiego. Dzieci z kl. IV, na Mszy \u015awi\u0119tej o godz. 10.45 Odnowi\u0105 Przyrzeczenia Chrztu \u015awi\u0119tego. Do czwartku w\u0142\u0105cznie zapraszam dzieci na Msz\u0119 \u015awi\u0119t\u0105 na godz. 18.00. Rodzice i dzieci kupili dla parafii jako dar, wsp\u00f3lnie z dzie\u0107mi kl. III\u00a0 \u2013 naczynie do wody \u015bwi\u0119conej, kt\u00f3rego u\u017cywamy w czasie obrz\u0119d\u00f3w &hellip; <\/p>\n<p><a class=\"more-link btn\" href=\"https:\/\/parafiasmardzewo.pl\/?p=8781\">Kontynuuj czytanie<\/a><\/p>\n","protected":false},"author":2,"featured_media":2833,"comment_status":"open","ping_status":"open","sticky":false,"template":"","format":"standard","meta":[],"categories":[2],"tags":[],"_links":{"self":[{"href":"https:\/\/parafiasmardzewo.pl\/index.php?rest_route=\/wp\/v2\/posts\/8781"}],"collection":[{"href":"https:\/\/parafiasmardzewo.pl\/index.php?rest_route=\/wp\/v2\/posts"}],"about":[{"href":"https:\/\/parafiasmardzewo.pl\/index.php?rest_route=\/wp\/v2\/types\/post"}],"author":[{"embeddable":true,"href":"https:\/\/parafiasmardzewo.pl\/index.php?rest_route=\/wp\/v2\/users\/2"}],"replies":[{"embeddable":true,"href":"https:\/\/parafiasmardzewo.pl\/index.php?rest_route=%2Fwp%2Fv2%2Fcomments&post=8781"}],"version-history":[{"count":4,"href":"https:\/\/parafiasmardzewo.pl\/index.php?rest_route=\/wp\/v2\/posts\/8781\/revisions"}],"predecessor-version":[{"id":8785,"href":"https:\/\/parafiasmardzewo.pl\/index.php?rest_route=\/wp\/v2\/posts\/8781\/revisions\/8785"}],"wp:featuredmedia":[{"embeddable":true,"href":"https:\/\/parafiasmardzewo.pl\/index.php?rest_route=\/wp\/v2\/media\/2833"}],"wp:attachment":[{"href":"https:\/\/parafiasmardzewo.pl\/index.php?rest_route=%2Fwp%2Fv2%2Fmedia&parent=8781"}],"wp:term":[{"taxonomy":"category","embeddable":true,"href":"https:\/\/parafiasmardzewo.pl\/index.php?rest_route=%2Fwp%2Fv2%2Fcategories&post=8781"},{"taxonomy":"post_tag","embeddable":true,"href":"https:\/\/parafiasmardzewo.pl\/index.php?rest_route=%2Fwp%2Fv2%2Ftags&post=8781"}],"curies":[{"name":"wp","href":"https:\/\/api.w.org\/{rel}","templated":true}]}}