{"id":8788,"date":"2023-05-27T22:33:02","date_gmt":"2023-05-27T20:33:02","guid":{"rendered":"http:\/\/parafiasmardzewo.pl\/?p=8788"},"modified":"2023-05-27T22:35:32","modified_gmt":"2023-05-27T20:35:32","slug":"zeslanie-ducha-swietego-28-maja-2023-roku","status":"publish","type":"post","link":"https:\/\/parafiasmardzewo.pl\/?p=8788","title":{"rendered":"ZES\u0141ANIE DUCHA \u015aWI\u0118TEGO  &#8211; 28 maja 2023 roku"},"content":{"rendered":"<p>OG\u0141OSZENIA DUSZPASTERSKIE<br \/>\n1. Dzi\u015b wraz z ca\u0142ym Ko\u015bcio\u0142em obchodzimy uroczysto\u015b\u0107 Zes\u0142ania Ducha \u015awi\u0119tego. Wspominamy dzie\u0144, kiedy na zgromadzonych w Wieczerniku Aposto\u0142\u00f3w zst\u0105pi\u0142 Duch \u015awi\u0119ty pod postaci\u0105 ognistych j\u0119zyk\u00f3w. Dzi\u0119ki Jego mocy uczniowie wyszli z Wieczernika, aby g\u0142osi\u0107 ca\u0142emu \u015bwiatu or\u0119dzie zbawienia. Dzi\u015b prosimy, aby \u201eDuch \u015awi\u0119ty da\u0142 nam g\u0142\u0119biej zrozumie\u0107 tajemnic\u0119 Eucharystii i doprowadzi\u0142 nas do ca\u0142ej prawdy\u201d (modlitwa nad darami). Niech nas umacnia swoimi darami, aby\u015bmy byli prawdziwymi \u015bwiadkami Chrystusa w dzisiejszym \u015bwiecie.<br \/>\n2. Nasza wsp\u00f3lnota parafialna prze\u017cywa dzisiaj uroczysto\u015b\u0107 odpustow\u0105. Msze \u015awi\u0119te s\u0105 odprawiane wed\u0142ug nast\u0119puj\u0105cego porz\u0105dku: godz. 9.00 \u2013 12.00 (suma opustowa z wystawieniem Naj\u015bwi\u0119tszego Sakramentu, adoracja i procesja eucharystyczna) i o godz. 17.00. Przed sum\u0105 o godz. 11.30 b\u0119dziemy modli\u0107 si\u0119 na r\u00f3\u017ca\u0144cu. S\u0142owo Bo\u017ce na wszystkich Mszach \u015awi\u0119tych g\u0142osi o. Miros\u0142aw Kopczewski, franciszkanin z Niepokalanowa.<br \/>\n3. Jutro, w poniedzia\u0142ek, 29 maja (tradycyjnie drugi dzie\u0144 Zielonych \u015awi\u0105t), obchodzimy \u015bwi\u0119to Naj\u015bwi\u0119tszej Maryi Panny Matki Ko\u015bcio\u0142a. Msze \u015awi\u0119te w naszej \u015bwi\u0105tyni b\u0119d\u0105 sprawowane o godz. 10.00 (w intencji cz\u0142onki\u0144 K\u00f3\u0142 R\u00f3\u017ca\u0144cowych z naszej parafii i cz\u0142onk\u00f3w Szkaplerza \u015bwi\u0119tego) i o godz.16.00 (przybywaj\u0105 pielgrzymi z P\u0142o\u0144ska). Od godz. 9.30 b\u0119dziemy modli\u0107 si\u0119 na r\u00f3\u017ca\u0144cu. Na godz. 10.00 zapraszam szczeg\u00f3lnie osoby do\u015bwiadczane chorob\u0105 i cierpieniem. Na tej Mszy \u015awi\u0119tej b\u0119dzie namaszczenie chorych.<br \/>\n4. 31 maja (\u015broda) prze\u017cywa\u0107 b\u0119dziemy \u015aWI\u0118TO NAWIEDZENIA NAJ\u015aWI\u0118TSZEJ MARYI PANNY.<br \/>\n5. W czwartek rozpoczynamy miesi\u0105c czerwiec po\u015bwi\u0119cony Naj\u015bwi\u0119tszemu Sercu Pana Jezusa. W naszym ko\u015bciele codziennie o godz. 18.30 odprawiane jest nabo\u017ce\u0144stwo czerwcowe, podczas kt\u00f3rego odmawiamy Litani\u0119 do Serca Pana Jezusa. Licznie ucz\u0119szczajmy na te nabo\u017ce\u0144stwa, aby wynagrodzi\u0107 Panu Bogu za wszystkie nasze grzechy i nieprawo\u015bci.<br \/>\n6. W czwartek, 1 czerwca, b\u0119dziemy te\u017c prze\u017cywali \u015bwi\u0119to Jezusa Chrystusa, Najwy\u017cszego i Wiecznego Kap\u0142ana. Niech to b\u0119dzie dzie\u0144 szczeg\u00f3lnej modlitwy naszej wsp\u00f3lnoty parafialnej za powo\u0142anych do kap\u0142a\u0144stwa, o ich \u015bwi\u0119to\u015b\u0107 i wytrwa\u0142o\u015b\u0107 w kap\u0142a\u0144skim pos\u0142ugiwaniu. Nasz\u0105 modlitewn\u0105 pami\u0119ci\u0105 obejmiemy te\u017c diakon\u00f3w i kleryk\u00f3w naszej diecezji, kt\u00f3rzy przygotowuj\u0105 si\u0119 do kap\u0142a\u0144stwa.<br \/>\n7. W tym tygodniu prze\u017cywa\u0107 b\u0119dziemy pierwszy pi\u0105tek i pierwsz\u0105 sobot\u0119 miesi\u0105ca. W pi\u0105tek mo\u017cliwo\u015b\u0107 korzystania z sakramentu pokuty od godz. 17.30.<br \/>\n8. W najbli\u017csz\u0105 niedziel\u0119, 4 czerwca, b\u0119dziemy obchodzili uroczysto\u015b\u0107 Naj\u015bwi\u0119tszej Tr\u00f3jcy. Warto przypomnie\u0107, \u017ce ko\u0144czy ona czas wielkanocnej Komunii \u015awi\u0119tej. Jest to r\u00f3wnie\u017c pierwsza niedziela miesi\u0105ca. Na sum\u0119 zapraszam asyst\u0119 procesyjn\u0105.<br \/>\n9. 3 czerwca (sobota) br., planujemy pielgrzymk\u0119 autokarem na Jasn\u0105 G\u00f3r\u0119. Jest to XI OG\u00d3LNOPOLSKA PIELGRZYMKA K\u00d3\u0141 R\u00d3\u017bA\u0143COWYCH NA JASN\u0104 G\u00d3R\u0118. Koszt wyjazdu 80,00 z\u0142 od osoby. S\u0105 jeszcze wolne miejsca.<br \/>\n10. Zach\u0119cam do nabycia<\/p>\n","protected":false},"excerpt":{"rendered":"<p>OG\u0141OSZENIA DUSZPASTERSKIE 1. Dzi\u015b wraz z ca\u0142ym Ko\u015bcio\u0142em obchodzimy uroczysto\u015b\u0107 Zes\u0142ania Ducha \u015awi\u0119tego. Wspominamy dzie\u0144, kiedy na zgromadzonych w Wieczerniku Aposto\u0142\u00f3w zst\u0105pi\u0142 Duch \u015awi\u0119ty pod postaci\u0105 ognistych j\u0119zyk\u00f3w. Dzi\u0119ki Jego mocy uczniowie wyszli z Wieczernika, aby g\u0142osi\u0107 ca\u0142emu \u015bwiatu or\u0119dzie zbawienia. Dzi\u015b prosimy, aby \u201eDuch \u015awi\u0119ty da\u0142 nam g\u0142\u0119biej zrozumie\u0107 tajemnic\u0119 Eucharystii i doprowadzi\u0142 nas &hellip; <\/p>\n<p><a class=\"more-link btn\" href=\"https:\/\/parafiasmardzewo.pl\/?p=8788\">Kontynuuj czytanie<\/a><\/p>\n","protected":false},"author":2,"featured_media":5378,"comment_status":"open","ping_status":"open","sticky":false,"template":"","format":"standard","meta":[],"categories":[2],"tags":[],"_links":{"self":[{"href":"https:\/\/parafiasmardzewo.pl\/index.php?rest_route=\/wp\/v2\/posts\/8788"}],"collection":[{"href":"https:\/\/parafiasmardzewo.pl\/index.php?rest_route=\/wp\/v2\/posts"}],"about":[{"href":"https:\/\/parafiasmardzewo.pl\/index.php?rest_route=\/wp\/v2\/types\/post"}],"author":[{"embeddable":true,"href":"https:\/\/parafiasmardzewo.pl\/index.php?rest_route=\/wp\/v2\/users\/2"}],"replies":[{"embeddable":true,"href":"https:\/\/parafiasmardzewo.pl\/index.php?rest_route=%2Fwp%2Fv2%2Fcomments&post=8788"}],"version-history":[{"count":4,"href":"https:\/\/parafiasmardzewo.pl\/index.php?rest_route=\/wp\/v2\/posts\/8788\/revisions"}],"predecessor-version":[{"id":8792,"href":"https:\/\/parafiasmardzewo.pl\/index.php?rest_route=\/wp\/v2\/posts\/8788\/revisions\/8792"}],"wp:featuredmedia":[{"embeddable":true,"href":"https:\/\/parafiasmardzewo.pl\/index.php?rest_route=\/wp\/v2\/media\/5378"}],"wp:attachment":[{"href":"https:\/\/parafiasmardzewo.pl\/index.php?rest_route=%2Fwp%2Fv2%2Fmedia&parent=8788"}],"wp:term":[{"taxonomy":"category","embeddable":true,"href":"https:\/\/parafiasmardzewo.pl\/index.php?rest_route=%2Fwp%2Fv2%2Fcategories&post=8788"},{"taxonomy":"post_tag","embeddable":true,"href":"https:\/\/parafiasmardzewo.pl\/index.php?rest_route=%2Fwp%2Fv2%2Ftags&post=8788"}],"curies":[{"name":"wp","href":"https:\/\/api.w.org\/{rel}","templated":true}]}}