{"id":8796,"date":"2023-06-03T22:32:32","date_gmt":"2023-06-03T20:32:32","guid":{"rendered":"http:\/\/parafiasmardzewo.pl\/?p=8796"},"modified":"2023-06-03T22:37:04","modified_gmt":"2023-06-03T20:37:04","slug":"uroczystosc-trojcy-przenajswietszej-4-czerwca-2023-roku","status":"publish","type":"post","link":"https:\/\/parafiasmardzewo.pl\/?p=8796","title":{"rendered":"UROCZYSTOS\u0106 TR\u00d3JCY PRZENAJ\u015aWI\u0118TSZEJ &#8211; 4 czerwca 2023 roku"},"content":{"rendered":"<p><strong>OG\u0141OSZENIA DUSZPASTERSKIE<\/strong><\/p>\n<ol>\n<li>Dzi\u015b uroczysto\u015b\u0107 Naj\u015bwi\u0119tszej Tr\u00f3jcy, w kt\u00f3rej Ko\u015bci\u00f3\u0142 wyznaje wiar\u0119 w Jednego Boga w\u00a0Trzech Osobach. Ta prawda wiary przekracza mo\u017cliwo\u015bci naszego rozumu i pozostaje dla nas wielk\u0105 tajemnic\u0105. Najprostszym jej wyznaniem jest modlitwa \u201eChwa\u0142a Ojcu i Synowi, i\u00a0Duchowi \u015awi\u0119temu (\u2026), a tak\u017ce znak krzy\u017ca. Dzi\u015b ko\u0144czy si\u0119 okres wielkanocnej Komunii \u015awi\u0119tej.<\/li>\n<li>Dzisiaj, prze\u017cywamy pierwsz\u0105 niedziel\u0119 czerwca. Po sumie b\u0119dzie adoracja i procesja eucharystyczna wok\u00f3\u0142 ko\u015bcio\u0142a. Zapraszam asyst\u0119 procesyjn\u0105 i dziewczynki do sypania kwiatkami.<\/li>\n<li>Jutro, 5 czerwca, wspomnienie \u015aW. BONIFACEGO, BISKUPA I M\u0118CZENNIKA<\/li>\n<li>W czwartek, 8 czerwca, b\u0119dziemy obchodzili uroczysto\u015b\u0107 Naj\u015bwi\u0119tszego Cia\u0142a i Krwi Chrystusa, popularnie zwan\u0105 \u015bwi\u0119tem Bo\u017cego Cia\u0142a. Przez udzia\u0142 w procesji wyznajemy nasz\u0105 wiar\u0119 w realn\u0105 obecno\u015b\u0107 Chrystusa w Chlebie eucharystycznym. Msze \u015awi\u0119te tego dnia wed\u0142ug nast\u0119puj\u0105cego porz\u0105dku o godz. 8.00 i 10.00. Procesja eucharystyczna do czterech o\u0142tarzy po Mszy \u015awi\u0119tej o godz. 10.00 Prosz\u0119 o przygotowanie o\u0142tarzy w tradycyjnych miejscach. W\u0142\u0105czmy si\u0119 czynnie w przygotowanie procesji, niech b\u0119dzie to wyraz naszej mi\u0142o\u015bci do Zbawiciela. Zapraszam asyst\u0119 procesyjn\u0105 do niesienia chor\u0105gwi, feretron\u00f3w, dziewczynki do sypania kwiat\u00f3w. Bardzo serdecznie prosz\u0119 mieszka\u0144c\u00f3w poszczeg\u00f3lnych wiosek o ustrojenie o\u0142tarzy. O\u0142tarz pierwszy przygotowuj\u0105 mieszka\u0144cy S\u0142oszewa i S\u0142oszewa Kolonii, o\u0142tarz drugi mieszka\u0144cy K\u0119py, o\u0142tarz trzeci mieszka\u0144cy Koliszewa P\u00f3\u0142noc, o\u0142tarz czwarty mieszka\u0144cy Smardzewa ?<\/li>\n<li>Nabo\u017ce\u0144stwo czerwcowe z Litani\u0105 do Serca Pana Jezusa codziennie po Mszy \u015awi\u0119tej o\u00a0godz. 18.30. Serdecznie zapraszam, aby poprzez litanijne wezwania przeprasza\u0107 Boga za nasze grzechy i niewierno\u015bci. Od pi\u0105tku przez najbli\u017cszy tydzie\u0144 po nabo\u017ce\u0144stwie czerwcowym procesja z Naj\u015bwi\u0119tszym Sakramentem.<\/li>\n<li>Wczoraj, 50 os\u00f3b wzi\u0119\u0142o udzia\u0142 w autokarowej pielgrzymce na Jasn\u0105 G\u00f3r\u0119. Uczestniczyli\u015bmy w XI Og\u00f3lnopolskiej Pielgrzymce K\u00f3\u0142 R\u00f3\u017ca\u0144cowych.<\/li>\n<li>W minion\u0105 niedziel\u0119 prze\u017cywali\u015bmy uroczysto\u015b\u0107 odpustow\u0105 Zes\u0142ania Ducha \u015awi\u0119tego. Bardzo serdecznie dzi\u0119kuj\u0119 osobom zaanga\u017cowanym w przygotowanie i przebieg tej uroczysto\u015bci. Dzi\u0119kuj\u0119 asy\u015bcie procesyjnej, dziewczynkom sypi\u0105cym kwiatkami, paniom, kt\u00f3re opiekuj\u0105 si\u0119 dziewczynkami. Dzi\u0119kuj\u0119 s\u0142u\u017cbie liturgicznej: ministrantom, lektorom i lektorkom, kantorce. Pomagali Pa\u0144stwo Danuta i Henryk Kr\u00f3lowie, Pa\u0144stwo Wies\u0142aw i Bernarda Gierkowscy, Tomasz Geller i Mariusz kr\u00f3l. Dzi\u0119kuj\u0119 Panu organi\u015bcie i wszystkim osobom, kt\u00f3re pomaga\u0142y. Dzi\u0119kuj\u0119 panu Waldemarowi Zimakowskiemu za pomoc przy zamontowaniu zamk\u00f3w przy ogrodzeniu wok\u00f3\u0142 plebanii.<\/li>\n<li>Wszystkim solenizantom i jubilatom najbli\u017cszego tygodnia \u017cyczymy Bo\u017cego b\u0142ogos\u0142awie\u0144stwa, m\u0105dro\u015bci i gorliwo\u015bci w podejmowaniu codziennych obowi\u0105zk\u00f3w oraz do\u015bwiadczenia blisko\u015bci Boga w drugim cz\u0142owieku.<\/li>\n<li>Zach\u0119cam do nabycia prasy katolickiej.<\/li>\n<\/ol>\n","protected":false},"excerpt":{"rendered":"<p>OG\u0141OSZENIA DUSZPASTERSKIE Dzi\u015b uroczysto\u015b\u0107 Naj\u015bwi\u0119tszej Tr\u00f3jcy, w kt\u00f3rej Ko\u015bci\u00f3\u0142 wyznaje wiar\u0119 w Jednego Boga w\u00a0Trzech Osobach. Ta prawda wiary przekracza mo\u017cliwo\u015bci naszego rozumu i pozostaje dla nas wielk\u0105 tajemnic\u0105. Najprostszym jej wyznaniem jest modlitwa \u201eChwa\u0142a Ojcu i Synowi, i\u00a0Duchowi \u015awi\u0119temu (\u2026), a tak\u017ce znak krzy\u017ca. Dzi\u015b ko\u0144czy si\u0119 okres wielkanocnej Komunii \u015awi\u0119tej. Dzisiaj, prze\u017cywamy pierwsz\u0105 &hellip; <\/p>\n<p><a class=\"more-link btn\" href=\"https:\/\/parafiasmardzewo.pl\/?p=8796\">Kontynuuj czytanie<\/a><\/p>\n","protected":false},"author":2,"featured_media":2833,"comment_status":"open","ping_status":"open","sticky":false,"template":"","format":"standard","meta":[],"categories":[2],"tags":[],"_links":{"self":[{"href":"https:\/\/parafiasmardzewo.pl\/index.php?rest_route=\/wp\/v2\/posts\/8796"}],"collection":[{"href":"https:\/\/parafiasmardzewo.pl\/index.php?rest_route=\/wp\/v2\/posts"}],"about":[{"href":"https:\/\/parafiasmardzewo.pl\/index.php?rest_route=\/wp\/v2\/types\/post"}],"author":[{"embeddable":true,"href":"https:\/\/parafiasmardzewo.pl\/index.php?rest_route=\/wp\/v2\/users\/2"}],"replies":[{"embeddable":true,"href":"https:\/\/parafiasmardzewo.pl\/index.php?rest_route=%2Fwp%2Fv2%2Fcomments&post=8796"}],"version-history":[{"count":2,"href":"https:\/\/parafiasmardzewo.pl\/index.php?rest_route=\/wp\/v2\/posts\/8796\/revisions"}],"predecessor-version":[{"id":8798,"href":"https:\/\/parafiasmardzewo.pl\/index.php?rest_route=\/wp\/v2\/posts\/8796\/revisions\/8798"}],"wp:featuredmedia":[{"embeddable":true,"href":"https:\/\/parafiasmardzewo.pl\/index.php?rest_route=\/wp\/v2\/media\/2833"}],"wp:attachment":[{"href":"https:\/\/parafiasmardzewo.pl\/index.php?rest_route=%2Fwp%2Fv2%2Fmedia&parent=8796"}],"wp:term":[{"taxonomy":"category","embeddable":true,"href":"https:\/\/parafiasmardzewo.pl\/index.php?rest_route=%2Fwp%2Fv2%2Fcategories&post=8796"},{"taxonomy":"post_tag","embeddable":true,"href":"https:\/\/parafiasmardzewo.pl\/index.php?rest_route=%2Fwp%2Fv2%2Ftags&post=8796"}],"curies":[{"name":"wp","href":"https:\/\/api.w.org\/{rel}","templated":true}]}}