{"id":8883,"date":"2023-06-10T20:30:50","date_gmt":"2023-06-10T18:30:50","guid":{"rendered":"http:\/\/parafiasmardzewo.pl\/?p=8883"},"modified":"2023-06-10T20:32:50","modified_gmt":"2023-06-10T18:32:50","slug":"dziesiata-niedziela-w-ciagu-roku-11-czerwca-2023-roku","status":"publish","type":"post","link":"https:\/\/parafiasmardzewo.pl\/?p=8883","title":{"rendered":"DZIESI\u0104TA NIEDZIELA W CI\u0104GU ROKU &#8211; 11 czerwca 2023 roku"},"content":{"rendered":"<p><strong>OG\u0141OSZENIA DUSZPASTERSKIE<\/strong><\/p>\n<ol>\n<li>Dzisiaj prze\u017cywamy drug\u0105 niedziel\u0119 czerwca. Po sumie b\u0119dzie wystawienie Naj\u015bwi\u0119tszego Sakramentu i odm\u00f3wimy litani\u0119 do Serca Pana Jezusa z racji oktawy Bo\u017cego Cia\u0142a.<\/li>\n<li>Jutro, 12 czerwca przypada wspomnienie b\u0142ogos\u0142awionych m\u0119czennik\u00f3w: ARCYBISKUPA ANTONIEGO JULIANA NOWOWIEJSKIEGO I BISKUPA LEONA WETMA\u0143SKIEGO ORAZ ICH TOWARZYSZY.<\/li>\n<li>We wtorek, 13 czerwca zapraszam na kolejne nabo\u017ce\u0144stwo fatimskie na godz. 19.00. W tym dniu wspominamy r\u00f3wnie\u017c \u015bw. Antoniego z Padwy, prezbitera i doktora Ko\u015bcio\u0142a.<\/li>\n<li>Trwamy w oktawie Bo\u017cego Cia\u0142a. Codziennie, po Mszy \u015awi\u0119tej, o godz. 18.00 nabo\u017ce\u0144stwo czerwcowe. W czwartek, 15 czerwca, na zako\u0144czenie oktawy Bo\u017cego Cia\u0142a zapraszam asyst\u0119 procesyjn\u0105 i wszystkich parafian oraz go\u015bci\u00a0 na Msz\u0119 \u015awi\u0119t\u0105 o godz. 18.00, adoracj\u0119 i procesj\u0119 eucharystyczn\u0105 wok\u00f3\u0142 \u015bwi\u0105tyni. Przypominam, \u017ce na zako\u0144czenie oktawy Bo\u017cego Cia\u0142a przynosimy do \u015bwi\u0105tyni wianki z tegorocznych traw, kwiat\u00f3w, zi\u00f3\u0142 kt\u00f3re b\u0119d\u0105 po\u015bwi\u0119cone.<\/li>\n<li>W pi\u0105tek, 16 czerwca, przypada UROCZYSTO\u015a\u0106 NAJ\u015aWI\u0118TSZEGO SERC A PANA JEZUSA.<\/li>\n<li>W sobot\u0119 wspomnimy Niepokalane Serce Naj\u015bwi\u0119tszej Maryi Panny.<\/li>\n<li>Wszystkim solenizantom i jubilatom tego tygodnia \u017cycz\u0119 obfito\u015bci \u0142ask Bo\u017cych i opieki Matki Naj\u015bwi\u0119tszej na ka\u017cdy dzie\u0144. Mi\u0142ej i b\u0142ogos\u0142awionej niedzieli.<\/li>\n<li>Zach\u0119cam do nabycia prasy katolickiej.<\/li>\n<\/ol>\n","protected":false},"excerpt":{"rendered":"<p>OG\u0141OSZENIA DUSZPASTERSKIE Dzisiaj prze\u017cywamy drug\u0105 niedziel\u0119 czerwca. Po sumie b\u0119dzie wystawienie Naj\u015bwi\u0119tszego Sakramentu i odm\u00f3wimy litani\u0119 do Serca Pana Jezusa z racji oktawy Bo\u017cego Cia\u0142a. Jutro, 12 czerwca przypada wspomnienie b\u0142ogos\u0142awionych m\u0119czennik\u00f3w: ARCYBISKUPA ANTONIEGO JULIANA NOWOWIEJSKIEGO I BISKUPA LEONA WETMA\u0143SKIEGO ORAZ ICH TOWARZYSZY. We wtorek, 13 czerwca zapraszam na kolejne nabo\u017ce\u0144stwo fatimskie na godz. 19.00. &hellip; <\/p>\n<p><a class=\"more-link btn\" href=\"https:\/\/parafiasmardzewo.pl\/?p=8883\">Kontynuuj czytanie<\/a><\/p>\n","protected":false},"author":2,"featured_media":5378,"comment_status":"open","ping_status":"open","sticky":false,"template":"","format":"standard","meta":[],"categories":[2],"tags":[],"_links":{"self":[{"href":"https:\/\/parafiasmardzewo.pl\/index.php?rest_route=\/wp\/v2\/posts\/8883"}],"collection":[{"href":"https:\/\/parafiasmardzewo.pl\/index.php?rest_route=\/wp\/v2\/posts"}],"about":[{"href":"https:\/\/parafiasmardzewo.pl\/index.php?rest_route=\/wp\/v2\/types\/post"}],"author":[{"embeddable":true,"href":"https:\/\/parafiasmardzewo.pl\/index.php?rest_route=\/wp\/v2\/users\/2"}],"replies":[{"embeddable":true,"href":"https:\/\/parafiasmardzewo.pl\/index.php?rest_route=%2Fwp%2Fv2%2Fcomments&post=8883"}],"version-history":[{"count":3,"href":"https:\/\/parafiasmardzewo.pl\/index.php?rest_route=\/wp\/v2\/posts\/8883\/revisions"}],"predecessor-version":[{"id":8886,"href":"https:\/\/parafiasmardzewo.pl\/index.php?rest_route=\/wp\/v2\/posts\/8883\/revisions\/8886"}],"wp:featuredmedia":[{"embeddable":true,"href":"https:\/\/parafiasmardzewo.pl\/index.php?rest_route=\/wp\/v2\/media\/5378"}],"wp:attachment":[{"href":"https:\/\/parafiasmardzewo.pl\/index.php?rest_route=%2Fwp%2Fv2%2Fmedia&parent=8883"}],"wp:term":[{"taxonomy":"category","embeddable":true,"href":"https:\/\/parafiasmardzewo.pl\/index.php?rest_route=%2Fwp%2Fv2%2Fcategories&post=8883"},{"taxonomy":"post_tag","embeddable":true,"href":"https:\/\/parafiasmardzewo.pl\/index.php?rest_route=%2Fwp%2Fv2%2Ftags&post=8883"}],"curies":[{"name":"wp","href":"https:\/\/api.w.org\/{rel}","templated":true}]}}