{"id":8893,"date":"2023-06-17T23:28:46","date_gmt":"2023-06-17T21:28:46","guid":{"rendered":"http:\/\/parafiasmardzewo.pl\/?p=8893"},"modified":"2023-06-18T07:34:10","modified_gmt":"2023-06-18T05:34:10","slug":"jedenasta-niedziela-w-ciagu-roku-18-czerwca-2023","status":"publish","type":"post","link":"https:\/\/parafiasmardzewo.pl\/?p=8893","title":{"rendered":"JEDENASTA NIEDZIELA W CI\u0104GU ROKU &#8211; 18 czerwca 2023"},"content":{"rendered":"<p><strong>OG\u0141OSZENIA DUSZPASTERSKIE<\/strong><\/p>\n<ol>\n<li>Zach\u0119cam do codziennej wsp\u00f3lnej modlitwy do Naj\u015bwi\u0119tszego Serca Pana Jezusa podczas nabo\u017ce\u0144stwa o godz.18.00.<\/li>\n<li>W pi\u0105tek przypada Dzie\u0144 Ojca. B\u0119dziemy modli\u0107 si\u0119 podczas Mszy \u015awi\u0119tej w intencjach naszych ojc\u00f3w. Dla \u017cyj\u0105cych b\u0119dziemy wyprasza\u0107 obfite Bo\u017ce b\u0142ogos\u0142awie\u0144stwo, a dla zmar\u0142ych wieczny pok\u00f3j w kr\u00f3lestwie Bo\u017cym.<\/li>\n<li>W pi\u0105tek, 23 czerwca br., o godz. 7.30 zostanie odprawiona Msza \u015awi\u0119ta na zako\u0144czenie roku szkolnego i katechetycznego. Zapraszam dzieci, rodzic\u00f3w, nauczycieli na wsp\u00f3ln\u0105 modlitw\u0119 dzi\u0119kczynno-b\u0142agaln\u0105.<\/li>\n<li>W czwartek, od godz. 17.30, mo\u017cliwo\u015b\u0107 spowiedzi dla dzieci i m\u0142odzie\u017cy.\u00a0 Mo\u017cna te\u017c korzysta\u0107 z sakramentu pokuty ka\u017cdego dnia przed Msz\u0105 \u015awi\u0119t\u0105. Zach\u0119cam r\u00f3wnie\u017c rodzic\u00f3w i wychowawc\u00f3w do skorzystania z sakramentu pokuty.<\/li>\n<li>W sobot\u0119, 24 czerwca, przypada uroczysto\u015b\u0107 Narodzenia \u015bw. Jana Chrzciciela. Parafia Sochocin prze\u017cywa w tym dniu doroczny odpust. Suma odpustowa w Sochocinie o godz. 12.00.<\/li>\n<li>Zach\u0119cam do nabycia prasy katolickiej.<\/li>\n<\/ol>\n<p>&nbsp;<\/p>\n<p>&nbsp;<\/p>\n<p>&nbsp;<\/p>\n","protected":false},"excerpt":{"rendered":"<p>OG\u0141OSZENIA DUSZPASTERSKIE Zach\u0119cam do codziennej wsp\u00f3lnej modlitwy do Naj\u015bwi\u0119tszego Serca Pana Jezusa podczas nabo\u017ce\u0144stwa o godz.18.00. W pi\u0105tek przypada Dzie\u0144 Ojca. B\u0119dziemy modli\u0107 si\u0119 podczas Mszy \u015awi\u0119tej w intencjach naszych ojc\u00f3w. Dla \u017cyj\u0105cych b\u0119dziemy wyprasza\u0107 obfite Bo\u017ce b\u0142ogos\u0142awie\u0144stwo, a dla zmar\u0142ych wieczny pok\u00f3j w kr\u00f3lestwie Bo\u017cym. W pi\u0105tek, 23 czerwca br., o godz. 7.30 zostanie &hellip; <\/p>\n<p><a class=\"more-link btn\" href=\"https:\/\/parafiasmardzewo.pl\/?p=8893\">Kontynuuj czytanie<\/a><\/p>\n","protected":false},"author":2,"featured_media":2833,"comment_status":"open","ping_status":"open","sticky":false,"template":"","format":"standard","meta":[],"categories":[2],"tags":[],"_links":{"self":[{"href":"https:\/\/parafiasmardzewo.pl\/index.php?rest_route=\/wp\/v2\/posts\/8893"}],"collection":[{"href":"https:\/\/parafiasmardzewo.pl\/index.php?rest_route=\/wp\/v2\/posts"}],"about":[{"href":"https:\/\/parafiasmardzewo.pl\/index.php?rest_route=\/wp\/v2\/types\/post"}],"author":[{"embeddable":true,"href":"https:\/\/parafiasmardzewo.pl\/index.php?rest_route=\/wp\/v2\/users\/2"}],"replies":[{"embeddable":true,"href":"https:\/\/parafiasmardzewo.pl\/index.php?rest_route=%2Fwp%2Fv2%2Fcomments&post=8893"}],"version-history":[{"count":4,"href":"https:\/\/parafiasmardzewo.pl\/index.php?rest_route=\/wp\/v2\/posts\/8893\/revisions"}],"predecessor-version":[{"id":8899,"href":"https:\/\/parafiasmardzewo.pl\/index.php?rest_route=\/wp\/v2\/posts\/8893\/revisions\/8899"}],"wp:featuredmedia":[{"embeddable":true,"href":"https:\/\/parafiasmardzewo.pl\/index.php?rest_route=\/wp\/v2\/media\/2833"}],"wp:attachment":[{"href":"https:\/\/parafiasmardzewo.pl\/index.php?rest_route=%2Fwp%2Fv2%2Fmedia&parent=8893"}],"wp:term":[{"taxonomy":"category","embeddable":true,"href":"https:\/\/parafiasmardzewo.pl\/index.php?rest_route=%2Fwp%2Fv2%2Fcategories&post=8893"},{"taxonomy":"post_tag","embeddable":true,"href":"https:\/\/parafiasmardzewo.pl\/index.php?rest_route=%2Fwp%2Fv2%2Ftags&post=8893"}],"curies":[{"name":"wp","href":"https:\/\/api.w.org\/{rel}","templated":true}]}}