{"id":8900,"date":"2023-06-24T21:24:41","date_gmt":"2023-06-24T19:24:41","guid":{"rendered":"http:\/\/parafiasmardzewo.pl\/?p=8900"},"modified":"2023-06-24T21:24:41","modified_gmt":"2023-06-24T19:24:41","slug":"dwunasta-niedziela-w-ciagu-roku-25-czerwca-2023","status":"publish","type":"post","link":"https:\/\/parafiasmardzewo.pl\/?p=8900","title":{"rendered":"DWUNASTA NIEDZIELA W CI\u0104GU ROKU &#8211; 25 czerwca 2023"},"content":{"rendered":"<p><strong>OG\u0141OSZENIA DUSZPASTERSKIE<\/strong><\/p>\n<ol>\n<li>Dzisiaj, po sumie b\u0119dzie spotkanie z Rad\u0105 Gospodarcz\u0105, natomiast po Mszy \u015awi\u0119tej o godz. 16.00 zapraszam cz\u0142onk\u00f3w Rady Duszpasterskiej na spotkanie.<\/li>\n<li>W miniony pi\u0105tek o godz. 7.30 by\u0142a sprawowana Msza \u015awi\u0119ta dzi\u0119kczynna za miniony rok szkolny i katechetyczny. Modlili\u015bmy si\u0119 r\u00f3wnie\u017c o Bo\u017ce b\u0142ogos\u0142awie\u0144stwo dla dzieci, m\u0142odzie\u017cy, nauczycieli na czas wakacji. Przypominam rodzicom, dzieciom i m\u0142odzie\u017cy o codziennej modlitwie i o obowi\u0105zku uczestniczenia w niedzielnej Mszy \u015awi\u0119tej.<\/li>\n<li>W czwartek, w uroczysto\u015b\u0107 \u015awi\u0119tych Aposto\u0142\u00f3w Piotra i Paw\u0142a, naszymi modlitwami b\u0119dziemy wspiera\u0107 osob\u0119 i dzie\u0142a Ojca \u015awi\u0119tego. Msze \u015awi\u0119te b\u0119d\u0105 sprawowane o godz. 10.00 i 18.00. Tradycyjnie w tym dniu zbierana ofiara przekazywana jest na dzia\u0142alno\u015b\u0107 Stolicy Apostolskiej.<\/li>\n<li>W sobot\u0119, 1 lipca, prze\u017cywa\u0107 b\u0119dziemy prze\u017cywa\u0107 pierwsz\u0105 sobot\u0119 miesi\u0105ca.<\/li>\n<li>Za tydzie\u0144 przypada pierwsza niedziela lipca. Na sum\u0119 zapraszam asyst\u0119 procesyjn\u0105 i dziewczynki do sypania kwiatkami.<\/li>\n<li>Zach\u0119cam do nabycia prasy katolickiej.<\/li>\n<\/ol>\n<p>&nbsp;<\/p>\n<p>&nbsp;<\/p>\n","protected":false},"excerpt":{"rendered":"<p>OG\u0141OSZENIA DUSZPASTERSKIE Dzisiaj, po sumie b\u0119dzie spotkanie z Rad\u0105 Gospodarcz\u0105, natomiast po Mszy \u015awi\u0119tej o godz. 16.00 zapraszam cz\u0142onk\u00f3w Rady Duszpasterskiej na spotkanie. W miniony pi\u0105tek o godz. 7.30 by\u0142a sprawowana Msza \u015awi\u0119ta dzi\u0119kczynna za miniony rok szkolny i katechetyczny. Modlili\u015bmy si\u0119 r\u00f3wnie\u017c o Bo\u017ce b\u0142ogos\u0142awie\u0144stwo dla dzieci, m\u0142odzie\u017cy, nauczycieli na czas wakacji. Przypominam rodzicom, &hellip; <\/p>\n<p><a class=\"more-link btn\" href=\"https:\/\/parafiasmardzewo.pl\/?p=8900\">Kontynuuj czytanie<\/a><\/p>\n","protected":false},"author":2,"featured_media":5378,"comment_status":"open","ping_status":"open","sticky":false,"template":"","format":"standard","meta":[],"categories":[2],"tags":[],"_links":{"self":[{"href":"https:\/\/parafiasmardzewo.pl\/index.php?rest_route=\/wp\/v2\/posts\/8900"}],"collection":[{"href":"https:\/\/parafiasmardzewo.pl\/index.php?rest_route=\/wp\/v2\/posts"}],"about":[{"href":"https:\/\/parafiasmardzewo.pl\/index.php?rest_route=\/wp\/v2\/types\/post"}],"author":[{"embeddable":true,"href":"https:\/\/parafiasmardzewo.pl\/index.php?rest_route=\/wp\/v2\/users\/2"}],"replies":[{"embeddable":true,"href":"https:\/\/parafiasmardzewo.pl\/index.php?rest_route=%2Fwp%2Fv2%2Fcomments&post=8900"}],"version-history":[{"count":1,"href":"https:\/\/parafiasmardzewo.pl\/index.php?rest_route=\/wp\/v2\/posts\/8900\/revisions"}],"predecessor-version":[{"id":8901,"href":"https:\/\/parafiasmardzewo.pl\/index.php?rest_route=\/wp\/v2\/posts\/8900\/revisions\/8901"}],"wp:featuredmedia":[{"embeddable":true,"href":"https:\/\/parafiasmardzewo.pl\/index.php?rest_route=\/wp\/v2\/media\/5378"}],"wp:attachment":[{"href":"https:\/\/parafiasmardzewo.pl\/index.php?rest_route=%2Fwp%2Fv2%2Fmedia&parent=8900"}],"wp:term":[{"taxonomy":"category","embeddable":true,"href":"https:\/\/parafiasmardzewo.pl\/index.php?rest_route=%2Fwp%2Fv2%2Fcategories&post=8900"},{"taxonomy":"post_tag","embeddable":true,"href":"https:\/\/parafiasmardzewo.pl\/index.php?rest_route=%2Fwp%2Fv2%2Ftags&post=8900"}],"curies":[{"name":"wp","href":"https:\/\/api.w.org\/{rel}","templated":true}]}}