{"id":8913,"date":"2023-07-01T20:55:03","date_gmt":"2023-07-01T18:55:03","guid":{"rendered":"https:\/\/parafiasmardzewo.pl\/?p=8913"},"modified":"2023-07-01T20:56:12","modified_gmt":"2023-07-01T18:56:12","slug":"trzynasta-niedziela-w-ciagu-roku-2-lipca-2023","status":"publish","type":"post","link":"https:\/\/parafiasmardzewo.pl\/?p=8913","title":{"rendered":"TRZYNASTA NIEDZIELA W CI\u0104GU ROKU &#8211;  2 lipca 2023"},"content":{"rendered":"<p><strong>OG\u0141OSZENIA DUSZPASTERSKIE\u00a0\u00a0\u00a0\u00a0\u00a0\u00a0\u00a0\u00a0\u00a0\u00a0\u00a0\u00a0\u00a0\u00a0\u00a0\u00a0\u00a0\u00a0\u00a0\u00a0\u00a0\u00a0\u00a0\u00a0\u00a0\u00a0\u00a0\u00a0\u00a0\u00a0\u00a0\u00a0\u00a0\u00a0\u00a0\u00a0\u00a0\u00a0\u00a0\u00a0\u00a0\u00a0\u00a0\u00a0\u00a0\u00a0\u00a0\u00a0\u00a0\u00a0\u00a0\u00a0\u00a0\u00a0\u00a0\u00a0\u00a0\u00a0\u00a0\u00a0\u00a0\u00a0\u00a0\u00a0\u00a0\u00a0\u00a0\u00a0\u00a0\u00a0\u00a0\u00a0\u00a0\u00a0\u00a0\u00a0\u00a0\u00a0\u00a0\u00a0\u00a0\u00a0\u00a0 <\/strong><\/p>\n<ol>\n<li>Dzisiaj, z racji pierwszej niedzieli lipca, po sumie b\u0119dzie wystawienie Naj\u015bwi\u0119tszego Sakrament, adoracja i procesja eucharystyczna wok\u00f3\u0142 \u015bwi\u0105tyni.<\/li>\n<li>W tym tygodniu przypadaj\u0105 pierwszy czwartek i pierwszy pi\u0105tek miesi\u0105ca. Tradycyjne nabo\u017ce\u0144stwa zwi\u0105zane z tymi dniami odprawimy o sta\u0142ych godzinach. W pi\u0105tek mo\u017cliwo\u015b\u0107 spowiedzi od godziny 17.30. Po Mszy \u015awi\u0119tej wystawienie Naj\u015bwi\u0119tszego sakramentu i adoracja.<\/li>\n<li>W czwartek, 6 lipca, przypada \u015bwi\u0119to patronalne Apostolstwa Chorych. Jest to dawne wspomnienie Matki Bo\u017cej Uzdrowienia Chorych. B\u0119dziemy szczeg\u00f3lnie modlili si\u0119 za naszych chorych parafian podczas Mszy \u015awi\u0119tej o godz. 18.00.<\/li>\n<li>Lipiec w dawnej tradycji Ko\u015bcio\u0142a po\u015bwi\u0119cony by\u0142 czci Przenaj\u015bwi\u0119tszej Krwi naszego Zbawiciela. Zach\u0119cam do indywidualnego odmawiania Litanii do Najdro\u017cszej Krwi Chrystusa Pana, kt\u00f3r\u0105 mo\u017cemy odnale\u017a\u0107 w modlitewnikach lub w internecie.<\/li>\n<li>Zach\u0119cam do nabycia prasy katolickiej.<\/li>\n<\/ol>\n","protected":false},"excerpt":{"rendered":"<p>OG\u0141OSZENIA DUSZPASTERSKIE\u00a0\u00a0\u00a0\u00a0\u00a0\u00a0\u00a0\u00a0\u00a0\u00a0\u00a0\u00a0\u00a0\u00a0\u00a0\u00a0\u00a0\u00a0\u00a0\u00a0\u00a0\u00a0\u00a0\u00a0\u00a0\u00a0\u00a0\u00a0\u00a0\u00a0\u00a0\u00a0\u00a0\u00a0\u00a0\u00a0\u00a0\u00a0\u00a0\u00a0\u00a0\u00a0\u00a0\u00a0\u00a0\u00a0\u00a0\u00a0\u00a0\u00a0\u00a0\u00a0\u00a0\u00a0\u00a0\u00a0\u00a0\u00a0\u00a0\u00a0\u00a0\u00a0\u00a0\u00a0\u00a0\u00a0\u00a0\u00a0\u00a0\u00a0\u00a0\u00a0\u00a0\u00a0\u00a0\u00a0\u00a0\u00a0\u00a0\u00a0\u00a0\u00a0\u00a0 Dzisiaj, z racji pierwszej niedzieli lipca, po sumie b\u0119dzie wystawienie Naj\u015bwi\u0119tszego Sakrament, adoracja i procesja eucharystyczna wok\u00f3\u0142 \u015bwi\u0105tyni. W tym tygodniu przypadaj\u0105 pierwszy czwartek i pierwszy pi\u0105tek miesi\u0105ca. Tradycyjne nabo\u017ce\u0144stwa zwi\u0105zane z tymi dniami odprawimy o sta\u0142ych godzinach. W pi\u0105tek mo\u017cliwo\u015b\u0107 spowiedzi od godziny 17.30. Po Mszy \u015awi\u0119tej wystawienie Naj\u015bwi\u0119tszego sakramentu i adoracja. &hellip; <\/p>\n<p><a class=\"more-link btn\" href=\"https:\/\/parafiasmardzewo.pl\/?p=8913\">Kontynuuj czytanie<\/a><\/p>\n","protected":false},"author":2,"featured_media":4017,"comment_status":"open","ping_status":"open","sticky":false,"template":"","format":"standard","meta":[],"categories":[2],"tags":[],"_links":{"self":[{"href":"https:\/\/parafiasmardzewo.pl\/index.php?rest_route=\/wp\/v2\/posts\/8913"}],"collection":[{"href":"https:\/\/parafiasmardzewo.pl\/index.php?rest_route=\/wp\/v2\/posts"}],"about":[{"href":"https:\/\/parafiasmardzewo.pl\/index.php?rest_route=\/wp\/v2\/types\/post"}],"author":[{"embeddable":true,"href":"https:\/\/parafiasmardzewo.pl\/index.php?rest_route=\/wp\/v2\/users\/2"}],"replies":[{"embeddable":true,"href":"https:\/\/parafiasmardzewo.pl\/index.php?rest_route=%2Fwp%2Fv2%2Fcomments&post=8913"}],"version-history":[{"count":3,"href":"https:\/\/parafiasmardzewo.pl\/index.php?rest_route=\/wp\/v2\/posts\/8913\/revisions"}],"predecessor-version":[{"id":8916,"href":"https:\/\/parafiasmardzewo.pl\/index.php?rest_route=\/wp\/v2\/posts\/8913\/revisions\/8916"}],"wp:featuredmedia":[{"embeddable":true,"href":"https:\/\/parafiasmardzewo.pl\/index.php?rest_route=\/wp\/v2\/media\/4017"}],"wp:attachment":[{"href":"https:\/\/parafiasmardzewo.pl\/index.php?rest_route=%2Fwp%2Fv2%2Fmedia&parent=8913"}],"wp:term":[{"taxonomy":"category","embeddable":true,"href":"https:\/\/parafiasmardzewo.pl\/index.php?rest_route=%2Fwp%2Fv2%2Fcategories&post=8913"},{"taxonomy":"post_tag","embeddable":true,"href":"https:\/\/parafiasmardzewo.pl\/index.php?rest_route=%2Fwp%2Fv2%2Ftags&post=8913"}],"curies":[{"name":"wp","href":"https:\/\/api.w.org\/{rel}","templated":true}]}}