{"id":8917,"date":"2023-07-08T21:23:21","date_gmt":"2023-07-08T19:23:21","guid":{"rendered":"https:\/\/parafiasmardzewo.pl\/?p=8917"},"modified":"2023-07-08T22:13:23","modified_gmt":"2023-07-08T20:13:23","slug":"msze-swiete-od-10-16-lipca-2023-roku","status":"publish","type":"post","link":"https:\/\/parafiasmardzewo.pl\/?p=8917","title":{"rendered":"Msze \u015awi\u0119te od 10 &#8211; 16 lipca 2023 roku"},"content":{"rendered":"<p><strong>Poniedzia\u0142ek<\/strong><br \/>\n<strong>godz. 7.30 + <\/strong>Wies\u0142awa Grzelak\u00a0 &#8211; int. p.<\/p>\n<p><strong>godz. 18.00 <\/strong>+ \u00a0Zofia i Henryk Tomaszewscy, S\u0142awomir Romanowski, Teresa Lewandowska i Andrzej Tomaszewski oraz Cezary Chodkowski<\/p>\n<p><strong>Wtorek\u00a0 <\/strong><\/p>\n<p><strong>godz. 7.30 <\/strong>O Bo\u017ce b\u0142ogos\u0142awie\u0144stwo\u00a0 dla \u0141ucji Teresy<\/p>\n<p><strong>\u015aroda<\/strong><\/p>\n<p><strong>godz. 7.30<\/strong> + \u00a0Roman W\u0142ostowski \u2013 int. pog.<\/p>\n<p>godz. 18.00\u00a0 Dzi\u0119kczynna i o Bo\u017ce b\u0142ogos\u0142awie\u0144stwo dla Teresy oraz J\u00f3zefa i \u0141ucji<\/p>\n<p><strong>Czwartek<\/strong><\/p>\n<p><strong>godz. 7.30 +\u00a0 <\/strong>W\u0142odarska Daniela \u2013 int. pog.<\/p>\n<p><strong>godz. 19.00<\/strong> W intencji parafian i go\u015bci \/ Nabo\u017ce\u0144stwo fatimskie<\/p>\n<p><strong>Pi\u0105tek<\/strong><br \/>\n<strong>godz. 7.30<\/strong> + \u00a0Miros\u0142aw Wi\u015bniewski \u2013 int. pog.\u00a0 \u00a0 \u00a0 \u00a0 \u00a0 \u00a0 \u00a0 \u00a0 \u00a0 \u00a0 \u00a0 \u00a0 \u00a0 \u00a0 \u00a0 \u00a0 \u00a0 \u00a0 \u00a0 \u00a0 \u00a0 \u00a0 \u00a0 \u00a0 \u00a0 \u00a0 \u00a0 \u00a0 \u00a0 \u00a0 \u00a0 \u00a0 \u00a0 \u00a0 \u00a0 \u00a0 \u00a0 \u00a0 \u00a0 \u00a0 \u00a0 \u00a0 \u00a0 \u00a0 \u00a0 \u00a0 \u00a0 \u00a0 \u00a0 \u00a0 \u00a0 \u00a0 \u00a0 \u00a0 \u00a0 \u00a0 \u00a0 \u00a0 \u00a0 \u00a0 \u00a0 \u00a0 \u00a0 \u00a0 \u00a0 \u00a0 \u00a0 \u00a0 \u00a0 \u00a0 \u00a0 \u00a0godz. 18.00\u00a0 Dzi\u0119kczynno-b\u0142agalna z pro\u015bb\u0105 o \u0142ask\u0119 zdrowia, Bo\u017ce b\u0142ogos\u0142awie\u0144stwo i wype\u0142nienie woli Bo\u017cej dla Alicji Plenkowskiej<\/p>\n<p><strong>Sobota<\/strong><br \/>\n<strong>godz. 7.30 \u00a0<\/strong>O Bo\u017ce b\u0142ogos\u0142awie\u0144stwo dla \u0141ucji i Teresy<\/p>\n<p><strong>godz. 18. 00<\/strong> + \u00a0Danuta Porkuszewska \u2013 int. pog.<\/p>\n<p><strong>Niedziela<\/strong><\/p>\n<p><strong>godz. 9.00<\/strong>\u00a0 + \u00a0Krystyna i Eugeniusz Strugalscy; 2) W intencji parafian i go\u015bci<\/p>\n<p><strong>godz. 10.45<\/strong> + Za zmar\u0142ych pionier\u00f3w dzia\u0142ek w Podsmardzewie \u2013 int. przyjaciel zmar\u0142ych; 2) Dzi\u0119kczynna za opiek\u0119 Matki Bo\u017cej dla rodziny Czarneckich i dzi\u0119kczynna za ubieg\u0142oroczne plony<\/p>\n<p><strong>godz. 16.00<\/strong> + \u00a0Michalina i Tadeusz K\u0119dzierscy; 2) Dzi\u0119kczynna i o Bo\u017ce b\u0142ogos\u0142awie\u0144stwo dla Justyny i Dariusza Tarwackich z c\u00f3rkami<\/p>\n<p>&nbsp;<\/p>\n","protected":false},"excerpt":{"rendered":"<p>Poniedzia\u0142ek godz. 7.30 + Wies\u0142awa Grzelak\u00a0 &#8211; int. p. godz. 18.00 + \u00a0Zofia i Henryk Tomaszewscy, S\u0142awomir Romanowski, Teresa Lewandowska i Andrzej Tomaszewski oraz Cezary Chodkowski Wtorek\u00a0 godz. 7.30 O Bo\u017ce b\u0142ogos\u0142awie\u0144stwo\u00a0 dla \u0141ucji Teresy \u015aroda godz. 7.30 + \u00a0Roman W\u0142ostowski \u2013 int. pog. godz. 18.00\u00a0 Dzi\u0119kczynna i o Bo\u017ce b\u0142ogos\u0142awie\u0144stwo dla Teresy oraz J\u00f3zefa &hellip; <\/p>\n<p><a class=\"more-link btn\" href=\"https:\/\/parafiasmardzewo.pl\/?p=8917\">Kontynuuj czytanie<\/a><\/p>\n","protected":false},"author":1,"featured_media":8209,"comment_status":"open","ping_status":"open","sticky":false,"template":"","format":"standard","meta":[],"categories":[5],"tags":[],"_links":{"self":[{"href":"https:\/\/parafiasmardzewo.pl\/index.php?rest_route=\/wp\/v2\/posts\/8917"}],"collection":[{"href":"https:\/\/parafiasmardzewo.pl\/index.php?rest_route=\/wp\/v2\/posts"}],"about":[{"href":"https:\/\/parafiasmardzewo.pl\/index.php?rest_route=\/wp\/v2\/types\/post"}],"author":[{"embeddable":true,"href":"https:\/\/parafiasmardzewo.pl\/index.php?rest_route=\/wp\/v2\/users\/1"}],"replies":[{"embeddable":true,"href":"https:\/\/parafiasmardzewo.pl\/index.php?rest_route=%2Fwp%2Fv2%2Fcomments&post=8917"}],"version-history":[{"count":8,"href":"https:\/\/parafiasmardzewo.pl\/index.php?rest_route=\/wp\/v2\/posts\/8917\/revisions"}],"predecessor-version":[{"id":8926,"href":"https:\/\/parafiasmardzewo.pl\/index.php?rest_route=\/wp\/v2\/posts\/8917\/revisions\/8926"}],"wp:featuredmedia":[{"embeddable":true,"href":"https:\/\/parafiasmardzewo.pl\/index.php?rest_route=\/wp\/v2\/media\/8209"}],"wp:attachment":[{"href":"https:\/\/parafiasmardzewo.pl\/index.php?rest_route=%2Fwp%2Fv2%2Fmedia&parent=8917"}],"wp:term":[{"taxonomy":"category","embeddable":true,"href":"https:\/\/parafiasmardzewo.pl\/index.php?rest_route=%2Fwp%2Fv2%2Fcategories&post=8917"},{"taxonomy":"post_tag","embeddable":true,"href":"https:\/\/parafiasmardzewo.pl\/index.php?rest_route=%2Fwp%2Fv2%2Ftags&post=8917"}],"curies":[{"name":"wp","href":"https:\/\/api.w.org\/{rel}","templated":true}]}}