{"id":8928,"date":"2023-07-08T23:07:49","date_gmt":"2023-07-08T21:07:49","guid":{"rendered":"https:\/\/parafiasmardzewo.pl\/?p=8928"},"modified":"2023-07-08T23:07:49","modified_gmt":"2023-07-08T21:07:49","slug":"czternasta-niedziela-w-ciagu-roku-9-lipca-2023","status":"publish","type":"post","link":"https:\/\/parafiasmardzewo.pl\/?p=8928","title":{"rendered":"CZTERNASTA NIEDZIELA W CI\u0104GU ROKU &#8211; 9 lipca 2023"},"content":{"rendered":"<p><strong>OG\u0141OSZENIA DUSZPASTERSKIE<\/strong><\/p>\n<ol>\n<li>W najbli\u017cszy czwartek, 13 lipca, zapraszam na godz. 19.00 na kolejne Nabo\u017ce\u0144stwo fatimskie. Zach\u0119cam do pisania podzi\u0119kowa\u0144 i pr\u00f3\u015bb do Matki Bo\u017cej, kt\u00f3re s\u0105 czytane w czasie modlitwy r\u00f3\u017ca\u0144cowej.<\/li>\n<li>25 lipca wspominamy w Liturgii Ko\u015bcio\u0142a \u015bw. Krzysztofa, patrona kierowc\u00f3w i podr\u00f3\u017cuj\u0105cych. 23 lipca (niedziela) na wszystkich Mszach \u015awi\u0119tych b\u0119dziemy si\u0119 modli\u0107 za kierowc\u00f3w i podr\u00f3\u017cuj\u0105cych i b\u0119d\u0105 po\u015bwi\u0119cane pojazdy.<\/li>\n<li>6 sierpnia po raz 42. wyruszy Piesza Pielgrzymka z P\u0142ocka na Jasn\u0105 G\u00f3r\u0119. Zapraszam do p\u00f3j\u015bcia na pielgrzymk\u0119. Ci, kt\u00f3rzy nie mog\u0105 uczestniczy\u0107 w pielgrzymce mog\u0105 pielgrzymowa\u0107 w spos\u00f3b duchowy.<\/li>\n<li>Zach\u0119cam do nabycia prasy katolickiej.<\/li>\n<li>Go\u015bciom, kt\u00f3rzy modl\u0105 si\u0119 z nami i parafianom smardzewskim \u017cycz\u0119 dobrej niedzieli.<\/li>\n<li>\u00a0Wczoraj odby\u0142 si\u0119 pogrzeb \u015bw. p. Piotra B\u0142aszkowskiego, kt\u00f3ry prze\u017cy\u0142 42 lata. Od uczestnik\u00f3w pogrzebu b\u0119d\u0105 odprawione 32 Msze \u015awi\u0119te<\/li>\n<\/ol>\n","protected":false},"excerpt":{"rendered":"<p>OG\u0141OSZENIA DUSZPASTERSKIE W najbli\u017cszy czwartek, 13 lipca, zapraszam na godz. 19.00 na kolejne Nabo\u017ce\u0144stwo fatimskie. Zach\u0119cam do pisania podzi\u0119kowa\u0144 i pr\u00f3\u015bb do Matki Bo\u017cej, kt\u00f3re s\u0105 czytane w czasie modlitwy r\u00f3\u017ca\u0144cowej. 25 lipca wspominamy w Liturgii Ko\u015bcio\u0142a \u015bw. Krzysztofa, patrona kierowc\u00f3w i podr\u00f3\u017cuj\u0105cych. 23 lipca (niedziela) na wszystkich Mszach \u015awi\u0119tych b\u0119dziemy si\u0119 modli\u0107 za kierowc\u00f3w &hellip; <\/p>\n<p><a class=\"more-link btn\" href=\"https:\/\/parafiasmardzewo.pl\/?p=8928\">Kontynuuj czytanie<\/a><\/p>\n","protected":false},"author":2,"featured_media":5378,"comment_status":"open","ping_status":"open","sticky":false,"template":"","format":"standard","meta":[],"categories":[2],"tags":[],"_links":{"self":[{"href":"https:\/\/parafiasmardzewo.pl\/index.php?rest_route=\/wp\/v2\/posts\/8928"}],"collection":[{"href":"https:\/\/parafiasmardzewo.pl\/index.php?rest_route=\/wp\/v2\/posts"}],"about":[{"href":"https:\/\/parafiasmardzewo.pl\/index.php?rest_route=\/wp\/v2\/types\/post"}],"author":[{"embeddable":true,"href":"https:\/\/parafiasmardzewo.pl\/index.php?rest_route=\/wp\/v2\/users\/2"}],"replies":[{"embeddable":true,"href":"https:\/\/parafiasmardzewo.pl\/index.php?rest_route=%2Fwp%2Fv2%2Fcomments&post=8928"}],"version-history":[{"count":1,"href":"https:\/\/parafiasmardzewo.pl\/index.php?rest_route=\/wp\/v2\/posts\/8928\/revisions"}],"predecessor-version":[{"id":8929,"href":"https:\/\/parafiasmardzewo.pl\/index.php?rest_route=\/wp\/v2\/posts\/8928\/revisions\/8929"}],"wp:featuredmedia":[{"embeddable":true,"href":"https:\/\/parafiasmardzewo.pl\/index.php?rest_route=\/wp\/v2\/media\/5378"}],"wp:attachment":[{"href":"https:\/\/parafiasmardzewo.pl\/index.php?rest_route=%2Fwp%2Fv2%2Fmedia&parent=8928"}],"wp:term":[{"taxonomy":"category","embeddable":true,"href":"https:\/\/parafiasmardzewo.pl\/index.php?rest_route=%2Fwp%2Fv2%2Fcategories&post=8928"},{"taxonomy":"post_tag","embeddable":true,"href":"https:\/\/parafiasmardzewo.pl\/index.php?rest_route=%2Fwp%2Fv2%2Ftags&post=8928"}],"curies":[{"name":"wp","href":"https:\/\/api.w.org\/{rel}","templated":true}]}}