{"id":8931,"date":"2023-07-15T21:46:50","date_gmt":"2023-07-15T19:46:50","guid":{"rendered":"https:\/\/parafiasmardzewo.pl\/?p=8931"},"modified":"2023-07-15T21:51:57","modified_gmt":"2023-07-15T19:51:57","slug":"pietnasta-niedziela-w-ciagu-roku-16-lipca-2023","status":"publish","type":"post","link":"https:\/\/parafiasmardzewo.pl\/?p=8931","title":{"rendered":"PI\u0118TNASTA NIEDZIELA W CI\u0104GU ROKU &#8211;  16 lipca 2023"},"content":{"rendered":"<p><strong>OG\u0141OSZENIA DUSZPASTERSKIE\u00a0 \u00a0 \u00a0 \u00a0 \u00a0 \u00a0 \u00a0 \u00a0 \u00a0 \u00a0 \u00a0 \u00a0 \u00a0 \u00a0 \u00a0 \u00a0 \u00a0 \u00a0 \u00a0 \u00a0 \u00a0 \u00a0 \u00a0 \u00a0 \u00a0 \u00a0 \u00a0 \u00a0 \u00a0 \u00a0 \u00a0 \u00a0 \u00a0 \u00a0 \u00a0 \u00a0 \u00a0 \u00a0 \u00a0 \u00a0 \u00a0 \u00a0 \u00a0 \u00a0 \u00a0 \u00a0 \u00a0 \u00a0 \u00a0 \u00a0 \u00a0 \u00a0 \u00a0 \u00a0 \u00a0 \u00a0 \u00a0 \u00a0 \u00a0 \u00a0 \u00a0 \u00a0 \u00a0 \u00a0 \u00a0 \u00a0 \u00a0 \u00a0 \u00a0 \u00a0 \u00a0 \u00a0 \u00a0 \u00a0 \u00a0 \u00a0 \u00a0 \u00a0 \u00a0 \u00a0 \u00a0 \u00a0 \u00a0 \u00a0 1. <\/strong>Dzisiaj, 16 lipca, wspominamy Naj\u015bwi\u0119tsz\u0105 Maryj\u0119 Pann\u0119 z g\u00f3ry Karmel. Z tej okazji zach\u0119cam wszystkich do \u015bwiadomego noszenia przy sobie znak\u00f3w przynale\u017cno\u015bci do Chrystusa. Jednym z tych znak\u00f3w jest szkaplerz lub medalik zawieszony na szyi albo noszony w kieszeni ubrania. Przypominam, \u017ce taki znak powinien by\u0107 pob\u0142ogos\u0142awiony przez kap\u0142ana i noszony w godny spos\u00f3b. Pami\u0119tajmy o s\u0142owach Chrystusa: \u201ekto si\u0119 przyzna do Mnie przed lud\u017ami, do tego Ja przyznam si\u0119 przed Ojcem moim\u201d. W naszej parafii jest grupa os\u00f3b, kt\u00f3rzy nale\u017c\u0105 szkaplerza \u015bwi\u0119tego. 13 sierpnia br., na nabo\u017ce\u0144stwie fatimskim, o godz. 19.00 b\u0119dzie sprawowana Msza \u015awi\u0119ta w intencji cz\u0142onk\u00f3w szkaplerza \u015bwi\u0119tego i rodzic\u00f3w, kt\u00f3rzy odmawiaj\u0105 ka\u017cdego dnia r\u00f3\u017caniec w intencji swoich dzieci. Jest te\u017c taka grupa rodzic\u00f3w w naszej parafii.\u00a0 \u00a0 \u00a0 \u00a0 \u00a0 \u00a0 \u00a0 \u00a0 \u00a0 \u00a0 \u00a0 \u00a0 \u00a0 \u00a0 \u00a0 \u00a0 \u00a0 \u00a02. 25 lipca wspominamy w Liturgii Ko\u015bcio\u0142a \u015bw. Krzysztofa, patrona kierowc\u00f3w i podr\u00f3\u017cuj\u0105cych. 23 lipca (niedziela) na wszystkich Mszach \u015awi\u0119tych b\u0119dziemy si\u0119 modli\u0107 za kierowc\u00f3w i podr\u00f3\u017cuj\u0105cych i b\u0119d\u0105 po\u015bwi\u0119cane pojazdy.\u00a0 \u00a0 \u00a0 \u00a0 \u00a0 \u00a0 \u00a0 \u00a0 \u00a0 \u00a0 \u00a0 \u00a0 \u00a0 \u00a0 \u00a0 \u00a0 \u00a0 \u00a0 \u00a0 \u00a0 \u00a0 \u00a0 \u00a0 \u00a0 \u00a0 \u00a0 \u00a0 \u00a0 \u00a0 \u00a0 \u00a0 \u00a0 \u00a0 \u00a0 \u00a0 \u00a0 \u00a0 \u00a0 \u00a0 \u00a0 \u00a0 \u00a0 \u00a0 \u00a0 \u00a0 \u00a0 \u00a0 \u00a0 \u00a0 \u00a0 \u00a0 \u00a0 \u00a0 \u00a0 \u00a0 \u00a0 \u00a0 \u00a0 \u00a0 \u00a0 \u00a0 \u00a0 \u00a0 \u00a0 \u00a0 \u00a0 \u00a0 \u00a0 \u00a0 \u00a0 \u00a0 \u00a0 \u00a0 \u00a0 \u00a0 \u00a0 \u00a0 \u00a0 \u00a0 \u00a0 \u00a0 \u00a0 \u00a0 \u00a0 \u00a0 \u00a0 \u00a0 \u00a0 \u00a0 \u00a0 \u00a0 \u00a0 \u00a0 \u00a0 \u00a0 \u00a0 \u00a0 \u00a0 \u00a0 3. 4 sierpnia b\u0119dziemy go\u015bci\u0107 pielgrzym\u00f3w z diecezji warmi\u0144skiej, kt\u00f3rzy pielgrzymuj\u0105 na Jasn\u0105 G\u00f3r\u0119. Podobnie jak w latach ubieg\u0142ych prosz\u0119 parafian o przygotowanie \u015bniadania dla p\u0105tnik\u00f3w.\u00a0 \u00a0 \u00a0 \u00a0 \u00a0 \u00a0 \u00a0 \u00a0 \u00a0 \u00a0 \u00a0 \u00a0 \u00a0 \u00a0 \u00a0 \u00a0 \u00a0 \u00a0 \u00a0 \u00a0 \u00a0 \u00a0 \u00a0 \u00a04. 6 sierpnia po raz 42. wyruszy Piesza Pielgrzymka z P\u0142ocka na Jasn\u0105 G\u00f3r\u0119. Zapraszam do p\u00f3j\u015bcia na pielgrzymk\u0119. Ci, kt\u00f3rzy nie mog\u0105 uczestniczy\u0107 w pielgrzymce mog\u0105 pielgrzymowa\u0107 w spos\u00f3b duchowy.\u00a0 \u00a0 \u00a0 \u00a0 \u00a0 \u00a0 \u00a05. Pa\u0144stwu Danucie i Henrykowi Kr\u00f3lom dzi\u0119kuj\u0119 za oczyszczenie krzew\u00f3w przy alejce od plebanii do ko\u015bcio\u0142a oraz przy pomnikach za ko\u015bcio\u0142em. Pa\u0144stwo Bernardeta i Wies\u0142aw Gierkowscy oczy\u015bcili z chwast\u00f3w kwiaty w donicach przed ko\u015bcio\u0142em. Serdecznie dzi\u0119kuj\u0119 za pomoc.\u00a0 \u00a0 \u00a0 \u00a0 \u00a0 \u00a0 \u00a0 \u00a0 \u00a0 \u00a0 \u00a0 \u00a0 \u00a0 \u00a0 \u00a0 \u00a0 \u00a0 \u00a0 \u00a0 \u00a0 \u00a0 \u00a0 \u00a0 \u00a0 \u00a0 \u00a0 \u00a0 \u00a0 \u00a0 \u00a0 \u00a0 \u00a0 \u00a0 \u00a0 \u00a0 \u00a06. Pan Wies\u0142aw Kacperski zrezygnowa\u0142 z funkcji ko\u015bcielnego, kt\u00f3r\u0105 pe\u0142ni\u0142 przez ponad 30 lat, w naszej parafii. Bardzo serdecznie dzi\u0119kuj\u0119 Panu Wies\u0142awowi za ten czas s\u0142u\u017cby przy o\u0142tarzu i na terenie przyko\u015bcielnym oraz na cmentarzu grzebalnym. Dzi\u0119kuj\u0119 r\u00f3wnie\u017c Pani Hannie Kacperskiej, \u017conie Pana Wies\u0142awa, kt\u00f3ra wspiera\u0142a m\u0119\u017ca w wielu pracach, szczeg\u00f3lnie przy sprz\u0105taniu ko\u015bcio\u0142a. Od ubieg\u0142ej niedzieli funkcje ko\u015bcielnego pe\u0142ni Pan Wincenty Sta\u0144czak, nasz parafianin. \u017bycz\u0119 Panu Wincentemu b\u0142ogos\u0142awie\u0144stwa Bo\u017cego i ludzkiej \u017cyczliwo\u015bci przy pe\u0142nieniu tej funkcji. Bo\u017cego b\u0142ogos\u0142awie\u0144stwa, a szczeg\u00f3lnie zdrowia \u017cycz\u0119 r\u00f3wnie\u017c\u00a0 Pa\u0144stwu Wies\u0142awowi i Hannie.\u00a0 \u00a0 \u00a0 \u00a0 \u00a0 \u00a0 \u00a0 \u00a0 \u00a0 \u00a0 \u00a0 \u00a0 \u00a0 \u00a0 \u00a0 \u00a0 \u00a0 \u00a0 \u00a0 \u00a0 \u00a0 \u00a0 \u00a0 \u00a0 \u00a0 \u00a0 \u00a0 \u00a0 \u00a0 \u00a0 \u00a0 \u00a0 \u00a0 \u00a0 \u00a0 \u00a0 \u00a0 \u00a0 \u00a0 \u00a0 \u00a0 \u00a0 \u00a0 \u00a0 \u00a0 \u00a0 \u00a0 7. 26 lipca (\u015broda) organizujemy wyjazd do Che\u0142mna i Torunia. Jest to pielgrzymka dla cz\u0142onk\u00f3w asysty procesyjnej. Je\u015bli b\u0119dzie kilka wolnych miejsc to mo\u017cna zg\u0142osi\u0107 ch\u0119\u0107 wyjazdu. Dzisiaj, po ostatniej Mszy \u015awi\u0119tej mo\u017cna z\u0142o\u017cy\u0107 telefoniczne zg\u0142oszenie wyjazdu.\u00a0 \u00a0 \u00a0 \u00a0 \u00a0 \u00a0 \u00a0 \u00a0 \u00a0 \u00a0 \u00a0 \u00a0 \u00a0 \u00a0 \u00a0 \u00a0 \u00a0 \u00a0 \u00a0 \u00a0 \u00a0 \u00a0 \u00a0 \u00a0 \u00a0 \u00a0 \u00a0 \u00a0 \u00a0 \u00a0 \u00a0 \u00a0 \u00a0 \u00a0 \u00a0 \u00a0 \u00a0 \u00a0 \u00a0 \u00a0 \u00a0 \u00a0 \u00a0 \u00a0 \u00a0 \u00a0 \u00a0 \u00a0 \u00a0 \u00a0 \u00a0 \u00a0 \u00a0 \u00a0 \u00a0 \u00a0 \u00a0 \u00a0 8. Zach\u0119cam do nabycia prasy katolickiej: <em>Go\u015b\u0107 Niedzielny, Rycerz Niepokalanej, R\u00f3\u017caniec.\u00a0 \u00a0 \u00a0 \u00a0 \u00a0 \u00a0 \u00a0 \u00a0 \u00a0 \u00a0 \u00a0 \u00a0 \u00a0 \u00a0 \u00a0 \u00a0 \u00a0 \u00a0 \u00a0 \u00a0 \u00a0 \u00a0 \u00a0 \u00a0 \u00a0 \u00a0 \u00a09. <\/em>Go\u015bciom, kt\u00f3rzy modl\u0105 si\u0119 z nami i parafianom smardzewskim \u017cycz\u0119 dobrej niedzieli.<\/p>\n<p><em>\u00a0<\/em><\/p>\n<p><em>\u00a0<\/em><\/p>\n<p>&nbsp;<\/p>\n<p>&nbsp;<\/p>\n<p>&nbsp;<\/p>\n<p>&nbsp;<\/p>\n<p>&nbsp;<\/p>\n","protected":false},"excerpt":{"rendered":"<p>OG\u0141OSZENIA DUSZPASTERSKIE\u00a0 \u00a0 \u00a0 \u00a0 \u00a0 \u00a0 \u00a0 \u00a0 \u00a0 \u00a0 \u00a0 \u00a0 \u00a0 \u00a0 \u00a0 \u00a0 \u00a0 \u00a0 \u00a0 \u00a0 \u00a0 \u00a0 \u00a0 \u00a0 \u00a0 \u00a0 \u00a0 \u00a0 \u00a0 \u00a0 \u00a0 \u00a0 \u00a0 \u00a0 \u00a0 \u00a0 \u00a0 \u00a0 \u00a0 \u00a0 \u00a0 \u00a0 \u00a0 \u00a0 \u00a0 \u00a0 \u00a0 \u00a0 \u00a0 \u00a0 \u00a0 \u00a0 \u00a0 \u00a0 &hellip; <\/p>\n<p><a class=\"more-link btn\" href=\"https:\/\/parafiasmardzewo.pl\/?p=8931\">Kontynuuj czytanie<\/a><\/p>\n","protected":false},"author":2,"featured_media":5378,"comment_status":"open","ping_status":"open","sticky":false,"template":"","format":"standard","meta":[],"categories":[2],"tags":[],"_links":{"self":[{"href":"https:\/\/parafiasmardzewo.pl\/index.php?rest_route=\/wp\/v2\/posts\/8931"}],"collection":[{"href":"https:\/\/parafiasmardzewo.pl\/index.php?rest_route=\/wp\/v2\/posts"}],"about":[{"href":"https:\/\/parafiasmardzewo.pl\/index.php?rest_route=\/wp\/v2\/types\/post"}],"author":[{"embeddable":true,"href":"https:\/\/parafiasmardzewo.pl\/index.php?rest_route=\/wp\/v2\/users\/2"}],"replies":[{"embeddable":true,"href":"https:\/\/parafiasmardzewo.pl\/index.php?rest_route=%2Fwp%2Fv2%2Fcomments&post=8931"}],"version-history":[{"count":4,"href":"https:\/\/parafiasmardzewo.pl\/index.php?rest_route=\/wp\/v2\/posts\/8931\/revisions"}],"predecessor-version":[{"id":8935,"href":"https:\/\/parafiasmardzewo.pl\/index.php?rest_route=\/wp\/v2\/posts\/8931\/revisions\/8935"}],"wp:featuredmedia":[{"embeddable":true,"href":"https:\/\/parafiasmardzewo.pl\/index.php?rest_route=\/wp\/v2\/media\/5378"}],"wp:attachment":[{"href":"https:\/\/parafiasmardzewo.pl\/index.php?rest_route=%2Fwp%2Fv2%2Fmedia&parent=8931"}],"wp:term":[{"taxonomy":"category","embeddable":true,"href":"https:\/\/parafiasmardzewo.pl\/index.php?rest_route=%2Fwp%2Fv2%2Fcategories&post=8931"},{"taxonomy":"post_tag","embeddable":true,"href":"https:\/\/parafiasmardzewo.pl\/index.php?rest_route=%2Fwp%2Fv2%2Ftags&post=8931"}],"curies":[{"name":"wp","href":"https:\/\/api.w.org\/{rel}","templated":true}]}}