{"id":8941,"date":"2023-07-22T22:27:10","date_gmt":"2023-07-22T20:27:10","guid":{"rendered":"https:\/\/parafiasmardzewo.pl\/?p=8941"},"modified":"2023-07-23T07:17:58","modified_gmt":"2023-07-23T05:17:58","slug":"szesnasta-niedziela-w-ciagu-roku-23-lipca-2023","status":"publish","type":"post","link":"https:\/\/parafiasmardzewo.pl\/?p=8941","title":{"rendered":"SZESNASTA NIEDZIELA W CI\u0104GU ROKU &#8211; 23 lipca 2023"},"content":{"rendered":"<p>&nbsp;<\/p>\n<p>&nbsp;<\/p>\n<ol>\n<li>Dzisiaj, 23 lipca, w ko\u015bciele katolickim jest obchodzony \u015awiatowy dzie\u0144 Dziadk\u00f3w i Os\u00f3b Starszych.<\/li>\n<li>We wtorek, 25 lipca, wspominamy \u015bw. Krzysztofa, patrona kierowc\u00f3w i podr\u00f3\u017cuj\u0105cych. Dzisiaj, podczas ka\u017cdej Mszy \u015awi\u0119tej modlimy si\u0119 w intencji kierowc\u00f3w i podr\u00f3\u017cuj\u0105cych. Po zako\u0144czeniu Eucharystii b\u0119dziemy \u015bwi\u0119ci\u0107 pojazdy. Tradycyjnie przy po\u015bwi\u0119ceniu pojazd\u00f3w zbieramy drobne ofiary na zakup pojazd\u00f3w mechanicznych dla polskich misjonarzy, kt\u00f3rzy pracuj\u0105 w wielu krajach \u015bwiata.<\/li>\n<li>W \u015brod\u0119, 26 lipca, wspominamy rodzic\u00f3w Naj\u015bwi\u0119tszej Maryi Panny: Joachima i Ann\u0119. Byli oni dziadkami Pana Jezusa, dlatego zach\u0119cam w tym dniu do serdecznej modlitwy za naszych dziadk\u00f3w: \u017cyj\u0105cym wypraszajmy Bo\u017ce b\u0142ogos\u0142awie\u0144stwo, a zmar\u0142ym \u2013 wieczne szcz\u0119\u015bcie w niebie.<\/li>\n<li>W \u015brod\u0119, 26 lipca, jedziemy na pielgrzymk\u0119 \u2013 wycieczk\u0119 do Che\u0142mna i Torunia. S\u0105 jeszcze wolne miejsca i mo\u017cna zg\u0142osi\u0107 si\u0119 na wyjazd. <strong>Wyjazd o godz. 6.00, o godz. 5.30 Msza \u015awi\u0119ta w ko\u015bciele w Smardzewie.\u00a0<\/strong><\/li>\n<li>4 sierpnia b\u0119dziemy go\u015bci\u0107 pielgrzym\u00f3w z diecezji warmi\u0144skiej, kt\u00f3rzy pielgrzymuj\u0105 na Jasn\u0105 G\u00f3r\u0119.<\/li>\n<li>6 sierpnia wyrusza 42 Piesza Pielgrzymka z P\u0142ocka na Jasn\u0105 G\u00f3r\u0119. Zach\u0119cam do udzia\u0142u w tych w\u0119drownych rekolekcjach. Mo\u017cna te\u017c wzi\u0105\u0107 udzia\u0142 w pielgrzymce w spos\u00f3b duchowy. Zapisy na\u00a0 pielgrzymk\u0119 przyjmujemy w zakrystii, po Mszach \u015awi\u0119tych.<\/li>\n<li>Zach\u0119cam do nabycia prasy katolickiej: <strong><em>Go\u015b\u0107 Niedzielny, Rycerz Niepokalanej, R\u00f3\u017caniec.<\/em><\/strong><\/li>\n<li>Go\u015bciom, kt\u00f3rzy modl\u0105 si\u0119 z nami i parafianom smardzewskim \u017cycz\u0119 dobrej niedzieli.<\/li>\n<\/ol>\n<p><em>\u00a0<\/em><\/p>\n<p><strong>\u00a0<\/strong><\/p>\n<p>&nbsp;<\/p>\n<p>&nbsp;<\/p>\n","protected":false},"excerpt":{"rendered":"<p>&nbsp; &nbsp; Dzisiaj, 23 lipca, w ko\u015bciele katolickim jest obchodzony \u015awiatowy dzie\u0144 Dziadk\u00f3w i Os\u00f3b Starszych. We wtorek, 25 lipca, wspominamy \u015bw. Krzysztofa, patrona kierowc\u00f3w i podr\u00f3\u017cuj\u0105cych. Dzisiaj, podczas ka\u017cdej Mszy \u015awi\u0119tej modlimy si\u0119 w intencji kierowc\u00f3w i podr\u00f3\u017cuj\u0105cych. Po zako\u0144czeniu Eucharystii b\u0119dziemy \u015bwi\u0119ci\u0107 pojazdy. Tradycyjnie przy po\u015bwi\u0119ceniu pojazd\u00f3w zbieramy drobne ofiary na zakup pojazd\u00f3w &hellip; <\/p>\n<p><a class=\"more-link btn\" href=\"https:\/\/parafiasmardzewo.pl\/?p=8941\">Kontynuuj czytanie<\/a><\/p>\n","protected":false},"author":2,"featured_media":4017,"comment_status":"open","ping_status":"open","sticky":false,"template":"","format":"standard","meta":[],"categories":[2],"tags":[],"_links":{"self":[{"href":"https:\/\/parafiasmardzewo.pl\/index.php?rest_route=\/wp\/v2\/posts\/8941"}],"collection":[{"href":"https:\/\/parafiasmardzewo.pl\/index.php?rest_route=\/wp\/v2\/posts"}],"about":[{"href":"https:\/\/parafiasmardzewo.pl\/index.php?rest_route=\/wp\/v2\/types\/post"}],"author":[{"embeddable":true,"href":"https:\/\/parafiasmardzewo.pl\/index.php?rest_route=\/wp\/v2\/users\/2"}],"replies":[{"embeddable":true,"href":"https:\/\/parafiasmardzewo.pl\/index.php?rest_route=%2Fwp%2Fv2%2Fcomments&post=8941"}],"version-history":[{"count":5,"href":"https:\/\/parafiasmardzewo.pl\/index.php?rest_route=\/wp\/v2\/posts\/8941\/revisions"}],"predecessor-version":[{"id":8947,"href":"https:\/\/parafiasmardzewo.pl\/index.php?rest_route=\/wp\/v2\/posts\/8941\/revisions\/8947"}],"wp:featuredmedia":[{"embeddable":true,"href":"https:\/\/parafiasmardzewo.pl\/index.php?rest_route=\/wp\/v2\/media\/4017"}],"wp:attachment":[{"href":"https:\/\/parafiasmardzewo.pl\/index.php?rest_route=%2Fwp%2Fv2%2Fmedia&parent=8941"}],"wp:term":[{"taxonomy":"category","embeddable":true,"href":"https:\/\/parafiasmardzewo.pl\/index.php?rest_route=%2Fwp%2Fv2%2Fcategories&post=8941"},{"taxonomy":"post_tag","embeddable":true,"href":"https:\/\/parafiasmardzewo.pl\/index.php?rest_route=%2Fwp%2Fv2%2Ftags&post=8941"}],"curies":[{"name":"wp","href":"https:\/\/api.w.org\/{rel}","templated":true}]}}