{"id":8948,"date":"2023-07-29T21:34:02","date_gmt":"2023-07-29T19:34:02","guid":{"rendered":"https:\/\/parafiasmardzewo.pl\/?p=8948"},"modified":"2023-07-29T21:34:02","modified_gmt":"2023-07-29T19:34:02","slug":"siedemnasta-niedziela-w-ciagu-roku-30-lipca-2023","status":"publish","type":"post","link":"https:\/\/parafiasmardzewo.pl\/?p=8948","title":{"rendered":"SIEDEMNASTA NIEDZIELA W CI\u0104GU ROKU &#8211; 30 lipca 2023"},"content":{"rendered":"<p><strong>OG\u0141OSZENIA DUSZPASTERSKIE<\/strong><\/p>\n<ol>\n<li>We wtorek rozpoczyna si\u0119 sierpie\u0144, w kt\u00f3rym wspominamy wiele wa\u017cnych dla Polski dat historycznych. Od wielu lat jeste\u015bmy zach\u0119cani do szczeg\u00f3lnej wstrzemi\u0119\u017aliwo\u015bci od alkoholu w tym miesi\u0105cu. Uczy\u0144my to i w tym roku, aby\u015bmy poprzez nasze wyrzeczenie przyczyniali si\u0119 do wyzwolenia wielu naszych rodak\u00f3w z na\u0142ogu.<\/li>\n<li>W \u015brod\u0119, 2 sierpnia przypada wspomnienie Matki Bo\u017cej Anielskiej i zwi\u0105zany z nim odpust Parcjunkuli. Jest to wyj\u0105tkowy przywilej uproszony przez \u015bw. Franciszka z Asy\u017cu, aby ka\u017cdy, kto w tym dniu nawiedzi ko\u015bci\u00f3\u0142 parafialny i spe\u0142ni zwyk\u0142e warunki odpustu, to znaczy: przyjmie Komuni\u0119 \u015bw. oraz wzbudzi pragnienie uwolnienia si\u0119 od wszystkich grzech\u00f3w i pomodli si\u0119 w intencjach Ojca \u015awi\u0119tego, otrzyma odpust zupe\u0142ny. Ko\u015bci\u00f3\u0142 mo\u017cna nawiedzi\u0107 ju\u017c we wtorek wieczorem.<\/li>\n<li>W pierwszy czwartek miesi\u0105ca podczas Mszy \u015awi\u0119tej o godz. 18.00 b\u0119dziemy modli\u0107 si\u0119 o nowe i \u015bwi\u0119te powo\u0142ania kap\u0142a\u0144skie i zakonne.<\/li>\n<li>W pierwszy pi\u0105tek miesi\u0105ca mo\u017cemy skorzysta\u0107 z sakramentu pojednania od godz. 17.30. Zach\u0119camy do przyj\u0119cia Komunii \u015bw. wynagradzaj\u0105cej Naj\u015bwi\u0119tszemu Sercu Pana Jezusa za grzechy. Tego dnia b\u0119dziemy szczeg\u00f3lnie modli\u0107 si\u0119 za ksi\u0119\u017cy proboszcz\u00f3w, we wspomnienie ich patrona, \u015bw. Jana Marii Vianneya.<\/li>\n<li>W pierwsz\u0105 sobot\u0119 miesi\u0105ca uczcimy Niepokalane Serce Maryi.<\/li>\n<li>W pi\u0105tek, oko\u0142o godz. 8.30, b\u0119dziemy go\u015bci\u0107 pieszych pielgrzym\u00f3w w\u0119druj\u0105cych z Warmii na Jasn\u0105 G\u00f3r\u0119. Bardzo prosz\u0119 mieszka\u0144c\u00f3w K\u0119py, Podsmardzewa, Koliszewa P\u00f3\u0142noc i Koliszewa Po\u0142udnie o przygotowanie \u015bniadania dla p\u0105tnik\u00f3w.<\/li>\n<li>W nast\u0119pn\u0105, pierwsz\u0105, niedziel\u0119 miesi\u0105ca sierpnia zapraszam na sum\u0119 asyst\u0119 procesyjn\u0105 i dziewczynki do sypania kwiatkami.<\/li>\n<li>Pa\u0144stwu Danucie i Henrykowi Kr\u00f3lom oraz Pani Bo\u017cenie Chojnackiej dzi\u0119kuj\u0119 za pomoc w sprz\u0105taniu ko\u015bcio\u0142a i ustrojeniu o\u0142tarzy kwiatami.<\/li>\n<li>6 sierpnia wyrusza 42 Piesza Pielgrzymka z P\u0142ocka na Jasn\u0105 G\u00f3r\u0119. Zach\u0119cam do udzia\u0142u w tych w\u0119drownych rekolekcjach. Mo\u017cna\u00a0 te\u017c wzi\u0105\u0107 udzia\u0142 w pielgrzymce w spos\u00f3b duchowy. Zapisy na\u00a0 pielgrzymk\u0119 przyjmujemy w zakrystii, po Mszach \u015awi\u0119tych.<\/li>\n<li>Zach\u0119cam do nabycia prasy katolickiej.<\/li>\n<li>W minionym tygodniu odby\u0142 si\u0119 pogrzeb <strong>+ Barbary Jegli\u0144skiej<\/strong> z Milewa, kt\u00f3ra prze\u017cy\u0142a 68 lat. Od uczestnik\u00f3w pogrzebu b\u0119d\u0105 odprawione 22 Msze \u015awi\u0119te.<\/li>\n<li>Parafianom i Go\u015bciom, kt\u00f3rzy si\u0119 z nami modl\u0105 \u017cycz\u0119 dobrej niedzieli.<\/li>\n<\/ol>\n<p>&nbsp;<\/p>\n<p>&nbsp;<\/p>\n<p>&nbsp;<\/p>\n","protected":false},"excerpt":{"rendered":"<p>OG\u0141OSZENIA DUSZPASTERSKIE We wtorek rozpoczyna si\u0119 sierpie\u0144, w kt\u00f3rym wspominamy wiele wa\u017cnych dla Polski dat historycznych. Od wielu lat jeste\u015bmy zach\u0119cani do szczeg\u00f3lnej wstrzemi\u0119\u017aliwo\u015bci od alkoholu w tym miesi\u0105cu. Uczy\u0144my to i w tym roku, aby\u015bmy poprzez nasze wyrzeczenie przyczyniali si\u0119 do wyzwolenia wielu naszych rodak\u00f3w z na\u0142ogu. W \u015brod\u0119, 2 sierpnia przypada wspomnienie Matki &hellip; <\/p>\n<p><a class=\"more-link btn\" href=\"https:\/\/parafiasmardzewo.pl\/?p=8948\">Kontynuuj czytanie<\/a><\/p>\n","protected":false},"author":2,"featured_media":3590,"comment_status":"open","ping_status":"open","sticky":false,"template":"","format":"standard","meta":[],"categories":[2],"tags":[],"_links":{"self":[{"href":"https:\/\/parafiasmardzewo.pl\/index.php?rest_route=\/wp\/v2\/posts\/8948"}],"collection":[{"href":"https:\/\/parafiasmardzewo.pl\/index.php?rest_route=\/wp\/v2\/posts"}],"about":[{"href":"https:\/\/parafiasmardzewo.pl\/index.php?rest_route=\/wp\/v2\/types\/post"}],"author":[{"embeddable":true,"href":"https:\/\/parafiasmardzewo.pl\/index.php?rest_route=\/wp\/v2\/users\/2"}],"replies":[{"embeddable":true,"href":"https:\/\/parafiasmardzewo.pl\/index.php?rest_route=%2Fwp%2Fv2%2Fcomments&post=8948"}],"version-history":[{"count":1,"href":"https:\/\/parafiasmardzewo.pl\/index.php?rest_route=\/wp\/v2\/posts\/8948\/revisions"}],"predecessor-version":[{"id":8949,"href":"https:\/\/parafiasmardzewo.pl\/index.php?rest_route=\/wp\/v2\/posts\/8948\/revisions\/8949"}],"wp:featuredmedia":[{"embeddable":true,"href":"https:\/\/parafiasmardzewo.pl\/index.php?rest_route=\/wp\/v2\/media\/3590"}],"wp:attachment":[{"href":"https:\/\/parafiasmardzewo.pl\/index.php?rest_route=%2Fwp%2Fv2%2Fmedia&parent=8948"}],"wp:term":[{"taxonomy":"category","embeddable":true,"href":"https:\/\/parafiasmardzewo.pl\/index.php?rest_route=%2Fwp%2Fv2%2Fcategories&post=8948"},{"taxonomy":"post_tag","embeddable":true,"href":"https:\/\/parafiasmardzewo.pl\/index.php?rest_route=%2Fwp%2Fv2%2Ftags&post=8948"}],"curies":[{"name":"wp","href":"https:\/\/api.w.org\/{rel}","templated":true}]}}