{"id":8954,"date":"2023-08-05T22:23:36","date_gmt":"2023-08-05T20:23:36","guid":{"rendered":"https:\/\/parafiasmardzewo.pl\/?p=8954"},"modified":"2023-08-05T22:23:36","modified_gmt":"2023-08-05T20:23:36","slug":"osiemnasta-niedziela-w-ciagu-roku-6-sierpnia-2023","status":"publish","type":"post","link":"https:\/\/parafiasmardzewo.pl\/?p=8954","title":{"rendered":"OSIEMNASTA NIEDZIELA W CI\u0104GU ROKU &#8211;  6 sierpnia 2023"},"content":{"rendered":"<p><strong>OG\u0141OSZENIA DUSZPASTERSKIE<\/strong><\/p>\n<ol>\n<li>Dzisiaj, w osiemnast\u0105 niedziel\u0119 zwyk\u0142\u0105 \u015bwi\u0119tujemy tajemnic\u0119 Przemienienia Pa\u0144skiego.<\/li>\n<li>Dzisiaj te\u017c, po sumie, z racji pierwszej niedzieli sierpnia, b\u0119dzie adoracja i procesja z Naj\u015bwi\u0119tszym Sakramentem wok\u00f3\u0142 ko\u015bcio\u0142a.<\/li>\n<li>Dzisiaj, po Mszy \u015awi\u0119tej w katedrze p\u0142ockiej, wyruszy\u0142a 42 Piesza Pielgrzymka z P\u0142ocka na Jasn\u0105 G\u00f3r\u0119.<\/li>\n<li>W sierpniu wiele os\u00f3b bierze udzia\u0142 w pieszych pielgrzymkach na Jasn\u0105 G\u00f3r\u0119 i do innych sanktuari\u00f3w. W codziennej modlitwie b\u0119dziemy duchowo \u0142\u0105czy\u0107 si\u0119 z pielgrzymami, kt\u00f3rzy zanios\u0105 tak\u017ce nasze intencje do domu naszej wsp\u00f3lnej Matki Maryi.<\/li>\n<li>Wczoraj go\u015bcili\u015bmy pielgrzym\u00f3w z diecezji warmi\u0144skiej. Mieszka\u0144com K\u0119py, Koliszewa P\u00f3\u0142noc i Koliszewa Po\u0142udnie dzi\u0119kuj\u0119 za przygotowanie \u015bniadania dla pielgrzym\u00f3w. W szczeg\u00f3lny spos\u00f3b bardzo serdecznie dzi\u0119kuj\u0119 Paniom, z wymienionych wiosek, kt\u00f3re w\u0142\u0105czy\u0142y si\u0119 czynnie w przygotowanie posi\u0142ku dla p\u0105tnik\u00f3w. Pa\u0144stwo J\u00f3zef i Bo\u017cena\u00a0 Popio\u0142kowscy z Koliszewa P\u00f3\u0142noc\u00a0\u00a0 ofiarowali dla pielgrzym\u00f3w pieczywo. Bardzo serdecznie dzi\u0119kuj\u0119 za ten dar. Dzi\u0119kuj\u0119 r\u00f3wnie\u017c Panom Henrykowi Kr\u00f3lowi i Tomaszowi Gellerowi za pomoc w ustawieniu sto\u0142\u00f3w dla p\u0105tnik\u00f3w.<\/li>\n<li>Pan Arkadiusz Chojnacki z Koliszewa P\u00f3\u0142noc naprawi\u0142 kraw\u0119\u017cniki na parkingu przy ko\u015bciele. Pomaga\u0142 mu w wykonaniu tej pracy Pan Kazimierz Balcerzak. Bardzo serdecznie dzi\u0119kuj\u0119.<\/li>\n<li>13 sierpnia, niedziela, zapraszam na kolejne nabo\u017ce\u0144stwo fatimskie. Godz. 19.00 Msza \u015awi\u0119ta, modlitwa r\u00f3\u017ca\u0144cowa i procesja wok\u00f3\u0142 ko\u015bcio\u0142a.<\/li>\n<li>15 sierpnia prze\u017cywa\u0107 b\u0119dziemy uroczysto\u015b\u0107 odpustow\u0105 Wniebowzi\u0119cia NMP. Przygotowujemy si\u0119 przede wszystkim w spos\u00f3b duchowy do tej uroczysto\u015bci. Przez ca\u0142y tydzie\u0144 po Mszy \u015awi\u0119tej porannej i wieczorowej b\u0119dziemy modli\u0107 si\u0119 na r\u00f3\u017ca\u0144cu w intencji pielgrzym\u00f3w, kt\u00f3rzy przyb\u0119d\u0105 do naszego sanktuarium na uroczysto\u015bci odpustowe. W najbli\u017csz\u0105 sobot\u0119, 12 sierpnia na godz. 10.00, zapraszam ch\u0119tnych do pomocy w sprz\u0105taniu ko\u015bcio\u0142a.<\/li>\n<li>Osoby, kt\u00f3re dzwoni\u0105 do kancelarii parafialnej lub w innych sprawach mog\u0105 dzwoni\u0107 na numer tel. 605 \u2013 684 \u2013 622 lub <strong>506 \u2013 941 -672.<\/strong><\/li>\n<li>Zach\u0119cam do nabycia prasy katolickiej.<\/li>\n<\/ol>\n<p>&nbsp;<\/p>\n","protected":false},"excerpt":{"rendered":"<p>OG\u0141OSZENIA DUSZPASTERSKIE Dzisiaj, w osiemnast\u0105 niedziel\u0119 zwyk\u0142\u0105 \u015bwi\u0119tujemy tajemnic\u0119 Przemienienia Pa\u0144skiego. Dzisiaj te\u017c, po sumie, z racji pierwszej niedzieli sierpnia, b\u0119dzie adoracja i procesja z Naj\u015bwi\u0119tszym Sakramentem wok\u00f3\u0142 ko\u015bcio\u0142a. Dzisiaj, po Mszy \u015awi\u0119tej w katedrze p\u0142ockiej, wyruszy\u0142a 42 Piesza Pielgrzymka z P\u0142ocka na Jasn\u0105 G\u00f3r\u0119. W sierpniu wiele os\u00f3b bierze udzia\u0142 w pieszych pielgrzymkach na &hellip; <\/p>\n<p><a class=\"more-link btn\" href=\"https:\/\/parafiasmardzewo.pl\/?p=8954\">Kontynuuj czytanie<\/a><\/p>\n","protected":false},"author":2,"featured_media":4017,"comment_status":"open","ping_status":"open","sticky":false,"template":"","format":"standard","meta":[],"categories":[2],"tags":[],"_links":{"self":[{"href":"https:\/\/parafiasmardzewo.pl\/index.php?rest_route=\/wp\/v2\/posts\/8954"}],"collection":[{"href":"https:\/\/parafiasmardzewo.pl\/index.php?rest_route=\/wp\/v2\/posts"}],"about":[{"href":"https:\/\/parafiasmardzewo.pl\/index.php?rest_route=\/wp\/v2\/types\/post"}],"author":[{"embeddable":true,"href":"https:\/\/parafiasmardzewo.pl\/index.php?rest_route=\/wp\/v2\/users\/2"}],"replies":[{"embeddable":true,"href":"https:\/\/parafiasmardzewo.pl\/index.php?rest_route=%2Fwp%2Fv2%2Fcomments&post=8954"}],"version-history":[{"count":1,"href":"https:\/\/parafiasmardzewo.pl\/index.php?rest_route=\/wp\/v2\/posts\/8954\/revisions"}],"predecessor-version":[{"id":8955,"href":"https:\/\/parafiasmardzewo.pl\/index.php?rest_route=\/wp\/v2\/posts\/8954\/revisions\/8955"}],"wp:featuredmedia":[{"embeddable":true,"href":"https:\/\/parafiasmardzewo.pl\/index.php?rest_route=\/wp\/v2\/media\/4017"}],"wp:attachment":[{"href":"https:\/\/parafiasmardzewo.pl\/index.php?rest_route=%2Fwp%2Fv2%2Fmedia&parent=8954"}],"wp:term":[{"taxonomy":"category","embeddable":true,"href":"https:\/\/parafiasmardzewo.pl\/index.php?rest_route=%2Fwp%2Fv2%2Fcategories&post=8954"},{"taxonomy":"post_tag","embeddable":true,"href":"https:\/\/parafiasmardzewo.pl\/index.php?rest_route=%2Fwp%2Fv2%2Ftags&post=8954"}],"curies":[{"name":"wp","href":"https:\/\/api.w.org\/{rel}","templated":true}]}}