{"id":9036,"date":"2023-08-12T20:36:04","date_gmt":"2023-08-12T18:36:04","guid":{"rendered":"https:\/\/parafiasmardzewo.pl\/?p=9036"},"modified":"2023-08-12T20:37:41","modified_gmt":"2023-08-12T18:37:41","slug":"dziewietnasta-niedziela-w-ciagu-roku-13-sierpnia-2023","status":"publish","type":"post","link":"https:\/\/parafiasmardzewo.pl\/?p=9036","title":{"rendered":"DZIEWI\u0118TNASTA NIEDZIELA W CI\u0104GU ROKU &#8211; 13 sierpnia 2023"},"content":{"rendered":"<p><strong>OG\u0141OSZENIA DUSZPASTERSKIE<\/strong><\/p>\n<ol>\n<li>Dzisiaj,13 sierpnia, zapraszam na\u00a0 kolejne nabo\u017ce\u0144stwo fatimskie, na godz. 19.00. <strong>Msze \u015awi\u0119te b\u0119d\u0105 dzisiaj sprawowane wed\u0142ug nast\u0119puj\u0105cego porz\u0105dku: godz. 9.00 \u2013 10.45 \u2013 16.00 i 19.00.<\/strong><\/li>\n<li>We wtorek, 15 sierpnia, b\u0119dziemy obchodzi\u0107 uroczysto\u015b\u0107 Wniebowzi\u0119cia Naj\u015bwi\u0119tszej Maryi Panny. Parafia nasza prze\u017cywa w tym dniu uroczysto\u015b\u0107 odpustow\u0105. Msze \u015awi\u0119te b\u0119d\u0105 sprawowane wed\u0142ug nast\u0119puj\u0105cego porz\u0105dku: godz. 9.00 \u2013 12.00 \u2013 17.00. Sum\u0119 odpustow\u0105 odprawi ks. kan. Zbigniew Sajewski, dziekan dekanatu p\u0142o\u0144skiego, p\u00f3\u0142nocnego. Kazania b\u0119dzie g\u0142osi\u0142 ojciec Wojciech Bieszko, redemptorysta. W czasie sumy odpustowej wyst\u0105pi Orkiestra D\u0119ta Sochocin. Szczeg\u00f3\u0142owy program uroczysto\u015bci odpustowych jest na stronie internetowej parafii i w kruchcie ko\u015bcio\u0142a. Tradycyjnie podczas ka\u017cdej Mszy \u015awi\u0119tej pob\u0142ogos\u0142awimy wie\u0144ce z zi\u00f3\u0142 i kwiat\u00f3w, symbolizuj\u0105ce duchowe pi\u0119kno Maryi i bogactwo \u0142ask, kt\u00f3rymi obdarzy\u0142 J\u0105 B\u00f3g.<\/li>\n<li>Tak\u017ce 15 sierpnia wspominamy rocznic\u0119 bitwy warszawskiej 1920 roku \u2013 \u201ecudu nad Wis\u0142\u0105\u201d \u2013 i modlimy si\u0119 za polskich \u017co\u0142nierzy w dniu ich \u015bwi\u0119ta.<\/li>\n<li>Osobom, kt\u00f3re pomaga\u0142y w sprz\u0105taniu \u015bwi\u0105tyni bardzo serdecznie dzi\u0119kuj\u0119.<\/li>\n<li>W minionym tygodniu odby\u0142 si\u0119 pogrzeb \u015bw. p. Barbary Bramowicz z K\u0119py, kt\u00f3ra prze\u017cy\u0142a 85 lat. Od uczestnik\u00f3w pogrzebu b\u0119dzie odprawionych 14 Mszy \u015bwi\u0119tych.<\/li>\n<li>Zach\u0119cam do nabycia prasy katolickiej.<\/li>\n<\/ol>\n<p>&nbsp;<\/p>\n<p>&nbsp;<\/p>\n","protected":false},"excerpt":{"rendered":"<p>OG\u0141OSZENIA DUSZPASTERSKIE Dzisiaj,13 sierpnia, zapraszam na\u00a0 kolejne nabo\u017ce\u0144stwo fatimskie, na godz. 19.00. Msze \u015awi\u0119te b\u0119d\u0105 dzisiaj sprawowane wed\u0142ug nast\u0119puj\u0105cego porz\u0105dku: godz. 9.00 \u2013 10.45 \u2013 16.00 i 19.00. We wtorek, 15 sierpnia, b\u0119dziemy obchodzi\u0107 uroczysto\u015b\u0107 Wniebowzi\u0119cia Naj\u015bwi\u0119tszej Maryi Panny. Parafia nasza prze\u017cywa w tym dniu uroczysto\u015b\u0107 odpustow\u0105. Msze \u015awi\u0119te b\u0119d\u0105 sprawowane wed\u0142ug nast\u0119puj\u0105cego porz\u0105dku: godz. &hellip; <\/p>\n<p><a class=\"more-link btn\" href=\"https:\/\/parafiasmardzewo.pl\/?p=9036\">Kontynuuj czytanie<\/a><\/p>\n","protected":false},"author":2,"featured_media":4017,"comment_status":"open","ping_status":"open","sticky":false,"template":"","format":"standard","meta":[],"categories":[2],"tags":[],"_links":{"self":[{"href":"https:\/\/parafiasmardzewo.pl\/index.php?rest_route=\/wp\/v2\/posts\/9036"}],"collection":[{"href":"https:\/\/parafiasmardzewo.pl\/index.php?rest_route=\/wp\/v2\/posts"}],"about":[{"href":"https:\/\/parafiasmardzewo.pl\/index.php?rest_route=\/wp\/v2\/types\/post"}],"author":[{"embeddable":true,"href":"https:\/\/parafiasmardzewo.pl\/index.php?rest_route=\/wp\/v2\/users\/2"}],"replies":[{"embeddable":true,"href":"https:\/\/parafiasmardzewo.pl\/index.php?rest_route=%2Fwp%2Fv2%2Fcomments&post=9036"}],"version-history":[{"count":4,"href":"https:\/\/parafiasmardzewo.pl\/index.php?rest_route=\/wp\/v2\/posts\/9036\/revisions"}],"predecessor-version":[{"id":9040,"href":"https:\/\/parafiasmardzewo.pl\/index.php?rest_route=\/wp\/v2\/posts\/9036\/revisions\/9040"}],"wp:featuredmedia":[{"embeddable":true,"href":"https:\/\/parafiasmardzewo.pl\/index.php?rest_route=\/wp\/v2\/media\/4017"}],"wp:attachment":[{"href":"https:\/\/parafiasmardzewo.pl\/index.php?rest_route=%2Fwp%2Fv2%2Fmedia&parent=9036"}],"wp:term":[{"taxonomy":"category","embeddable":true,"href":"https:\/\/parafiasmardzewo.pl\/index.php?rest_route=%2Fwp%2Fv2%2Fcategories&post=9036"},{"taxonomy":"post_tag","embeddable":true,"href":"https:\/\/parafiasmardzewo.pl\/index.php?rest_route=%2Fwp%2Fv2%2Ftags&post=9036"}],"curies":[{"name":"wp","href":"https:\/\/api.w.org\/{rel}","templated":true}]}}