{"id":9045,"date":"2023-08-19T21:27:48","date_gmt":"2023-08-19T19:27:48","guid":{"rendered":"https:\/\/parafiasmardzewo.pl\/?p=9045"},"modified":"2023-08-19T21:28:38","modified_gmt":"2023-08-19T19:28:38","slug":"dwudziesta-niedziela-w-ciagu-roku-20-sierpnia-2023","status":"publish","type":"post","link":"https:\/\/parafiasmardzewo.pl\/?p=9045","title":{"rendered":"DWUDZIESTA NIEDZIELA W CI\u0104GU ROKU &#8211; 20 sierpnia 2023"},"content":{"rendered":"<p><strong>OG\u0141OSZENIA DUSZPASTERSKIE<\/strong><\/p>\n<ol>\n<li>W miniony wtorek prze\u017cywali\u015bmy uroczysto\u015b\u0107 Wniebowzi\u0119cia NMP. Nasza \u015bwi\u0105tynia parafialna jest w\u0142a\u015bnie pod wezwaniem Wniebowzi\u0119cia NMP i w tym dniu prze\u017cywamy odpust. Wszystkim, kt\u00f3rzy pomagali w przygotowaniu i prze\u017cyciu tej uroczysto\u015bci odpustowej sk\u0142adam serdeczne podzi\u0119kowanie. Dzi\u0119kuj\u0119 asy\u015bcie procesyjnej, dziewczynkom, kt\u00f3re sypi\u0105 kwiatkami i paniom, kt\u00f3re si\u0119 nimi opiekuj\u0105, s\u0142u\u017cbie liturgicznej, ministrantom, pracownikom ko\u015bcielnym, osobom, kt\u00f3re sprz\u0105ta\u0142y i dekorowa\u0142y kwiatami o\u0142tarze. Pa\u0144stwu Tralewiczom z Sochocina dzi\u0119kuj\u0119 za ofiar\u0119 pieni\u0119\u017cn\u0105 na kwiaty.<\/li>\n<li>W \u015brod\u0119, w \u015awiatowym Dniu Pami\u0119ci Ofiar Stalinizmu i Nazizmu, b\u0119dziemy modli\u0107 si\u0119 za miliony ofiar, tak\u017ce spo\u015br\u00f3d naszych krewnych i rodak\u00f3w, totalitarnych i zbrodniczych system\u00f3w politycznych XX wieku.<\/li>\n<li>W sobot\u0119, 26 sierpnia, uczcimy Naj\u015bwi\u0119tsz\u0105 Maryj\u0119 Pann\u0119 Cz\u0119stochowsk\u0105. Msze \u015awi\u0119te w tym dniu o godz. 10.00 i o godz. 18.00 \u015blubna.<\/li>\n<li>Zach\u0119cam do nabycia prasy katolickiej.<\/li>\n<\/ol>\n<p>&nbsp;<\/p>\n<p>&nbsp;<\/p>\n","protected":false},"excerpt":{"rendered":"<p>OG\u0141OSZENIA DUSZPASTERSKIE W miniony wtorek prze\u017cywali\u015bmy uroczysto\u015b\u0107 Wniebowzi\u0119cia NMP. Nasza \u015bwi\u0105tynia parafialna jest w\u0142a\u015bnie pod wezwaniem Wniebowzi\u0119cia NMP i w tym dniu prze\u017cywamy odpust. Wszystkim, kt\u00f3rzy pomagali w przygotowaniu i prze\u017cyciu tej uroczysto\u015bci odpustowej sk\u0142adam serdeczne podzi\u0119kowanie. Dzi\u0119kuj\u0119 asy\u015bcie procesyjnej, dziewczynkom, kt\u00f3re sypi\u0105 kwiatkami i paniom, kt\u00f3re si\u0119 nimi opiekuj\u0105, s\u0142u\u017cbie liturgicznej, ministrantom, pracownikom ko\u015bcielnym, &hellip; <\/p>\n<p><a class=\"more-link btn\" href=\"https:\/\/parafiasmardzewo.pl\/?p=9045\">Kontynuuj czytanie<\/a><\/p>\n","protected":false},"author":2,"featured_media":4017,"comment_status":"open","ping_status":"open","sticky":false,"template":"","format":"standard","meta":[],"categories":[2],"tags":[],"_links":{"self":[{"href":"https:\/\/parafiasmardzewo.pl\/index.php?rest_route=\/wp\/v2\/posts\/9045"}],"collection":[{"href":"https:\/\/parafiasmardzewo.pl\/index.php?rest_route=\/wp\/v2\/posts"}],"about":[{"href":"https:\/\/parafiasmardzewo.pl\/index.php?rest_route=\/wp\/v2\/types\/post"}],"author":[{"embeddable":true,"href":"https:\/\/parafiasmardzewo.pl\/index.php?rest_route=\/wp\/v2\/users\/2"}],"replies":[{"embeddable":true,"href":"https:\/\/parafiasmardzewo.pl\/index.php?rest_route=%2Fwp%2Fv2%2Fcomments&post=9045"}],"version-history":[{"count":2,"href":"https:\/\/parafiasmardzewo.pl\/index.php?rest_route=\/wp\/v2\/posts\/9045\/revisions"}],"predecessor-version":[{"id":9047,"href":"https:\/\/parafiasmardzewo.pl\/index.php?rest_route=\/wp\/v2\/posts\/9045\/revisions\/9047"}],"wp:featuredmedia":[{"embeddable":true,"href":"https:\/\/parafiasmardzewo.pl\/index.php?rest_route=\/wp\/v2\/media\/4017"}],"wp:attachment":[{"href":"https:\/\/parafiasmardzewo.pl\/index.php?rest_route=%2Fwp%2Fv2%2Fmedia&parent=9045"}],"wp:term":[{"taxonomy":"category","embeddable":true,"href":"https:\/\/parafiasmardzewo.pl\/index.php?rest_route=%2Fwp%2Fv2%2Fcategories&post=9045"},{"taxonomy":"post_tag","embeddable":true,"href":"https:\/\/parafiasmardzewo.pl\/index.php?rest_route=%2Fwp%2Fv2%2Ftags&post=9045"}],"curies":[{"name":"wp","href":"https:\/\/api.w.org\/{rel}","templated":true}]}}