{"id":9053,"date":"2023-08-26T21:59:50","date_gmt":"2023-08-26T19:59:50","guid":{"rendered":"https:\/\/parafiasmardzewo.pl\/?p=9053"},"modified":"2023-08-26T21:59:50","modified_gmt":"2023-08-26T19:59:50","slug":"dwudziesta-pierwsza-niedziela-w-ciagu-roku-27-sierpnia-2023","status":"publish","type":"post","link":"https:\/\/parafiasmardzewo.pl\/?p=9053","title":{"rendered":"DWUDZIESTA PIERWSZA NIEDZIELA W CI\u0104GU ROKU &#8211; 27 sierpnia 2023"},"content":{"rendered":"<p><strong>OG\u0141OSZENIA DUSZPASTERSKIE <\/strong><\/p>\n<ol>\n<li>Ostania niedziela sierpnia, ko\u0144cz\u0105cy si\u0119 czas wakacji i urlop\u00f3w przynaglaj\u0105 nas do wdzi\u0119czno\u015bci za wszelkie Bo\u017ce dary, kt\u00f3re sta\u0142y si\u0119 naszym udzia\u0142em w minionych miesi\u0105cach. Pami\u0119tajmy o uwielbieniu dobrego Boga w naszych osobistych modlitwach.<\/li>\n<li>W tym tygodniu przypada pierwszy pi\u0105tek i pierwsza sobota miesi\u0105ca. W pi\u0105tek (1 wrze\u015bnia) od godz. 17.00 spowied\u017a dla dzieci i m\u0142odzie\u017cy, przed pocz\u0105tkiem roku szkolnego. Zach\u0119cam do spowiedzi r\u00f3wnie\u017c rodzic\u00f3w, by ofiarowali komuni\u0119 \u015bwi\u0119t\u0105 w intencji dzieci, kt\u00f3re rozpoczn\u0105 nowy rok szkolny.<\/li>\n<li>Adoracja w pierwsz\u0105 niedziel\u0119 miesi\u0105ca (3 wrze\u015bnia) b\u0119dzie dla nas okazj\u0105 do uwielbienia Pana Boga za miniony czas oraz zawierzenia Jemu nowego roku szkolnego i katechetycznego. Na sum\u0119 zapraszam asyst\u0119 procesyjn\u0105 i dziewczynki do sypania kwiatkami.<\/li>\n<li>4 wrze\u015bnia, poniedzia\u0142ek, rozpoczyna si\u0119 nowy rok szkolny. Msza \u015awi\u0119ta na rozpocz\u0119cie nowego roku szkolnego o godz. 8.30.<\/li>\n<li>8 wrze\u015bnia, prze\u017cywa\u0107 b\u0119dziemy \u015awi\u0119to Narodzenia NMP, w naszej parafii kolejny odpust i dzi\u0119kczynienie za tegoroczne plony. Wieniec do\u017cynkowy jest ju\u017c przygotowany, natomiast mieszka\u0144c\u00f3w poszczeg\u00f3lnych miejscowo\u015bci zach\u0119cam do przygotowania koszy z warzywami i owocami.<\/li>\n<li>Dzisiaj, 27 sierpnia, w par. \u015bw. Stanis\u0142awa BM w Bie\u017cuniu odbywaj\u0105 si\u0119 DO\u017bYNKI DIECEZJI P\u0141OCKIEJ I WOJEW\u00d3DZTWA MAZOWIECKIEGO. Uroczysto\u015bciom Dzi\u0119kczynienia za tegoroczne plony przewodniczy Biskup P\u0142ocki \u2013 Szymon Stu\u0142kowski.<\/li>\n<li>Dwie Panie pomaga\u0142y Panu ko\u015bcielnemu w sprz\u0105taniu ko\u015bcio\u0142a i terenu przed \u015bwi\u0105tyni\u0105. Bardzo serdecznie dzi\u0119kuj\u0119 z pomoc.<\/li>\n<li>Zach\u0119cam do lektury prasy katolickiej.<\/li>\n<\/ol>\n<p>&nbsp;<\/p>\n","protected":false},"excerpt":{"rendered":"<p>OG\u0141OSZENIA DUSZPASTERSKIE Ostania niedziela sierpnia, ko\u0144cz\u0105cy si\u0119 czas wakacji i urlop\u00f3w przynaglaj\u0105 nas do wdzi\u0119czno\u015bci za wszelkie Bo\u017ce dary, kt\u00f3re sta\u0142y si\u0119 naszym udzia\u0142em w minionych miesi\u0105cach. Pami\u0119tajmy o uwielbieniu dobrego Boga w naszych osobistych modlitwach. W tym tygodniu przypada pierwszy pi\u0105tek i pierwsza sobota miesi\u0105ca. W pi\u0105tek (1 wrze\u015bnia) od godz. 17.00 spowied\u017a dla &hellip; <\/p>\n<p><a class=\"more-link btn\" href=\"https:\/\/parafiasmardzewo.pl\/?p=9053\">Kontynuuj czytanie<\/a><\/p>\n","protected":false},"author":2,"featured_media":2833,"comment_status":"open","ping_status":"open","sticky":false,"template":"","format":"standard","meta":[],"categories":[2],"tags":[],"_links":{"self":[{"href":"https:\/\/parafiasmardzewo.pl\/index.php?rest_route=\/wp\/v2\/posts\/9053"}],"collection":[{"href":"https:\/\/parafiasmardzewo.pl\/index.php?rest_route=\/wp\/v2\/posts"}],"about":[{"href":"https:\/\/parafiasmardzewo.pl\/index.php?rest_route=\/wp\/v2\/types\/post"}],"author":[{"embeddable":true,"href":"https:\/\/parafiasmardzewo.pl\/index.php?rest_route=\/wp\/v2\/users\/2"}],"replies":[{"embeddable":true,"href":"https:\/\/parafiasmardzewo.pl\/index.php?rest_route=%2Fwp%2Fv2%2Fcomments&post=9053"}],"version-history":[{"count":1,"href":"https:\/\/parafiasmardzewo.pl\/index.php?rest_route=\/wp\/v2\/posts\/9053\/revisions"}],"predecessor-version":[{"id":9054,"href":"https:\/\/parafiasmardzewo.pl\/index.php?rest_route=\/wp\/v2\/posts\/9053\/revisions\/9054"}],"wp:featuredmedia":[{"embeddable":true,"href":"https:\/\/parafiasmardzewo.pl\/index.php?rest_route=\/wp\/v2\/media\/2833"}],"wp:attachment":[{"href":"https:\/\/parafiasmardzewo.pl\/index.php?rest_route=%2Fwp%2Fv2%2Fmedia&parent=9053"}],"wp:term":[{"taxonomy":"category","embeddable":true,"href":"https:\/\/parafiasmardzewo.pl\/index.php?rest_route=%2Fwp%2Fv2%2Fcategories&post=9053"},{"taxonomy":"post_tag","embeddable":true,"href":"https:\/\/parafiasmardzewo.pl\/index.php?rest_route=%2Fwp%2Fv2%2Ftags&post=9053"}],"curies":[{"name":"wp","href":"https:\/\/api.w.org\/{rel}","templated":true}]}}