{"id":9060,"date":"2023-09-02T20:48:32","date_gmt":"2023-09-02T18:48:32","guid":{"rendered":"https:\/\/parafiasmardzewo.pl\/?p=9060"},"modified":"2023-09-02T20:52:59","modified_gmt":"2023-09-02T18:52:59","slug":"dwudziesta-druga-niedziela-w-ciagu-roku-3-wrzesnia-2023","status":"publish","type":"post","link":"https:\/\/parafiasmardzewo.pl\/?p=9060","title":{"rendered":"DWUDZIESTA DRUGA NIEDZIELA W CI\u0104GU ROKU &#8211; 3 wrze\u015bnia 2023"},"content":{"rendered":"<p><strong>OG\u0141OSZENIA DUSZPASTERSKIE <\/strong><\/p>\n<ol>\n<li>Dzisiaj, na Mszy \u015awi\u0119tej o godz. 10.45 b\u0119dzie wystawienie Naj\u015bwi\u0119tszego Sakramentu, adoracja i procesja eucharystyczna, z racji pierwszej niedzieli miesi\u0105ca.<\/li>\n<li>Dobieg\u0142 ko\u0144ca czas wakacji. Dzi\u0119kuj\u0105c Panu Bogu za wypoczynek, pragniemy zawierza\u0107 czas nowego roku szkolnej i katechetycznej pracy. <strong>Msza \u015awi\u0119ta z okazji rozpocz\u0119cia roku szkolnego zostanie odprawiona w poniedzia\u0142ek (4 wrze\u015bnia) o godz. 8.30.<\/strong> Serdecznie zapraszam uczni\u00f3w, rodzic\u00f3w, nauczycieli do naszej \u015bwi\u0105tyni na Eucharysti\u0119, kt\u00f3ra b\u0119dzie sprawowana w intencji dzieci, rodzic\u00f3w, nauczycieli i pracownik\u00f3w szko\u0142y. \u00a0Dzieci i m\u0142odzie\u017c, kt\u00f3rzy jeszcze nie przyst\u0105pili do sakramentu pokuty niech to uczyni\u0105 w najbli\u017cszym czasie. <strong>W nast\u0119pn\u0105 niedziel\u0119 na Mszy \u015awi\u0119tej o godz. 9.00 b\u0119dzie po\u015bwi\u0119cenie tornistr\u00f3w i przybor\u00f3w szkolnych.<\/strong><\/li>\n<li>Dzieci z naszej parafii otrzymaj\u0105 ksi\u0105\u017ceczki zatytu\u0142owane &#8211; <strong><em>NIEDZIELA ZE \u015aWI\u0118TYMI I B\u0141OGOS\u0141AWIONYMI. <\/em><\/strong>Dzieci, kt\u00f3re b\u0119d\u0105 uczestniczy\u0107 w niedzielnej Mszy \u015awi\u0119tej b\u0119d\u0105 otrzymywa\u0142y karteczki z wizerunkiem b\u0142ogos\u0142awionych lub \u015bwi\u0119tych.\u00a0 W domu nale\u017cy wklei\u0107 karteczk\u0119 w odpowiednie miejsce w ksi\u0105\u017ceczce. W ksi\u0105\u017ceczce s\u0105 te\u017c kr\u00f3tkie informacje o \u017cyciu osoby b\u0142ogos\u0142awionej lub \u015bwi\u0119tej. Jest te\u017c podana Ewangelia, kt\u00f3ra by\u0142a czytana tej niedzieli. Pro\u015bba do rodzic\u00f3w, aby m\u0142odszym dzieciom pomogli odnale\u017a\u0107 tekst Ewangelii w Pi\u015bmie \u015bwi\u0119tym i wsp\u00f3lnie go przeczyta\u0107.<\/li>\n<li>Serdecznie zapraszam na czwartkow\u0105 modlitw\u0119 o powo\u0142ania kap\u0142a\u0144skie, zakonne i misyjne o godz. 18.00.<\/li>\n<li>W pi\u0105tek, 8 wrze\u015bnia, przypada \u015awi\u0119to Narodzenia NMP, tradycyjnie nazywamy to \u015bwi\u0119to Matki Bo\u017cej Siewnej. Nasza parafia prze\u017cywa w tym dniu kolejny odpust. <strong>Msze \u015awi\u0119te b\u0119d\u0105 sprawowane o goodz.9.00 \u2013 12.00 i 17.00.<\/strong> Sum\u0119 odpustow\u0105 odprawi i s\u0142owo Bo\u017ce wyg\u0142osi ks. kan. Marek Zacieski. Na sumie, w czasie odpustu, b\u0119dziemy dzi\u0119kowa\u0107 Bogu za tegoroczne plony oraz po\u015bwi\u0119cimy ziarno pod tegoroczne zasiewy.\u00a0 Mieszka\u0144c\u00f3w poszczeg\u00f3lnych \u00a0wiosek zach\u0119cam do przygotowania koszy z warzywami i owocami. Na sum\u0119 odpustow\u0105 zapraszam asyst\u0119 procesyjn\u0105.<\/li>\n<li>Program uroczysto\u015bci odpustowych jest umieszczony na stronie internetowej parafii. W czwartek o godz. 20.30 b\u0119dziemy modli\u0107 si\u0119 na r\u00f3\u017ca\u0144cu w intencji rolnik\u00f3w, sadownik\u00f3w, ogrodnik\u00f3w. Prosi\u0107 b\u0119dziemy Boga przez po\u015brednictwo Maryi o Bo\u017ce b\u0142ogos\u0142awie\u0144stwo dla tych, kt\u00f3rzy troszcz\u0105 si\u0119 wy\u017cywienie nas wszystkich.<\/li>\n<li>W nast\u0119pn\u0105 niedziel\u0119, 10 wrze\u015bnia, zapraszam m\u0142odzie\u017c przygotowuj\u0105c\u0105 si\u0119 do sakramentu bierzmowania. Spotkanie b\u0119dzie w ko\u015bciele po Eucharystii o godz. 16.00. Na to spotkanie zapraszam te\u017c rodzic\u00f3w kandydat\u00f3w do bierzmowania. Ci, kt\u00f3rzy maj\u0105 indeksy do bierzmowania niech przynios\u0105 . Spotkanie z rodzicami, kt\u00f3rych dzieci przygotowuj\u0105 si\u0119 do Pierwszej i Generalnej Komunii \u015awi\u0119tej odb\u0119dzie si\u0119 24 wrze\u015bnia (niedziela) po Mszy \u015awi\u0119tej o godz. 10.45.<\/li>\n<li>Na progu nowego roku szkolnego polecam lektur\u0119 prasy katolickiej.<\/li>\n<\/ol>\n<p>&nbsp;<\/p>\n<p>&nbsp;<\/p>\n","protected":false},"excerpt":{"rendered":"<p>OG\u0141OSZENIA DUSZPASTERSKIE Dzisiaj, na Mszy \u015awi\u0119tej o godz. 10.45 b\u0119dzie wystawienie Naj\u015bwi\u0119tszego Sakramentu, adoracja i procesja eucharystyczna, z racji pierwszej niedzieli miesi\u0105ca. Dobieg\u0142 ko\u0144ca czas wakacji. Dzi\u0119kuj\u0105c Panu Bogu za wypoczynek, pragniemy zawierza\u0107 czas nowego roku szkolnej i katechetycznej pracy. Msza \u015awi\u0119ta z okazji rozpocz\u0119cia roku szkolnego zostanie odprawiona w poniedzia\u0142ek (4 wrze\u015bnia) o godz. &hellip; <\/p>\n<p><a class=\"more-link btn\" href=\"https:\/\/parafiasmardzewo.pl\/?p=9060\">Kontynuuj czytanie<\/a><\/p>\n","protected":false},"author":2,"featured_media":4017,"comment_status":"open","ping_status":"open","sticky":false,"template":"","format":"standard","meta":[],"categories":[2],"tags":[],"_links":{"self":[{"href":"https:\/\/parafiasmardzewo.pl\/index.php?rest_route=\/wp\/v2\/posts\/9060"}],"collection":[{"href":"https:\/\/parafiasmardzewo.pl\/index.php?rest_route=\/wp\/v2\/posts"}],"about":[{"href":"https:\/\/parafiasmardzewo.pl\/index.php?rest_route=\/wp\/v2\/types\/post"}],"author":[{"embeddable":true,"href":"https:\/\/parafiasmardzewo.pl\/index.php?rest_route=\/wp\/v2\/users\/2"}],"replies":[{"embeddable":true,"href":"https:\/\/parafiasmardzewo.pl\/index.php?rest_route=%2Fwp%2Fv2%2Fcomments&post=9060"}],"version-history":[{"count":3,"href":"https:\/\/parafiasmardzewo.pl\/index.php?rest_route=\/wp\/v2\/posts\/9060\/revisions"}],"predecessor-version":[{"id":9063,"href":"https:\/\/parafiasmardzewo.pl\/index.php?rest_route=\/wp\/v2\/posts\/9060\/revisions\/9063"}],"wp:featuredmedia":[{"embeddable":true,"href":"https:\/\/parafiasmardzewo.pl\/index.php?rest_route=\/wp\/v2\/media\/4017"}],"wp:attachment":[{"href":"https:\/\/parafiasmardzewo.pl\/index.php?rest_route=%2Fwp%2Fv2%2Fmedia&parent=9060"}],"wp:term":[{"taxonomy":"category","embeddable":true,"href":"https:\/\/parafiasmardzewo.pl\/index.php?rest_route=%2Fwp%2Fv2%2Fcategories&post=9060"},{"taxonomy":"post_tag","embeddable":true,"href":"https:\/\/parafiasmardzewo.pl\/index.php?rest_route=%2Fwp%2Fv2%2Ftags&post=9060"}],"curies":[{"name":"wp","href":"https:\/\/api.w.org\/{rel}","templated":true}]}}