{"id":9065,"date":"2023-09-03T06:30:33","date_gmt":"2023-09-03T04:30:33","guid":{"rendered":"https:\/\/parafiasmardzewo.pl\/?p=9065"},"modified":"2023-09-03T06:31:18","modified_gmt":"2023-09-03T04:31:18","slug":"program-uroczystosci-odpustowych-narodzenia-nmp-w-smardzewie-7-i-8-ix-2023-r","status":"publish","type":"post","link":"https:\/\/parafiasmardzewo.pl\/?p=9065","title":{"rendered":"Program uroczysto\u015bci odpustowych Narodzenia NMP w Smardzewie &#8211; 7 i 8 IX 2023 r."},"content":{"rendered":"<p><strong>\u00a0\u00a0<\/strong><strong>Czwartek &#8211;\u00a0 07 wrze\u015bnia <\/strong><\/p>\n<p><strong>\u00a0\u00a0\u00a0\u00a0 godz. 20.30 R\u00f3\u017caniec <\/strong><\/p>\n<p><strong>\u00a0\u00a0\u00a0\u00a0 godz.\u00a0 21.00 Apel Jasnog\u00f3rski<\/strong><\/p>\n<p><strong>\u00a0Pi\u0105tek\u00a0\u00a0 &#8211;\u00a0\u00a0 08 wrze\u015bnia <\/strong><\/p>\n<p><strong>\u00a0\u00a0\u00a0\u00a0\u00a0 <\/strong><strong>godz. 9.00 Msza \u015bwi\u0119ta z kazaniem <\/strong><\/p>\n<p><strong>\u00a0\u00a0\u00a0\u00a0\u00a0 godz. 11.30 R\u00f3\u017caniec <\/strong><\/p>\n<p><strong>\u00a0\u00a0\u00a0\u00a0\u00a0 godz. 12.00 Suma odpustowa z kazaniem.\u00a0\u00a0\u00a0 <\/strong><\/p>\n<p><strong>\u00a0\u00a0\u00a0\u00a0\u00a0\u00a0\u00a0\u00a0\u00a0\u00a0\u00a0\u00a0\u00a0\u00a0\u00a0\u00a0\u00a0 Po\u015bwi\u0119cenie wie\u0144c\u00f3w i ziarna<\/strong><\/p>\n<p><strong>\u00a0\u00a0\u00a0\u00a0\u00a0\u00a0\u00a0\u00a0\u00a0\u00a0\u00a0\u00a0\u00a0\u00a0\u00a0\u00a0\u00a0\u00a0 siewnego. Adoracja i procesja<\/strong><\/p>\n<p><strong>\u00a0\u00a0\u00a0\u00a0\u00a0\u00a0\u00a0\u00a0 godz.17.00 Msza \u015bwi\u0119ta z kazaniem <\/strong><\/p>\n<p><strong>\u00a0\u00a0 <\/strong><\/p>\n","protected":false},"excerpt":{"rendered":"<p>\u00a0\u00a0Czwartek &#8211;\u00a0 07 wrze\u015bnia \u00a0\u00a0\u00a0\u00a0 godz. 20.30 R\u00f3\u017caniec \u00a0\u00a0\u00a0\u00a0 godz.\u00a0 21.00 Apel Jasnog\u00f3rski \u00a0Pi\u0105tek\u00a0\u00a0 &#8211;\u00a0\u00a0 08 wrze\u015bnia \u00a0\u00a0\u00a0\u00a0\u00a0 godz. 9.00 Msza \u015bwi\u0119ta z kazaniem \u00a0\u00a0\u00a0\u00a0\u00a0 godz. 11.30 R\u00f3\u017caniec \u00a0\u00a0\u00a0\u00a0\u00a0 godz. 12.00 Suma odpustowa z kazaniem.\u00a0\u00a0\u00a0 \u00a0\u00a0\u00a0\u00a0\u00a0\u00a0\u00a0\u00a0\u00a0\u00a0\u00a0\u00a0\u00a0\u00a0\u00a0\u00a0\u00a0 Po\u015bwi\u0119cenie wie\u0144c\u00f3w i ziarna \u00a0\u00a0\u00a0\u00a0\u00a0\u00a0\u00a0\u00a0\u00a0\u00a0\u00a0\u00a0\u00a0\u00a0\u00a0\u00a0\u00a0\u00a0 siewnego. Adoracja i procesja \u00a0\u00a0\u00a0\u00a0\u00a0\u00a0\u00a0\u00a0 godz.17.00 Msza \u015bwi\u0119ta z kazaniem \u00a0\u00a0<\/p>\n","protected":false},"author":2,"featured_media":8838,"comment_status":"open","ping_status":"open","sticky":false,"template":"","format":"standard","meta":[],"categories":[1],"tags":[],"_links":{"self":[{"href":"https:\/\/parafiasmardzewo.pl\/index.php?rest_route=\/wp\/v2\/posts\/9065"}],"collection":[{"href":"https:\/\/parafiasmardzewo.pl\/index.php?rest_route=\/wp\/v2\/posts"}],"about":[{"href":"https:\/\/parafiasmardzewo.pl\/index.php?rest_route=\/wp\/v2\/types\/post"}],"author":[{"embeddable":true,"href":"https:\/\/parafiasmardzewo.pl\/index.php?rest_route=\/wp\/v2\/users\/2"}],"replies":[{"embeddable":true,"href":"https:\/\/parafiasmardzewo.pl\/index.php?rest_route=%2Fwp%2Fv2%2Fcomments&post=9065"}],"version-history":[{"count":2,"href":"https:\/\/parafiasmardzewo.pl\/index.php?rest_route=\/wp\/v2\/posts\/9065\/revisions"}],"predecessor-version":[{"id":9067,"href":"https:\/\/parafiasmardzewo.pl\/index.php?rest_route=\/wp\/v2\/posts\/9065\/revisions\/9067"}],"wp:featuredmedia":[{"embeddable":true,"href":"https:\/\/parafiasmardzewo.pl\/index.php?rest_route=\/wp\/v2\/media\/8838"}],"wp:attachment":[{"href":"https:\/\/parafiasmardzewo.pl\/index.php?rest_route=%2Fwp%2Fv2%2Fmedia&parent=9065"}],"wp:term":[{"taxonomy":"category","embeddable":true,"href":"https:\/\/parafiasmardzewo.pl\/index.php?rest_route=%2Fwp%2Fv2%2Fcategories&post=9065"},{"taxonomy":"post_tag","embeddable":true,"href":"https:\/\/parafiasmardzewo.pl\/index.php?rest_route=%2Fwp%2Fv2%2Ftags&post=9065"}],"curies":[{"name":"wp","href":"https:\/\/api.w.org\/{rel}","templated":true}]}}