{"id":9068,"date":"2023-09-09T21:45:43","date_gmt":"2023-09-09T19:45:43","guid":{"rendered":"https:\/\/parafiasmardzewo.pl\/?p=9068"},"modified":"2023-09-09T23:24:37","modified_gmt":"2023-09-09T21:24:37","slug":"dwudziesta-trzecia-niezdiela-w-ciagu-roku-10-wrzesnia-2023","status":"publish","type":"post","link":"https:\/\/parafiasmardzewo.pl\/?p=9068","title":{"rendered":"DWUDZIESTA TRZECIA NIEDZIELA W CI\u0104GU ROKU &#8211; 10 wrze\u015bnia 2023"},"content":{"rendered":"<p><strong>OG\u0141OSZENIA DUSZPASTERSKIE<\/strong><\/p>\n<ol>\n<li>Dzisiaj, 10 wrze\u015bnia, w Markowej na Podkarpaciu zostanie odprawiona Msza \u015awi\u0119ta przez wys\u0142annika papie\u017ca Franciszka \u00a0kardyna\u0142a Marcello Semeraro, w czasie kt\u00f3rej odb\u0119dzie si\u0119 beatyfikacja J\u00f3zefa i Wiktorii Ulm\u00f3w oraz ich siedmiorga dzieci.<\/li>\n<li>Dzisiaj, na Mszy \u015awi\u0119tej o godz. 9.00 b\u0119dzie po\u015bwiecenie tornistr\u00f3w i przybor\u00f3w szkolnych dzieci. Po Eucharystii o godz. 16.00 b\u0119dzie spotkanie z kandydatami do bierzmowania.<\/li>\n<li>Dzieci z naszej parafii otrzymaj\u0105 ksi\u0105\u017ceczki zatytu\u0142owane &#8211; <strong><em>NIEDZIELA ZE \u015aWI\u0118TYMI I B\u0141OGOS\u0141AWIONYMI. <\/em><\/strong>Dzieci, kt\u00f3re b\u0119d\u0105 uczestniczy\u0107 w niedzielnej Mszy \u015awi\u0119tej b\u0119d\u0105 otrzymywa\u0142y karteczki z wizerunkiem b\u0142ogos\u0142awionych lub \u015bwi\u0119tych.\u00a0 W domu nale\u017cy wklei\u0107 karteczk\u0119 w odpowiednie miejsce w ksi\u0105\u017ceczce. W ksi\u0105\u017ceczce s\u0105 te\u017c kr\u00f3tkie informacje o \u017cyciu osoby b\u0142ogos\u0142awionej lub \u015bwi\u0119tej. Jest te\u017c podana Ewangelia, kt\u00f3ra by\u0142a czytana tej niedzieli. Pro\u015bba do rodzic\u00f3w, aby m\u0142odszym dzieciom pomogli odnale\u017a\u0107 tekst Ewangelii w Pi\u015bmie \u015bwi\u0119tym i wsp\u00f3lnie go przeczyta\u0107.<\/li>\n<li>W \u015brod\u0119, 13 wrze\u015bnia, zapraszam na godz. 18.00 na nabo\u017ce\u0144stwo fatimskie.<\/li>\n<li>W sobot\u0119, 16 wrze\u015bnia, w Przasnyszu i Rostkowie (miejscu urodzin \u015bw. Stanis\u0142awa Kostki) odb\u0119dzie si\u0119 spotkanie dzieci i m\u0142odzie\u017cy z naszej diecezji oraz diecezji s\u0105siednich. Parafia Sochocin organizuje wyjazd do Rostkowa, w tym dniu. Zach\u0119cam do udzia\u0142u w tej pielgrzymce dzieci z naszej parafii.<\/li>\n<li>W nast\u0119pn\u0105 niedziel\u0119, 17 wrze\u015bnia, na godzin\u0119 9.00 zapraszam dzieci i m\u0142odzie\u017c oraz wszystkich parafian i go\u015bci. B\u0119dziemy czci\u0107 Patrona dzieci i m\u0142odzie\u017cy oraz Patrona naszej parafii \u2013 \u015bw. Stanis\u0142awa Kostk\u0119.<\/li>\n<li>W miniony pi\u0105tek prze\u017cywali\u015bmy \u015awi\u0119to Narodzenia NMP. Dzi\u0119kuj\u0119 mieszka\u0144com Smardzewa dzia\u0142ki i\u00a0 Koliszewa (Ko\u0142o R\u00f3\u017ca\u0144cowe) \u00a0za przygotowanie \u00a0koszy z warzywami i owocami. Serdeczne podzi\u0119kowanie kieruje do asysty procesyjnej i do os\u00f3b zaanga\u017cowanych w przygotowanie i przebieg liturgii. Paniom, kt\u00f3re pomaga\u0142y sprz\u0105ta\u0107 ko\u015bci\u00f3\u0142 bardzo serdecznie dzi\u0119kuj\u0119.<\/li>\n<li>Dwie rodziny z\u0142o\u017cy\u0142y ofiary na zakup \u0142awek do ko\u015bcio\u0142a. Ka\u017cda rodzina z\u0142o\u017cy\u0142a ofiar\u0119 w wysoko\u015bci 200,00. Cz\u0142onkinie Ko\u0142a R\u00f3\u017ca\u0144cowego z Koliszewa z\u0142o\u017cy\u0142y ofiar\u0119 na udekorowanie o\u0142tarzy na odpust. \u2013 250,00 z\u0142otych. Wszystkim ofiarodawcom sk\u0142adam podzi\u0119kowanie.<\/li>\n<li>W czwartek, 14 wrze\u015bnia, b\u0119dziemy prze\u017cywa\u0107 \u015bwi\u0119to Podwy\u017cszenia Krzy\u017ca \u015bwi\u0119tego. Zach\u0119cam, aby w tym dniu uczci\u0107 krzy\u017c, znak m\u0119ki i zwyci\u0119stwa Chrystusa. Parafia Sochocin prze\u017cywa w tym dniu uroczysto\u015b\u0107 odpustow\u0105 (przeniesiona na niedziel\u0119 17 IX). W Dziektarzewie uroczysto\u015b\u0107 odpustowa w czwartek. Suma o godz. 12.00.<\/li>\n<li>24 wrze\u015bnia (niedziela) po sumie b\u0119dzie spotkanie z rodzicami, kt\u00f3rych dzieci b\u0119d\u0105 przyst\u0119powa\u0107 do Pierwszej i Generalnej Komunii \u015awi\u0119tej w 2024 roku.<\/li>\n<li>7 pa\u017adziernika (sobota) odb\u0119dzie si\u0119 w Smardzewie spotkanie K\u00f3\u0142 R\u00f3\u017ca\u0144cowych z naszej diecezji. Szczeg\u00f3\u0142owy program tego spotkania podam za tydzie\u0144.<\/li>\n<li>Zach\u0119cam do nabycia prasy katolickiej.<\/li>\n<li>Wczoraj odby\u0142 si\u0119 pogrzeb \u015bw. p. Stanis\u0142awa Wychuckiego, kt\u00f3ry prze\u017cy\u0142 64 lata. Od uczestnik\u00f3w pogrzebu b\u0119d\u0105 odprawione 23 Msze \u015awi\u0119te, w tym 8 od rodzin, kt\u00f3re zam\u00f3wi\u0142y Msze \u015awi\u0119t\u0105.<\/li>\n<\/ol>\n<p>&nbsp;<\/p>\n<p>&nbsp;<\/p>\n<p>&nbsp;<\/p>\n<p>&nbsp;<\/p>\n<p>&nbsp;<\/p>\n","protected":false},"excerpt":{"rendered":"<p>OG\u0141OSZENIA DUSZPASTERSKIE Dzisiaj, 10 wrze\u015bnia, w Markowej na Podkarpaciu zostanie odprawiona Msza \u015awi\u0119ta przez wys\u0142annika papie\u017ca Franciszka \u00a0kardyna\u0142a Marcello Semeraro, w czasie kt\u00f3rej odb\u0119dzie si\u0119 beatyfikacja J\u00f3zefa i Wiktorii Ulm\u00f3w oraz ich siedmiorga dzieci. Dzisiaj, na Mszy \u015awi\u0119tej o godz. 9.00 b\u0119dzie po\u015bwiecenie tornistr\u00f3w i przybor\u00f3w szkolnych dzieci. Po Eucharystii o godz. 16.00 b\u0119dzie spotkanie &hellip; <\/p>\n<p><a class=\"more-link btn\" href=\"https:\/\/parafiasmardzewo.pl\/?p=9068\">Kontynuuj czytanie<\/a><\/p>\n","protected":false},"author":2,"featured_media":4017,"comment_status":"open","ping_status":"open","sticky":false,"template":"","format":"standard","meta":[],"categories":[2],"tags":[],"_links":{"self":[{"href":"https:\/\/parafiasmardzewo.pl\/index.php?rest_route=\/wp\/v2\/posts\/9068"}],"collection":[{"href":"https:\/\/parafiasmardzewo.pl\/index.php?rest_route=\/wp\/v2\/posts"}],"about":[{"href":"https:\/\/parafiasmardzewo.pl\/index.php?rest_route=\/wp\/v2\/types\/post"}],"author":[{"embeddable":true,"href":"https:\/\/parafiasmardzewo.pl\/index.php?rest_route=\/wp\/v2\/users\/2"}],"replies":[{"embeddable":true,"href":"https:\/\/parafiasmardzewo.pl\/index.php?rest_route=%2Fwp%2Fv2%2Fcomments&post=9068"}],"version-history":[{"count":3,"href":"https:\/\/parafiasmardzewo.pl\/index.php?rest_route=\/wp\/v2\/posts\/9068\/revisions"}],"predecessor-version":[{"id":9073,"href":"https:\/\/parafiasmardzewo.pl\/index.php?rest_route=\/wp\/v2\/posts\/9068\/revisions\/9073"}],"wp:featuredmedia":[{"embeddable":true,"href":"https:\/\/parafiasmardzewo.pl\/index.php?rest_route=\/wp\/v2\/media\/4017"}],"wp:attachment":[{"href":"https:\/\/parafiasmardzewo.pl\/index.php?rest_route=%2Fwp%2Fv2%2Fmedia&parent=9068"}],"wp:term":[{"taxonomy":"category","embeddable":true,"href":"https:\/\/parafiasmardzewo.pl\/index.php?rest_route=%2Fwp%2Fv2%2Fcategories&post=9068"},{"taxonomy":"post_tag","embeddable":true,"href":"https:\/\/parafiasmardzewo.pl\/index.php?rest_route=%2Fwp%2Fv2%2Ftags&post=9068"}],"curies":[{"name":"wp","href":"https:\/\/api.w.org\/{rel}","templated":true}]}}