{"id":9075,"date":"2023-09-16T20:07:05","date_gmt":"2023-09-16T18:07:05","guid":{"rendered":"https:\/\/parafiasmardzewo.pl\/?p=9075"},"modified":"2023-09-16T22:45:56","modified_gmt":"2023-09-16T20:45:56","slug":"dwudziesta-czwarta-niedziela-w-ciagu-roku-17-wrzesnia-2023","status":"publish","type":"post","link":"https:\/\/parafiasmardzewo.pl\/?p=9075","title":{"rendered":"DWUDZIESTA CZWARTA NIEDZIELA W CI\u0104GU ROKU &#8211;  17 wrze\u015bnia 2023"},"content":{"rendered":"<p><strong>OG\u0141OSZENIA DUSZPASTERSKIE<\/strong><\/p>\n<ol>\n<li>Dzisiaj, nasza parafia czci patrona dzieci i m\u0142odzie\u017cy oraz patrona naszej parafii \u2013 \u015bw. Stanis\u0142awa Kostk\u0119. Po ka\u017cdej Mszy \u015awi\u0119tej b\u0119dziemy modli\u0107 si\u0119 w intencji dzieci i m\u0142odzie\u017cy przy o\u0142tarzu i relikwiach \u015bw. Stanis\u0142awa Kostki.<\/li>\n<li>Wczoraj, 16 wrze\u015bnia, w Przasnyszu i Rostkowie odby\u0142o si\u0119 spotkanie dzieci i m\u0142odzie\u017cy naszej diecezji z racji Uroczysto\u015bci \u015bw. Stanis\u0142awa Kostki, g\u0142\u00f3wnego Patrona diecezji p\u0142ockiej (liturgiczne wspomnienie przypada w poniedzia\u0142ek, 18 wrze\u015bnia). Spotkaniu przewodniczy\u0142 ks. Biskup Szymon Stu\u0142kowski, Biskup P\u0142ocki.<\/li>\n<li>Dzi\u015b te\u017c przypada Dzie\u0144 \u015arodk\u00f3w Spo\u0142ecznego Przekazu. Pami\u0119tajmy w naszych modlitwach o pracownikach mass medi\u00f3w i starajmy si\u0119 si\u0119ga\u0107 po pras\u0119 katolick\u0105.<\/li>\n<li>Dzisiaj, 17 wrze\u015bnia, przypada kolejna rocznica napa\u015bci Zwi\u0105zku Radzieckiego na Polsk\u0119 w 1939 roku. Wspominamy wszystkich poleg\u0142ych na Wschodzie, deportowanych i zam\u0119czonych na Syberii i w innych miejscach ka\u017ani. Prosimy mi\u0142osiernego Boga o pok\u00f3j i zgod\u0119 mi\u0119dzy narodami.<\/li>\n<li>Dzieci z naszej parafii otrzyma\u0142y ksi\u0105\u017ceczki zatytu\u0142owane &#8211; <strong><em>NIEDZIELA ZE \u015aWI\u0118TYMI I B\u0141OGOS\u0141AWIONYMI. <\/em><\/strong>Dzieci, kt\u00f3re b\u0119d\u0105 uczestniczy\u0107 w niedzielnej Mszy \u015awi\u0119tej b\u0119d\u0105 otrzymywa\u0142y karteczki z wizerunkiem b\u0142ogos\u0142awionych lub \u015bwi\u0119tych.\u00a0 W domu nale\u017cy wklei\u0107 karteczk\u0119 w odpowiednie miejsce w ksi\u0105\u017ceczce. W ksi\u0105\u017ceczce s\u0105 te\u017c kr\u00f3tkie informacje o \u017cyciu osoby b\u0142ogos\u0142awionej lub \u015bwi\u0119tej. Jest te\u017c podana Ewangelia, kt\u00f3ra by\u0142a czytana tej niedzieli. Pro\u015bba do rodzic\u00f3w, aby m\u0142odszym dzieciom pomogli odnale\u017a\u0107 tekst Ewangelii w Pi\u015bmie \u015bwi\u0119tym i wsp\u00f3lnie go przeczyta\u0107.\u00a0 Je\u017celi kto\u015b z dzieci nie ma takiej ksi\u0105\u017ceczki to niech si\u0119 zg\u0142osi.<\/li>\n<li>Kandydaci do bierzmowania (uczniowie kl. VIII oraz kl. I i kl. II szko\u0142y \u015bredniej) otrzymali nowe indeksy. Ci, kt\u00f3rzy nie posiadaj\u0105 takich indeks\u00f3w niech zg\u0142osz\u0105 si\u0119 do zakrystii lub kancelarii parafialnej.<\/li>\n<li>24 wrze\u015bnia, po Mszy \u015awi\u0119tej o godz. 10.45, zapraszam rodzic\u00f3w, kt\u00f3rych dzieci ucz\u0119szczaj\u0105 do kl. III i IV na spotkanie, kt\u00f3re b\u0119dzie po\u015bwi\u0119cone przygotowaniu dzieci do Pierwszej i Generalnej Komunii \u015awi\u0119tej w 2024 roku. Pierwsza Komunia \u015awi\u0119ta\u00a0 dzieci kl. III \u2013 12 maja 2024 r., o godz. 10.45. Odnowienie Przyrzecze\u0144 Chrztu \u015bwi\u0119tego \u2013 kl. IV 26 maja 2024 r., o godz. 10.45.<\/li>\n<li>7 pa\u017adziernika (sobota) odb\u0119dzie si\u0119 w Smardzewie spotkanie K\u00f3\u0142 R\u00f3\u017ca\u0144cowych z naszej diecezji. Szczeg\u00f3\u0142owy program spotkania jest zamieszczony na stronie internetowej naszej parafii.<\/li>\n<li>Dwie rodziny spoza parafii z\u0142o\u017cy\u0142y ofiar\u0119, 200,00 i 150,00, z\u0142otych na zakup \u0142awek do ko\u015bcio\u0142a. Serdeczne B\u00f3g zap\u0142a\u0107.<\/li>\n<li>W zakrystii mo\u017cna naby\u0107 <strong><em>Kalendarz Rolnik\u00f3w<\/em><\/strong> w cenie 36 z\u0142otych.<\/li>\n<li>Numer tel. 605 \u2013 684 &#8211; 622 lub 506 \u2013 941- 672 \u2013 ks. Henryk Dymek<\/li>\n<li>Zach\u0119cam do nabycia prasy katolickiej.<\/li>\n<\/ol>\n<p>&nbsp;<\/p>\n<p>&nbsp;<\/p>\n<p>&nbsp;<\/p>\n","protected":false},"excerpt":{"rendered":"<p>OG\u0141OSZENIA DUSZPASTERSKIE Dzisiaj, nasza parafia czci patrona dzieci i m\u0142odzie\u017cy oraz patrona naszej parafii \u2013 \u015bw. Stanis\u0142awa Kostk\u0119. Po ka\u017cdej Mszy \u015awi\u0119tej b\u0119dziemy modli\u0107 si\u0119 w intencji dzieci i m\u0142odzie\u017cy przy o\u0142tarzu i relikwiach \u015bw. Stanis\u0142awa Kostki. Wczoraj, 16 wrze\u015bnia, w Przasnyszu i Rostkowie odby\u0142o si\u0119 spotkanie dzieci i m\u0142odzie\u017cy naszej diecezji z racji Uroczysto\u015bci &hellip; <\/p>\n<p><a class=\"more-link btn\" href=\"https:\/\/parafiasmardzewo.pl\/?p=9075\">Kontynuuj czytanie<\/a><\/p>\n","protected":false},"author":2,"featured_media":3590,"comment_status":"open","ping_status":"open","sticky":false,"template":"","format":"standard","meta":[],"categories":[2],"tags":[],"_links":{"self":[{"href":"https:\/\/parafiasmardzewo.pl\/index.php?rest_route=\/wp\/v2\/posts\/9075"}],"collection":[{"href":"https:\/\/parafiasmardzewo.pl\/index.php?rest_route=\/wp\/v2\/posts"}],"about":[{"href":"https:\/\/parafiasmardzewo.pl\/index.php?rest_route=\/wp\/v2\/types\/post"}],"author":[{"embeddable":true,"href":"https:\/\/parafiasmardzewo.pl\/index.php?rest_route=\/wp\/v2\/users\/2"}],"replies":[{"embeddable":true,"href":"https:\/\/parafiasmardzewo.pl\/index.php?rest_route=%2Fwp%2Fv2%2Fcomments&post=9075"}],"version-history":[{"count":5,"href":"https:\/\/parafiasmardzewo.pl\/index.php?rest_route=\/wp\/v2\/posts\/9075\/revisions"}],"predecessor-version":[{"id":9084,"href":"https:\/\/parafiasmardzewo.pl\/index.php?rest_route=\/wp\/v2\/posts\/9075\/revisions\/9084"}],"wp:featuredmedia":[{"embeddable":true,"href":"https:\/\/parafiasmardzewo.pl\/index.php?rest_route=\/wp\/v2\/media\/3590"}],"wp:attachment":[{"href":"https:\/\/parafiasmardzewo.pl\/index.php?rest_route=%2Fwp%2Fv2%2Fmedia&parent=9075"}],"wp:term":[{"taxonomy":"category","embeddable":true,"href":"https:\/\/parafiasmardzewo.pl\/index.php?rest_route=%2Fwp%2Fv2%2Fcategories&post=9075"},{"taxonomy":"post_tag","embeddable":true,"href":"https:\/\/parafiasmardzewo.pl\/index.php?rest_route=%2Fwp%2Fv2%2Ftags&post=9075"}],"curies":[{"name":"wp","href":"https:\/\/api.w.org\/{rel}","templated":true}]}}