{"id":9082,"date":"2023-09-16T21:14:25","date_gmt":"2023-09-16T19:14:25","guid":{"rendered":"https:\/\/parafiasmardzewo.pl\/?p=9082"},"modified":"2023-09-16T21:14:37","modified_gmt":"2023-09-16T19:14:37","slug":"viii-diecezjalna-pielgrzymka-kol-zywego-rozanca-7-pazdziernika-2023-r","status":"publish","type":"post","link":"https:\/\/parafiasmardzewo.pl\/?p=9082","title":{"rendered":"VIII Diecezjalna Pielgrzymka K\u00f3\u0142 \u017bywego R\u00f3\u017ca\u0144ca &#8211; 7 pa\u017adziernika 2023 r."},"content":{"rendered":"<p><strong>VIII Diecezjalna Pielgrzymka K\u00f3\u0142 \u017bywego R\u00f3\u017ca\u0144ca &#8211; 7 pa\u017adziernika 2023 r.<\/strong><\/p>\n<p><strong>W sobot\u0119 7 pa\u017adziernika 2023 r. odb\u0119dzie si\u0119 VIII Diecezjalna Pielgrzymka K\u00f3\u0142 \u017bywego R\u00f3\u017ca\u0144ca do Sanktuarium Matki Bo\u017cej R\u00f3\u017ca\u0144cowej w Smardzewie. Cz\u0142onk\u00f3w K\u00f3\u0142 \u017bywego R\u00f3\u017ca\u0144ca, kap\u0142an\u00f3w oraz wszystkich zainteresowanych zapraszamy do udzia\u0142u w tym wydarzeniu. Spotkanie b\u0119dzie si\u0119 odbywa\u0107 pod has\u0142em: \u201eRodzina B\u0142. Ulm\u00f3w wzorem \u017cycia chrze\u015bcija\u0144skiego\u201d.<\/strong><\/p>\n<p><strong>Program:<br \/>\n<\/strong>godz. 10.00 \u2013 zawi\u0105zanie wsp\u00f3lnoty i przywitanie uczestnik\u00f3w pielgrzymki<br \/>\ngodz. 10.20 \u2013 \u201e\u00abTajemnica Chrystusa, tajemnica cz\u0142owieka\u00bb (RVM,25) w \u017cyciu i m\u0119cze\u0144stwie B\u0142. J\u00f3zefa i Wiktorii Ulm\u00f3w oraz siedmiorga ich dzieci\u201d \u2013 Ks. prof. dr hab. Henryk Seweryniak<br \/>\ngodz. 11.15 \u2013 Msza \u015bw. koncelebrowana pod przewodnictwem J. E. Ks. Biskupa Piotra Libery<br \/>\ngodz. 12.45 \u2013 przerwa na posi\u0142ek<br \/>\ngodz. 13.15 \u2013 modlitwa r\u00f3\u017ca\u0144cowa (tajemnice radosne)<br \/>\ngodz. 14.00 \u2013 zako\u0144czenie pielgrzymki.<\/p>\n<p><em>Ks. Henryk Dymek<\/em><br \/>\n<em>Kustosz Sanktuarium Matki Bo\u017cej R\u00f3\u017ca\u0144cowej w Smardzewie<\/em><\/p>\n","protected":false},"excerpt":{"rendered":"<p>VIII Diecezjalna Pielgrzymka K\u00f3\u0142 \u017bywego R\u00f3\u017ca\u0144ca &#8211; 7 pa\u017adziernika 2023 r. W sobot\u0119 7 pa\u017adziernika 2023 r. odb\u0119dzie si\u0119 VIII Diecezjalna Pielgrzymka K\u00f3\u0142 \u017bywego R\u00f3\u017ca\u0144ca do Sanktuarium Matki Bo\u017cej R\u00f3\u017ca\u0144cowej w Smardzewie. Cz\u0142onk\u00f3w K\u00f3\u0142 \u017bywego R\u00f3\u017ca\u0144ca, kap\u0142an\u00f3w oraz wszystkich zainteresowanych zapraszamy do udzia\u0142u w tym wydarzeniu. Spotkanie b\u0119dzie si\u0119 odbywa\u0107 pod has\u0142em: \u201eRodzina B\u0142. Ulm\u00f3w &hellip; <\/p>\n<p><a class=\"more-link btn\" href=\"https:\/\/parafiasmardzewo.pl\/?p=9082\">Kontynuuj czytanie<\/a><\/p>\n","protected":false},"author":2,"featured_media":224,"comment_status":"open","ping_status":"open","sticky":false,"template":"","format":"standard","meta":[],"categories":[1],"tags":[],"_links":{"self":[{"href":"https:\/\/parafiasmardzewo.pl\/index.php?rest_route=\/wp\/v2\/posts\/9082"}],"collection":[{"href":"https:\/\/parafiasmardzewo.pl\/index.php?rest_route=\/wp\/v2\/posts"}],"about":[{"href":"https:\/\/parafiasmardzewo.pl\/index.php?rest_route=\/wp\/v2\/types\/post"}],"author":[{"embeddable":true,"href":"https:\/\/parafiasmardzewo.pl\/index.php?rest_route=\/wp\/v2\/users\/2"}],"replies":[{"embeddable":true,"href":"https:\/\/parafiasmardzewo.pl\/index.php?rest_route=%2Fwp%2Fv2%2Fcomments&post=9082"}],"version-history":[{"count":1,"href":"https:\/\/parafiasmardzewo.pl\/index.php?rest_route=\/wp\/v2\/posts\/9082\/revisions"}],"predecessor-version":[{"id":9083,"href":"https:\/\/parafiasmardzewo.pl\/index.php?rest_route=\/wp\/v2\/posts\/9082\/revisions\/9083"}],"wp:featuredmedia":[{"embeddable":true,"href":"https:\/\/parafiasmardzewo.pl\/index.php?rest_route=\/wp\/v2\/media\/224"}],"wp:attachment":[{"href":"https:\/\/parafiasmardzewo.pl\/index.php?rest_route=%2Fwp%2Fv2%2Fmedia&parent=9082"}],"wp:term":[{"taxonomy":"category","embeddable":true,"href":"https:\/\/parafiasmardzewo.pl\/index.php?rest_route=%2Fwp%2Fv2%2Fcategories&post=9082"},{"taxonomy":"post_tag","embeddable":true,"href":"https:\/\/parafiasmardzewo.pl\/index.php?rest_route=%2Fwp%2Fv2%2Ftags&post=9082"}],"curies":[{"name":"wp","href":"https:\/\/api.w.org\/{rel}","templated":true}]}}