{"id":9085,"date":"2023-09-23T22:05:11","date_gmt":"2023-09-23T20:05:11","guid":{"rendered":"https:\/\/parafiasmardzewo.pl\/?p=9085"},"modified":"2023-09-23T22:08:14","modified_gmt":"2023-09-23T20:08:14","slug":"dwudziesta-piata-niedziela-w-ciagu-roku-24-wrzesnia-2023","status":"publish","type":"post","link":"https:\/\/parafiasmardzewo.pl\/?p=9085","title":{"rendered":"DWUDZIESTA PI\u0104TA NIEDZIELA W CI\u0104GU ROKU &#8211;  24 wrze\u015bnia 2023"},"content":{"rendered":"<p><strong>OG\u0141OSZENIA DUSZPASTERSKIE<\/strong><\/p>\n<ol>\n<li>Dzi\u015b dwudziesta piata niedziela w ci\u0105gu roku liturgicznego. Po raz kolejny (109) obchodzony jest dzisiaj \u015awiatowy Dzie\u0144 Migranta i Uchod\u017acy. Modlitw\u0105 wspieramy wszystkich, kt\u00f3rzy z powodu wojny, prze\u015bladowa\u0144 i innych trudno\u015bci musieli opu\u015bci\u0107 rodzinny kraj, aby do\u015bwiadczali \u017cyczliwo\u015bci i odpowiedniej pomocy w nowych \u015brodowiskach.<\/li>\n<li>Dzisiaj, po Mszy \u015bwi\u0119tej o godz. 10.45 zapraszam rodzic\u00f3w na spotkanie, kt\u00f3rych dzieci przygotowuj\u0105 si\u0119 do Pierwszej (kl. III) i Generalnej (kl. IV) Komunii \u015awi\u0119tej. Pierwsza Komunia \u015awi\u0119ta (kl. III) odb\u0119dzie si\u0119 12 maja 2024 r., Odnowienie Przyrzecze\u0144 Chrztu \u015bwi\u0119tego (kl. IV) \u2013 26 maja 2024 r.<\/li>\n<li>W pi\u0105tek przypada \u015bwi\u0119to Archanio\u0142\u00f3w : Micha\u0142a, Gabriela i Rafa\u0142a. Ci wielcy Bo\u017cy pos\u0142a\u0144cy broni\u0105 nas i pouczaj\u0105. Starajmy si\u0119 z nimi zaprzyja\u017ani\u0107.<\/li>\n<li>Za tydzie\u0144, 1pa\u017adziernika, zapraszam na sum\u0119 asyst\u0119 procesyjn\u0105 z racji pierwszej niedzieli miesi\u0105ca.<\/li>\n<li>Od 1 pa\u017adziernika Msze \u015awi\u0119te w dni powszednie b\u0119d\u0105 sprawowane o godz. 16.00. Modlitwa r\u00f3\u017ca\u0144cowa w dni powszednie w pa\u017adzierniku o godz. 16.30.<\/li>\n<li>7 pa\u017adziernika (sobota) odb\u0119dzie si\u0119 w Smardzewie spotkanie K\u00f3\u0142 R\u00f3\u017ca\u0144cowych z naszej diecezji. Szczeg\u00f3\u0142owy program spotkania jest zamieszczony na stronie internetowej naszej parafii.<\/li>\n<li>W zakrystii mo\u017cna naby\u0107 <strong><em>Kalendarz dla Rolnik\u00f3w,<\/em><\/strong> w cenie 36 z\u0142otych.<\/li>\n<li>Wychodz\u0105c z ko\u015bcio\u0142a mo\u017cna naby\u0107 pras\u0119 katolick\u0105: <strong><em>Go\u015b\u0107 Niedzielny, Ma\u0142y Go\u015b\u0107 Niedzielny <\/em><\/strong>(dla m\u0142odzie\u017cy),<strong><em> Rycerz Niepokalanej, Ma\u0142y Rycerzyk Niepokalanej <\/em><\/strong>(dla dzieci).<\/li>\n<li>Numer tel. 605 \u2013 684 &#8211; 622 lub 506 \u2013 941- 672 \u2013 ks. Henryk Dymek<\/li>\n<\/ol>\n<p>&nbsp;<\/p>\n<p>&nbsp;<\/p>\n","protected":false},"excerpt":{"rendered":"<p>OG\u0141OSZENIA DUSZPASTERSKIE Dzi\u015b dwudziesta piata niedziela w ci\u0105gu roku liturgicznego. Po raz kolejny (109) obchodzony jest dzisiaj \u015awiatowy Dzie\u0144 Migranta i Uchod\u017acy. Modlitw\u0105 wspieramy wszystkich, kt\u00f3rzy z powodu wojny, prze\u015bladowa\u0144 i innych trudno\u015bci musieli opu\u015bci\u0107 rodzinny kraj, aby do\u015bwiadczali \u017cyczliwo\u015bci i odpowiedniej pomocy w nowych \u015brodowiskach. Dzisiaj, po Mszy \u015bwi\u0119tej o godz. 10.45 zapraszam rodzic\u00f3w &hellip; <\/p>\n<p><a class=\"more-link btn\" href=\"https:\/\/parafiasmardzewo.pl\/?p=9085\">Kontynuuj czytanie<\/a><\/p>\n","protected":false},"author":2,"featured_media":4017,"comment_status":"open","ping_status":"open","sticky":false,"template":"","format":"standard","meta":[],"categories":[2],"tags":[],"_links":{"self":[{"href":"https:\/\/parafiasmardzewo.pl\/index.php?rest_route=\/wp\/v2\/posts\/9085"}],"collection":[{"href":"https:\/\/parafiasmardzewo.pl\/index.php?rest_route=\/wp\/v2\/posts"}],"about":[{"href":"https:\/\/parafiasmardzewo.pl\/index.php?rest_route=\/wp\/v2\/types\/post"}],"author":[{"embeddable":true,"href":"https:\/\/parafiasmardzewo.pl\/index.php?rest_route=\/wp\/v2\/users\/2"}],"replies":[{"embeddable":true,"href":"https:\/\/parafiasmardzewo.pl\/index.php?rest_route=%2Fwp%2Fv2%2Fcomments&post=9085"}],"version-history":[{"count":3,"href":"https:\/\/parafiasmardzewo.pl\/index.php?rest_route=\/wp\/v2\/posts\/9085\/revisions"}],"predecessor-version":[{"id":9088,"href":"https:\/\/parafiasmardzewo.pl\/index.php?rest_route=\/wp\/v2\/posts\/9085\/revisions\/9088"}],"wp:featuredmedia":[{"embeddable":true,"href":"https:\/\/parafiasmardzewo.pl\/index.php?rest_route=\/wp\/v2\/media\/4017"}],"wp:attachment":[{"href":"https:\/\/parafiasmardzewo.pl\/index.php?rest_route=%2Fwp%2Fv2%2Fmedia&parent=9085"}],"wp:term":[{"taxonomy":"category","embeddable":true,"href":"https:\/\/parafiasmardzewo.pl\/index.php?rest_route=%2Fwp%2Fv2%2Fcategories&post=9085"},{"taxonomy":"post_tag","embeddable":true,"href":"https:\/\/parafiasmardzewo.pl\/index.php?rest_route=%2Fwp%2Fv2%2Ftags&post=9085"}],"curies":[{"name":"wp","href":"https:\/\/api.w.org\/{rel}","templated":true}]}}