{"id":9093,"date":"2023-09-30T19:46:30","date_gmt":"2023-09-30T17:46:30","guid":{"rendered":"https:\/\/parafiasmardzewo.pl\/?p=9093"},"modified":"2023-09-30T20:17:26","modified_gmt":"2023-09-30T18:17:26","slug":"kiermasz-charytatywny-dla-mai-sienkiewicz","status":"publish","type":"post","link":"https:\/\/parafiasmardzewo.pl\/?p=9093","title":{"rendered":"Kiermasz charytatywny  dla  Mai Sienkiewicz!"},"content":{"rendered":"<p><em>Organizowany przez Ko\u0142o Wolontariatu, Samorz\u0105d Uczniowski oraz Rad\u0119 Rodzic\u00f3w przy Szkole Podstawowej im. Powsta\u0144c\u00f3w Styczniowych 1863 r. w Smardzewie <\/em><!--more--><\/p>\n<p style=\"text-align: left;\"><em>8 pa\u017adziernika, w niedziel\u0119, po mszy o godz. 9-tej i 10.45, przy Ko\u015bciele Parafialnym \u015bw. Stanis\u0142awa Kostki w Smardzewie odb\u0119dzie si\u0119 sprzeda\u017c s\u0142odkich wypiek\u00f3w. <\/em><\/p>\n<p style=\"text-align: left;\"><em>Doch\u00f3d ze sprzeda\u017cy zostanie przeznaczony na leczenie <\/em><em>i rehabilitacj\u0119 Mai. <\/em><\/p>\n<p style=\"text-align: left;\"><em>Maja Sienkiewicz to 8 \u2013 letnia dziewczynka, uczennica klasy II Szko\u0142y Podstawowej w Sochocinie. Z dnia na dzie\u0144 dzieci\u0144stwo Mai zmieni\u0142o si\u0119 w onkologiczne piek\u0142o! <\/em><\/p>\n<p style=\"text-align: left;\"><em>Jednego dnia czeka\u0142a na rozpocz\u0119cie roku szkolnego, drugiego w jej \u017cy\u0142ki p\u0142yn\u0119\u0142a ratunkowa chemia, bo Maja umiera\u0142a! <\/em><\/p>\n<p style=\"text-align: left;\"><em>Zacz\u0119\u0142o si\u0119 od b\u00f3lu brzuszka, <\/em><em>a teraz jest walka na \u015bmier\u0107 i \u017cycie <\/em><em>z bia\u0142aczk\u0105\u2026 <\/em><\/p>\n<p><a href=\"https:\/\/parafiasmardzewo.pl\/wp-content\/uploads\/2023\/09\/big_f5549a9d-bcd4-4b25-87fa-2f62d7a34671.jpg\"><img loading=\"lazy\" class=\"alignnone size-medium wp-image-9098\" src=\"https:\/\/parafiasmardzewo.pl\/wp-content\/uploads\/2023\/09\/big_f5549a9d-bcd4-4b25-87fa-2f62d7a34671-300x225.jpg\" alt=\"\" width=\"300\" height=\"225\" srcset=\"https:\/\/parafiasmardzewo.pl\/wp-content\/uploads\/2023\/09\/big_f5549a9d-bcd4-4b25-87fa-2f62d7a34671-300x225.jpg 300w, https:\/\/parafiasmardzewo.pl\/wp-content\/uploads\/2023\/09\/big_f5549a9d-bcd4-4b25-87fa-2f62d7a34671.jpg 650w\" sizes=\"(max-width: 300px) 100vw, 300px\" \/><\/a><\/p>\n<p style=\"text-align: left;\"><em>Do wsparcia szczytnego celu zach\u0119caj\u0105: <\/em><\/p>\n<p style=\"text-align: left;\"><em>\u00a0Szkolne Ko\u0142o Wolontariatu, <\/em><\/p>\n<p style=\"text-align: left;\"><em>Samorz\u0105d Uczniowski, <\/em><\/p>\n<p style=\"text-align: left;\"><em>Rada Pedagogiczna,<\/em><\/p>\n<p style=\"text-align: left;\"><em> Rada Rodzic\u00f3w <\/em><em>oraz <\/em><em>pracownicy <\/em><em>Szko\u0142y Podstawowej im. Powsta\u0144c\u00f3w Styczniowych 1863 r. w Smardzewie. <\/em><\/p>\n<p style=\"text-align: left;\"><em>\u00a0 \u00a0 \u00a0 \u00a0 \u00a0 Razem mo\u017cemy wi\u0119cej! <\/em><\/p>\n<p style=\"text-align: left;\"><em>\u00a0<\/em><\/p>\n<p style=\"text-align: left;\">\n","protected":false},"excerpt":{"rendered":"<p>Organizowany przez Ko\u0142o Wolontariatu, Samorz\u0105d Uczniowski oraz Rad\u0119 Rodzic\u00f3w przy Szkole Podstawowej im. Powsta\u0144c\u00f3w Styczniowych 1863 r. w Smardzewie<\/p><p><a class=\"more-link btn\" href=\"https:\/\/parafiasmardzewo.pl\/?p=9093\">Kontynuuj czytanie<\/a><\/p>\n","protected":false},"author":1,"featured_media":9098,"comment_status":"open","ping_status":"open","sticky":false,"template":"","format":"standard","meta":[],"categories":[2],"tags":[],"_links":{"self":[{"href":"https:\/\/parafiasmardzewo.pl\/index.php?rest_route=\/wp\/v2\/posts\/9093"}],"collection":[{"href":"https:\/\/parafiasmardzewo.pl\/index.php?rest_route=\/wp\/v2\/posts"}],"about":[{"href":"https:\/\/parafiasmardzewo.pl\/index.php?rest_route=\/wp\/v2\/types\/post"}],"author":[{"embeddable":true,"href":"https:\/\/parafiasmardzewo.pl\/index.php?rest_route=\/wp\/v2\/users\/1"}],"replies":[{"embeddable":true,"href":"https:\/\/parafiasmardzewo.pl\/index.php?rest_route=%2Fwp%2Fv2%2Fcomments&post=9093"}],"version-history":[{"count":7,"href":"https:\/\/parafiasmardzewo.pl\/index.php?rest_route=\/wp\/v2\/posts\/9093\/revisions"}],"predecessor-version":[{"id":9101,"href":"https:\/\/parafiasmardzewo.pl\/index.php?rest_route=\/wp\/v2\/posts\/9093\/revisions\/9101"}],"wp:featuredmedia":[{"embeddable":true,"href":"https:\/\/parafiasmardzewo.pl\/index.php?rest_route=\/wp\/v2\/media\/9098"}],"wp:attachment":[{"href":"https:\/\/parafiasmardzewo.pl\/index.php?rest_route=%2Fwp%2Fv2%2Fmedia&parent=9093"}],"wp:term":[{"taxonomy":"category","embeddable":true,"href":"https:\/\/parafiasmardzewo.pl\/index.php?rest_route=%2Fwp%2Fv2%2Fcategories&post=9093"},{"taxonomy":"post_tag","embeddable":true,"href":"https:\/\/parafiasmardzewo.pl\/index.php?rest_route=%2Fwp%2Fv2%2Ftags&post=9093"}],"curies":[{"name":"wp","href":"https:\/\/api.w.org\/{rel}","templated":true}]}}