{"id":9125,"date":"2023-10-28T22:05:39","date_gmt":"2023-10-28T20:05:39","guid":{"rendered":"https:\/\/parafiasmardzewo.pl\/?p=9125"},"modified":"2023-10-28T22:17:09","modified_gmt":"2023-10-28T20:17:09","slug":"rocznica-poswiecenia-wlasnego-kosciola-29-pazdziernika-2023-roku","status":"publish","type":"post","link":"https:\/\/parafiasmardzewo.pl\/?p=9125","title":{"rendered":"ROCZNICA PO\u015aWI\u0118CENIA W\u0141ASNEGO KO\u015aCIO\u0141A &#8211; 29 pa\u017adziernika 2023 roku"},"content":{"rendered":"<p><strong>OG\u0141OSZENIA DUSZPASTERSKIE<\/strong><\/p>\n<ol>\n<li>Ka\u017cda \u015bwi\u0105tynia jest miejscem wybranym przez Pana Boga, miejscem Jego przebywania w\u015br\u00f3d ludzi, miejscem spotkania Boga z cz\u0142owiekiem, gdzie okazuje On swoje mi\u0142osierdzie i udziela \u0142ask. Dzi\u0119kujemy dzisiaj za ten ko\u015bci\u00f3\u0142, nasz\u0105 \u015bwi\u0105tyni\u0119, kt\u00f3r\u0105 Pan B\u00f3g wybra\u0142 na miejsce przebywania w\u015br\u00f3d nas.<\/li>\n<li>Ko\u0144czy si\u0119 pa\u017adziernik. Jeszcze do wtorku wsp\u00f3lnie b\u0119dziemy rozwa\u017ca\u0107 tajemnice r\u00f3\u017ca\u0144cowe o godz.16.30..<\/li>\n<li>W \u015brod\u0119, 1 listopada, przypada uroczysto\u015b\u0107 Wszystkich \u015awi\u0119tych. Pami\u0119tajmy, \u017ce w tym dniu mamy obowi\u0105zek uczestniczenia we Mszy \u015awi\u0119tej. <strong>W naszym ko\u015bciele b\u0119d\u0105 one sprawowane wed\u0142ug nast\u0119puj\u0105cego porz\u0105dku: godz. 8.00 i 10.00. Po Eucharystii o godz.10.00 p\u00f3jdziemy w procesji na cmentarz. <\/strong>W t\u0119 uroczysto\u015b\u0107 uwielbiamy Pana Boga wszystkich czas\u00f3w w Jego \u015bwi\u0119tych \u2013 w ludziach, kt\u00f3rzy przeszli przez \u017cycie wierni Panu Bogu i Jego przykazaniom. Dla nas s\u0105 oni drogowskazami na drodze do wieczno\u015bci na radosne spotkanie z Ojcem w niebie<strong>. Na godz. 17.00 zapraszam, na cmentarz, na modlitw\u0119 r\u00f3\u017ca\u0144cow\u0105 za zmar\u0142ych. <\/strong><\/li>\n<li>W czwartek, <strong>2 listopada, we wspomnienie Wszystkich Wiernych Zmar\u0142ych w naszym ko\u015bciele b\u0119d\u0105 sprawowane Msze \u015awi\u0119te w godz. 10.00 i 16.00. Po Mszy \u015awi\u0119tej o godz. 16.00 p\u00f3jdziemy w procesji na cmentarz.<\/strong> Nie zapominajmy te\u017c, \u017ce przez osiem pierwszych dni listopada duszom w czy\u015b\u0107cu mo\u017cemy ofiarowa\u0107 wielki dar \u2013 <strong>odpust zupe\u0142ny za pobo\u017cne nawiedzenie cmentarza i zm\u00f3wienie modlitwy w ich intencji oraz spe\u0142nienie pozosta\u0142ych zwyk\u0142ych warunk\u00f3w odpustu, to znaczy: stan \u0142aski u\u015bwi\u0119caj\u0105cej, brak przywi\u0105zania do jakiegokolwiek grzechu, przyj\u0119cie Komunii \u015bw., odm\u00f3wienie modlitwy w\u00a0intencjach wyznaczonych przez Ojca \u015awi\u0119tego. <\/strong><\/li>\n<li>W tym tygodniu przypada pierwszy pi\u0105tek miesi\u0105ca. O godz. 16.00 b\u0119dzie wystawienie Naj\u015bwi\u0119tszego Sakramentu i adoracja. O godz. 16.30 Msza \u015awi\u0119ta. Zach\u0119cam do przyj\u0119cia Komunii \u015bw. wynagradzaj\u0105cej Naj\u015bwi\u0119tszemu Sercu Pana Jezusa w pi\u0105tek. <strong>Kandydatom do bierzmowania przypominam o odprawieniu pierwszych pi\u0105tk\u00f3w miesi\u0105ca.<\/strong><\/li>\n<li>W pierwsz\u0105 sobot\u0119 miesi\u0105ca uczcimy Niepokalane Serce Maryi podczas nabo\u017ce\u0144stwa o godz.16.00.<\/li>\n<li>Dzisiaj, ostatni raz wymienia\u0142em zmar\u0142ych w wypominkach rocznych. Od nast\u0119pnej niedzieli b\u0119d\u0105 czytane nazwiska zmar\u0142ych zg\u0142oszone w ostatnim czasie.<\/li>\n<li>Dwie rodziny spoza parafii z\u0142o\u017cy\u0142y ofiar\u0119 (ka\u017cda rodzina po 300,00 z\u0142otych) na zakup \u0142awek do naszej \u015bwi\u0105tyni. Serdeczne B\u00f3g zap\u0142a\u0107.<\/li>\n<li>Pa\u0144stwu Bernardzie i Wies\u0142awowi Gierkowskim oraz Pa\u0144stwu Danucie i Henrykowi Kr\u00f3lom dzi\u0119kuj\u0119 za prace przy piel\u0119gnowaniu kwiat\u00f3w i krzew\u00f3w przy ko\u015bciele. Panu Krzysztofowi Morawskiemu dzi\u0119kuj\u0119 za koszenie trawy przy ko\u015bciele, na cmentarzu grzebalnym i na pozosta\u0142ych dzia\u0142kach parafialnych. Dzi\u0119kuj\u0119 r\u00f3wnie\u017c innym osobom, kt\u00f3re ch\u0119tnie i wiele razy pomaga\u0142y przy r\u00f3\u017cnych pracach w \u015bwi\u0105tyni i na zewn\u0105trz.<\/li>\n<li>W miniony czwartek, 26 pa\u017adziernika, przybyli do naszego sanktuarium wierni (60 os\u00f3b) z par. \u015bw. O. Pio z P\u0142o\u0144ska wraz z duszpasterzami. Pielgrzymi uczestniczyli we Mszy \u015awi\u0119tej oraz modlitwie r\u00f3\u017ca\u0144cowej zako\u0144czonej, oko\u0142o godziny 21.00, Apelem Jasnog\u00f3rskim. Warto zaznaczy\u0107, \u017ce by\u0142a to ju\u017c kolejna pielgrzymka z tej parafii.<\/li>\n<li>Zach\u0119cam do nabycia prasy katolickiej.<\/li>\n<\/ol>\n<p>&nbsp;<\/p>\n<p>&nbsp;<\/p>\n<p>&nbsp;<\/p>\n","protected":false},"excerpt":{"rendered":"<p>OG\u0141OSZENIA DUSZPASTERSKIE Ka\u017cda \u015bwi\u0105tynia jest miejscem wybranym przez Pana Boga, miejscem Jego przebywania w\u015br\u00f3d ludzi, miejscem spotkania Boga z cz\u0142owiekiem, gdzie okazuje On swoje mi\u0142osierdzie i udziela \u0142ask. Dzi\u0119kujemy dzisiaj za ten ko\u015bci\u00f3\u0142, nasz\u0105 \u015bwi\u0105tyni\u0119, kt\u00f3r\u0105 Pan B\u00f3g wybra\u0142 na miejsce przebywania w\u015br\u00f3d nas. Ko\u0144czy si\u0119 pa\u017adziernik. Jeszcze do wtorku wsp\u00f3lnie b\u0119dziemy rozwa\u017ca\u0107 tajemnice r\u00f3\u017ca\u0144cowe &hellip; <\/p>\n<p><a class=\"more-link btn\" href=\"https:\/\/parafiasmardzewo.pl\/?p=9125\">Kontynuuj czytanie<\/a><\/p>\n","protected":false},"author":2,"featured_media":4017,"comment_status":"open","ping_status":"open","sticky":false,"template":"","format":"standard","meta":[],"categories":[2],"tags":[],"_links":{"self":[{"href":"https:\/\/parafiasmardzewo.pl\/index.php?rest_route=\/wp\/v2\/posts\/9125"}],"collection":[{"href":"https:\/\/parafiasmardzewo.pl\/index.php?rest_route=\/wp\/v2\/posts"}],"about":[{"href":"https:\/\/parafiasmardzewo.pl\/index.php?rest_route=\/wp\/v2\/types\/post"}],"author":[{"embeddable":true,"href":"https:\/\/parafiasmardzewo.pl\/index.php?rest_route=\/wp\/v2\/users\/2"}],"replies":[{"embeddable":true,"href":"https:\/\/parafiasmardzewo.pl\/index.php?rest_route=%2Fwp%2Fv2%2Fcomments&post=9125"}],"version-history":[{"count":2,"href":"https:\/\/parafiasmardzewo.pl\/index.php?rest_route=\/wp\/v2\/posts\/9125\/revisions"}],"predecessor-version":[{"id":9127,"href":"https:\/\/parafiasmardzewo.pl\/index.php?rest_route=\/wp\/v2\/posts\/9125\/revisions\/9127"}],"wp:featuredmedia":[{"embeddable":true,"href":"https:\/\/parafiasmardzewo.pl\/index.php?rest_route=\/wp\/v2\/media\/4017"}],"wp:attachment":[{"href":"https:\/\/parafiasmardzewo.pl\/index.php?rest_route=%2Fwp%2Fv2%2Fmedia&parent=9125"}],"wp:term":[{"taxonomy":"category","embeddable":true,"href":"https:\/\/parafiasmardzewo.pl\/index.php?rest_route=%2Fwp%2Fv2%2Fcategories&post=9125"},{"taxonomy":"post_tag","embeddable":true,"href":"https:\/\/parafiasmardzewo.pl\/index.php?rest_route=%2Fwp%2Fv2%2Ftags&post=9125"}],"curies":[{"name":"wp","href":"https:\/\/api.w.org\/{rel}","templated":true}]}}