{"id":9128,"date":"2023-11-04T20:57:13","date_gmt":"2023-11-04T19:57:13","guid":{"rendered":"https:\/\/parafiasmardzewo.pl\/?p=9128"},"modified":"2023-11-04T20:58:18","modified_gmt":"2023-11-04T19:58:18","slug":"trzydziesta-pierwsza-niedziela-w-ciagu-roku-5-listopada-2023","status":"publish","type":"post","link":"https:\/\/parafiasmardzewo.pl\/?p=9128","title":{"rendered":"TRZYDZIESTA PIERWSZA NIEDZIELA W CI\u0104GU ROKU &#8211; 5 listopada 2023"},"content":{"rendered":"<p><strong>OG\u0141OSZENIA DUSZPASTERSKIE<\/strong><\/p>\n<ol>\n<li>Po Mszy \u015awi\u0119tej o godz. 9.00 b\u0119dzie kr\u00f3tkie spotkanie z dzie\u0107mi kl. III i IV, kt\u00f3rzy przygotowuj\u0105 si\u0119 do Pierwszej Komunii \u015awi\u0119tej (kl. III) i do odnowienia Przyrzecze\u0144 Chrztu \u015awi\u0119tego (kl. IV). Za tydzie\u0144 po niedzielnej Eucharystii o godz. 10.45 zapraszam na spotkanie kandydat\u00f3w do bierzmowania.<\/li>\n<li>Dzisiaj, po Mszy \u015awi\u0119tej o godz. 10.45 b\u0119dzie wystawienie Naj\u015bwi\u0119tszego sakramentu i adoracja z racji pierwszej niedzieli miesi\u0105ca.<\/li>\n<li>Przypominam, \u017ce do 8 listopada duszom w czy\u015b\u0107cu mo\u017cemy ofiarowa\u0107 dar odpustu zupe\u0142nego za pobo\u017cne nawiedzenie cmentarza i zm\u00f3wienie modlitwy w ich intencji, spe\u0142niwszy pozosta\u0142e zwyk\u0142e warunki odpustu, to znaczy: stan \u0142aski u\u015bwi\u0119caj\u0105cej, przyj\u0119cie Komunii \u015awi\u0119tej, odm\u00f3wienie modlitwy w\u00a0intencjach wyznaczonych przez Ojca \u015awi\u0119tego, wyzbycie si\u0119 przywi\u0105zania do grzechu, nawet lekkiego.<\/li>\n<li>W czwartek, 9 listopada, \u015bwi\u0119tujemy Rocznic\u0119 Po\u015bwi\u0119cenia Bazyliki Latera\u0144skiej. To \u015bwi\u0119to podpowiada nam, \u017ce jeste\u015bmy cz\u0105stk\u0105 jednego wielkiego Ko\u015bcio\u0142a powszechnego. Nazwa \u201erzymskokatolicki\u201d wskazuje na szczeg\u00f3lne znaczenie, jakie pe\u0142ni w nim Rzym. Bazylika Latera\u0144ska jest katedr\u0105 Rzymu i matk\u0105 wszystkich ko\u015bcio\u0142\u00f3w \u015bwiata. Przez tysi\u0105c lat koncentrowa\u0142o si\u0119 przy niej \u017cycie Ko\u015bcio\u0142a i nawet kiedy wybudowano bazylik\u0119 nad grobem \u015bw. Piotra Aposto\u0142a na Watykanie, Bazylika Latera\u0144ska zachowa\u0142a status katedry biskupa Rzymu. Do dzi\u015b nad wej\u015bciem do Bazyliki Latera\u0144skiej znajduje si\u0119 \u0142aci\u0144ski napis: \u201eMatka i\u00a0G\u0142owa wszystkich ko\u015bcio\u0142\u00f3w Miasta i \u015awiata\u201d.<\/li>\n<li>W sobot\u0119, 11 listopada, w liturgiczne wspomnienie \u015bw. Marcina, przypada nasze Narodowe \u015awi\u0119to Niepodleg\u0142o\u015bci. Wspominaj\u0105c czas trudnego wykuwania niepodleg\u0142o\u015bci Polski, trzeba o tym pami\u0119ta\u0107 r\u00f3wnie\u017c i dzisiaj, chocia\u017c \u017cyjemy ju\u017c w wolnej i niepodleg\u0142ej Ojczy\u017anie. I\u00a0dzisiaj musimy my\u015ble\u0107 o odrodzeniu si\u0119 naszego narodu w wielu r\u00f3\u017cnych wymiarach. Chcemy w tym momencie szczeg\u00f3lnie pami\u0119ta\u0107 o tych, kt\u00f3rzy przelewali swoj\u0105 krew i\u00a0oddawali \u017cycie w obronie Ojczyzny. Niech w tych dniach nie zabraknie nas przy mogi\u0142ach \u017co\u0142nierzy z lat 1918-1920 i\u00a0modlitewnej o nich pami\u0119ci. W naszej parafii tego dnia Msze \u015awi\u0119te b\u0119d\u0105 odprawione o\u00a0godz. 10.00 i o godz. 16.00. O\u00a0 9.30 b\u0119dziemy modli\u0107 si\u0119 na r\u00f3\u017ca\u0144cu za poleg\u0142ych w obronie Ojczyzny i za zmar\u0142ych z naszych rodzin.<\/li>\n<li>Przysz\u0142\u0105 niedziel\u0119, b\u0119dziemy prze\u017cywali jako Dzie\u0144 Solidarno\u015bci z Ko\u015bcio\u0142em Prze\u015bladowanym.<\/li>\n<li>Pi\u0119\u0107 rodzin z naszej parafii z\u0142o\u017cy\u0142o ofiary na zakup \u0142awek do \u015bwi\u0105tyni. By\u0142y to ofiary w wysoko\u015bci: trzy rodziny po 300,00 z\u0142otych i dwie rodziny po\u00a0 200,00\u00a0 z\u0142otych. Jedna rodzina spoza parafii z\u0142o\u017cy\u0142a ofiar\u0119 \u2013 500,00 z\u0142otych. Serdecznie dzi\u0119kuj\u0119 ofiarodawcom.<\/li>\n<li>Zach\u0119cam do nabycia prasy katolickiej.<\/li>\n<li>Wczoraj odby\u0142 si\u0119 pogrzeb \u015bw. p. Marii Bednarskiej z K\u0119py, kt\u00f3ra prze\u017cy\u0142a 83 lata. Od uczestnik\u00f3w pogrzebu b\u0119dzie odprawionych 14 Mszy \u015awi\u0119tych, w tym dwie intencje zosta\u0142y zam\u00f3wione przez rodziny przed pogrzebem.<\/li>\n<\/ol>\n<p>&nbsp;<\/p>\n<p><strong>W tym tygodniu patronuj\u0105\u00a0 nam:<\/strong><\/p>\n<p>Pi\u0105tek, 10 listopada \u2013 \u015bw. Leon Wielki (ok. 400-461), papie\u017c i doktor Ko\u015bcio\u0142a; przyczyni\u0142 si\u0119 bardzo mocno do rozwoju nauczania Ko\u015bcio\u0142a, wprowadzi\u0142 zasad\u0119 liturgicznej, kanonicznej i\u00a0pastoralnej jedno\u015bci Ko\u015bcio\u0142a (wspomnienie obowi\u0105zkowe).<\/p>\n<p>Sobota, 11 listopada \u2013 \u015bw. Marcin (316-397), \u017co\u0142nierz rzymski, kt\u00f3ry po przyj\u0119ciu chrztu zacz\u0105\u0142 prowadzi\u0107 \u017cycie mnicha, wreszcie zosta\u0142 biskupem w Tours; pierwszy wyznawca nie-m\u0119czennik w Ko\u015bciele Zachodnim (wspomnienie obowi\u0105zkowe).<\/p>\n<p>&nbsp;<\/p>\n","protected":false},"excerpt":{"rendered":"<p>OG\u0141OSZENIA DUSZPASTERSKIE Po Mszy \u015awi\u0119tej o godz. 9.00 b\u0119dzie kr\u00f3tkie spotkanie z dzie\u0107mi kl. III i IV, kt\u00f3rzy przygotowuj\u0105 si\u0119 do Pierwszej Komunii \u015awi\u0119tej (kl. III) i do odnowienia Przyrzecze\u0144 Chrztu \u015awi\u0119tego (kl. IV). Za tydzie\u0144 po niedzielnej Eucharystii o godz. 10.45 zapraszam na spotkanie kandydat\u00f3w do bierzmowania. Dzisiaj, po Mszy \u015awi\u0119tej o godz. 10.45 &hellip; <\/p>\n<p><a class=\"more-link btn\" href=\"https:\/\/parafiasmardzewo.pl\/?p=9128\">Kontynuuj czytanie<\/a><\/p>\n","protected":false},"author":2,"featured_media":5378,"comment_status":"open","ping_status":"open","sticky":false,"template":"","format":"standard","meta":[],"categories":[2],"tags":[],"_links":{"self":[{"href":"https:\/\/parafiasmardzewo.pl\/index.php?rest_route=\/wp\/v2\/posts\/9128"}],"collection":[{"href":"https:\/\/parafiasmardzewo.pl\/index.php?rest_route=\/wp\/v2\/posts"}],"about":[{"href":"https:\/\/parafiasmardzewo.pl\/index.php?rest_route=\/wp\/v2\/types\/post"}],"author":[{"embeddable":true,"href":"https:\/\/parafiasmardzewo.pl\/index.php?rest_route=\/wp\/v2\/users\/2"}],"replies":[{"embeddable":true,"href":"https:\/\/parafiasmardzewo.pl\/index.php?rest_route=%2Fwp%2Fv2%2Fcomments&post=9128"}],"version-history":[{"count":1,"href":"https:\/\/parafiasmardzewo.pl\/index.php?rest_route=\/wp\/v2\/posts\/9128\/revisions"}],"predecessor-version":[{"id":9129,"href":"https:\/\/parafiasmardzewo.pl\/index.php?rest_route=\/wp\/v2\/posts\/9128\/revisions\/9129"}],"wp:featuredmedia":[{"embeddable":true,"href":"https:\/\/parafiasmardzewo.pl\/index.php?rest_route=\/wp\/v2\/media\/5378"}],"wp:attachment":[{"href":"https:\/\/parafiasmardzewo.pl\/index.php?rest_route=%2Fwp%2Fv2%2Fmedia&parent=9128"}],"wp:term":[{"taxonomy":"category","embeddable":true,"href":"https:\/\/parafiasmardzewo.pl\/index.php?rest_route=%2Fwp%2Fv2%2Fcategories&post=9128"},{"taxonomy":"post_tag","embeddable":true,"href":"https:\/\/parafiasmardzewo.pl\/index.php?rest_route=%2Fwp%2Fv2%2Ftags&post=9128"}],"curies":[{"name":"wp","href":"https:\/\/api.w.org\/{rel}","templated":true}]}}