{"id":9134,"date":"2023-11-11T19:16:41","date_gmt":"2023-11-11T18:16:41","guid":{"rendered":"https:\/\/parafiasmardzewo.pl\/?p=9134"},"modified":"2023-11-11T20:19:15","modified_gmt":"2023-11-11T19:19:15","slug":"trzydziesta-druga-niedziela-w-ciagu-roku-12-listopada-2023","status":"publish","type":"post","link":"https:\/\/parafiasmardzewo.pl\/?p=9134","title":{"rendered":"TRZYDZIESTA DRUGA NIEDZIELA W CI\u0104GU ROKU &#8211; 12 listopada 2023"},"content":{"rendered":"<p><strong>OG\u0141OSZENIA DUSZPASTERSKIE<\/strong><\/p>\n<p><strong>\u00a0<\/strong><\/p>\n<ol>\n<li>Po Mszy \u015awi\u0119tej o godz. 9.00 b\u0119dzie spotkanie z dzie\u0107mi kl. III i IV. Po Eucharystii o godz. 10.45 zapraszam na spotkanie m\u0142odzie\u017c, kt\u00f3ra przygotowuje si\u0119 do sakramentu bierzmowania.<\/li>\n<li>Dzisiaj, jak ka\u017cdego roku w drug\u0105 niedziel\u0119 listopada, solidaryzujemy si\u0119 z Ko\u015bcio\u0142em prze\u015bladowanym w r\u00f3\u017cnych cz\u0119\u015bciach \u015bwiata. My cieszymy si\u0119 wolno\u015bci\u0105 religijn\u0105, mo\u017cemy swobodnie okazywa\u0107 nasz\u0105 wiar\u0119 w Boga i przywi\u0105zanie do Ko\u015bcio\u0142a. Ale nie mo\u017cemy zapomina\u0107, \u017ce s\u0105 na \u015bwiecie kraje i narody, gdzie chrze\u015bcija\u0144stwo jest prze\u015bladowane albo gdzie wyznawanie jakiejkolwiek religii jest \u017ale odbierane przez sprawuj\u0105cych w\u0142adz\u0119. I\u00a0dzisiaj wielu wyznawc\u00f3w Chrystusa, duchownych i \u015bwieckich, z powodu wiary p\u0142aci najwy\u017csz\u0105 cen\u0119 \u2013 oddaje swoje \u017cycie. Je\u015bli nie mo\u017cemy tym braciom w wierze okaza\u0107 innej pomocy, to przynajmniej ofiarujmy im dar modlitwy. Nie ustawajmy w pro\u015bbach, aby rych\u0142o nasta\u0142a jedna Owczarnia i jeden Pasterz!<\/li>\n<li>Listopad tradycyjnie przypomina nam o modlitewnej pami\u0119ci o zmar\u0142ych. Stosunek do zmar\u0142ych jest wyrazem naszej duchowej kultury. Chrze\u015bcija\u0144ska wiara nakazuje nam co\u015b wi\u0119cej ni\u017c dba\u0142o\u015b\u0107 o rodzinne groby czy bezimienne mogi\u0142y. Wierzymy, \u017ce zmarli sami pom\u00f3c sobie ju\u017c nie mog\u0105. Pami\u0119tajmy o nich nie tylko w listopadzie. Polecaj\u0105c ich Bo\u017cemu mi\u0142osierdziu, miejmy na uwadze, \u017ce kiedy\u015b sami b\u0119dziemy w podobnej potrzebie.<\/li>\n<li>Na zakup \u0142awek do ko\u015bcio\u0142a kilka rodzin z\u0142o\u017cy\u0142o ofiar\u0119: 400,00 z\u0142, 400,00 z\u0142, 200,00 i jedna rodzina spoza parafii \u2013 1000,00 z\u0142. Wszystkim ofiarodawcom sk\u0142adam serdeczne B\u00f3g zap\u0142a\u0107.<\/li>\n<li>Przy segregacji odpad\u00f3w na cmentarzu pracowali panowie: Henryk Kr\u00f3l, Tomasz Geller, Wincenty Sta\u0144czak (ko\u015bcielny) i Leszek Sosi\u0144ski. Bardzo serdecznie dzi\u0119kuj\u0119.<\/li>\n<li>Podobnie jak w latach ubieg\u0142ych Caritas Polska rozprowadza \u015bwiece w cenie 10.00 z\u0142 (ma\u0142e) i 15,00 z\u0142 (du\u017ce). Ofiary ze sprzeda\u017cy \u015bwiec przeznaczone s\u0105 na pomoc dla os\u00f3b potrzebuj\u0105cych.<\/li>\n<li>Od jutra (13 listopada) pan organista Stefan Godlewski b\u0119dzie odwiedza\u0142 rodziny naszej parafii z op\u0142atkiem wigilijnym. Przyjmijmy Pana Stefana \u017cyczliwie.<\/li>\n<li>Zach\u0119cam do nabycia prasy katolickiej.<\/li>\n<\/ol>\n<p><strong>W tym tygodniu patronuj\u0105\u00a0 nam:\u00a0 \u00a0 \u00a0 \u00a0 \u00a0 \u00a0 \u00a0 \u00a0 \u00a0 \u00a0 \u00a0 \u00a0 \u00a0 \u00a0 \u00a0 \u00a0 \u00a0 \u00a0 \u00a0 \u00a0 \u00a0 \u00a0 \u00a0 \u00a0 \u00a0 \u00a0 \u00a0 \u00a0 \u00a0 \u00a0 \u00a0 \u00a0 \u00a0 \u00a0 \u00a0 \u00a0 \u00a0 \u00a0 \u00a0 \u00a0 \u00a0 \u00a0 \u00a0 \u00a0 \u00a0 \u00a0 \u00a0 \u00a0 \u00a0 \u00a0 \u00a0 \u00a0 \u00a0 \u00a0 \u00a0 \u00a0 \u00a0 \u00a0 \u00a0 \u00a0 \u00a0 \u00a0 \u00a0 \u00a0 \u00a0 \u00a0 \u00a0 \u00a0 \u00a0 \u00a0 \u00a0 \u00a0 \u00a0 \u00a0 \u00a0 \u00a0 \u00a0 \u00a0 \u00a0 \u00a0 \u00a0 \u00a0 \u00a0 \u00a0 \u00a0<\/strong>Poniedzia\u0142ek, 13 listopada \u2013 \u015bw. \u015bw. Benedykt, Jan, Mateusz, Izaak i Krystyn (\u20201003), eremici i misjonarze, dzia\u0142aj\u0105cy w okolicach Mi\u0119dzyrzecza za Boles\u0142awa Chrobrego, pierwsi polscy m\u0119czennicy wyniesieni na o\u0142tarze (wspomnienie obowi\u0105zkowe).<\/p>\n<p>Pi\u0105tek, 17 listopada \u2013 \u015bw. El\u017cbieta W\u0119gierska (1207-1231), zakonnica, a najpierw \u017cona Ludwika IV, landgrafa Turyngii, kt\u00f3ra po jego \u015bmierci po\u015bwi\u0119ci\u0142a si\u0119 wychowaniu dzieci, modlitwie, uczynkom pokutnym i mi\u0142osierdziu, potem przywdzia\u0142a habit tercjarki \u015awi\u0119tego Franciszka (wspomnienie obowi\u0105zkowe).<\/p>\n<p>Sobota, 18 listopada \u2013 b\u0142. Karolina K\u00f3zk\u00f3wna (1898-1914), dziewica i m\u0119czennica, kt\u00f3ra zgin\u0119\u0142a z r\u0105k carskiego \u017co\u0142nierza na pocz\u0105tku I wojny \u015bwiatowej, broni\u0105c swojej czysto\u015bci; jest patronk\u0105 Katolickiego Stowarzyszenia M\u0142odzie\u017cy (KSM) i Ruchu Czystych Serc (wspomnienie obowi\u0105zkowe).<\/p>\n<p>&nbsp;<\/p>\n","protected":false},"excerpt":{"rendered":"<p>OG\u0141OSZENIA DUSZPASTERSKIE \u00a0 Po Mszy \u015awi\u0119tej o godz. 9.00 b\u0119dzie spotkanie z dzie\u0107mi kl. III i IV. Po Eucharystii o godz. 10.45 zapraszam na spotkanie m\u0142odzie\u017c, kt\u00f3ra przygotowuje si\u0119 do sakramentu bierzmowania. Dzisiaj, jak ka\u017cdego roku w drug\u0105 niedziel\u0119 listopada, solidaryzujemy si\u0119 z Ko\u015bcio\u0142em prze\u015bladowanym w r\u00f3\u017cnych cz\u0119\u015bciach \u015bwiata. My cieszymy si\u0119 wolno\u015bci\u0105 religijn\u0105, mo\u017cemy &hellip; <\/p>\n<p><a class=\"more-link btn\" href=\"https:\/\/parafiasmardzewo.pl\/?p=9134\">Kontynuuj czytanie<\/a><\/p>\n","protected":false},"author":2,"featured_media":4017,"comment_status":"open","ping_status":"open","sticky":false,"template":"","format":"standard","meta":[],"categories":[2],"tags":[],"_links":{"self":[{"href":"https:\/\/parafiasmardzewo.pl\/index.php?rest_route=\/wp\/v2\/posts\/9134"}],"collection":[{"href":"https:\/\/parafiasmardzewo.pl\/index.php?rest_route=\/wp\/v2\/posts"}],"about":[{"href":"https:\/\/parafiasmardzewo.pl\/index.php?rest_route=\/wp\/v2\/types\/post"}],"author":[{"embeddable":true,"href":"https:\/\/parafiasmardzewo.pl\/index.php?rest_route=\/wp\/v2\/users\/2"}],"replies":[{"embeddable":true,"href":"https:\/\/parafiasmardzewo.pl\/index.php?rest_route=%2Fwp%2Fv2%2Fcomments&post=9134"}],"version-history":[{"count":1,"href":"https:\/\/parafiasmardzewo.pl\/index.php?rest_route=\/wp\/v2\/posts\/9134\/revisions"}],"predecessor-version":[{"id":9135,"href":"https:\/\/parafiasmardzewo.pl\/index.php?rest_route=\/wp\/v2\/posts\/9134\/revisions\/9135"}],"wp:featuredmedia":[{"embeddable":true,"href":"https:\/\/parafiasmardzewo.pl\/index.php?rest_route=\/wp\/v2\/media\/4017"}],"wp:attachment":[{"href":"https:\/\/parafiasmardzewo.pl\/index.php?rest_route=%2Fwp%2Fv2%2Fmedia&parent=9134"}],"wp:term":[{"taxonomy":"category","embeddable":true,"href":"https:\/\/parafiasmardzewo.pl\/index.php?rest_route=%2Fwp%2Fv2%2Fcategories&post=9134"},{"taxonomy":"post_tag","embeddable":true,"href":"https:\/\/parafiasmardzewo.pl\/index.php?rest_route=%2Fwp%2Fv2%2Ftags&post=9134"}],"curies":[{"name":"wp","href":"https:\/\/api.w.org\/{rel}","templated":true}]}}