{"id":9138,"date":"2023-11-18T21:06:02","date_gmt":"2023-11-18T20:06:02","guid":{"rendered":"https:\/\/parafiasmardzewo.pl\/?p=9138"},"modified":"2023-11-18T21:12:10","modified_gmt":"2023-11-18T20:12:10","slug":"trzydziesta-trzecia-niedziela-w-ciagu-roku-19-listopada-2023","status":"publish","type":"post","link":"https:\/\/parafiasmardzewo.pl\/?p=9138","title":{"rendered":"TRZYDZIESTA TRZECIA NIEDZIELA W CI\u0104GU ROKU &#8211; 19 listopada 2023"},"content":{"rendered":"<p><strong>OG\u0141OSZENIA DUSZPASTERSKIE\u00a0 \u00a0 \u00a0 \u00a0 \u00a0 \u00a0 \u00a0 \u00a0 \u00a0 \u00a0 \u00a0 \u00a0 \u00a0 \u00a0 \u00a0 \u00a0 \u00a0 \u00a0 \u00a0 \u00a0 \u00a0 \u00a0 \u00a0 \u00a0 \u00a0 \u00a0 \u00a0 \u00a0 \u00a0 \u00a0 \u00a0 \u00a0 \u00a0 \u00a0 \u00a0 \u00a0 \u00a0 \u00a0 \u00a0 \u00a0 \u00a0 \u00a0 \u00a0 \u00a0 \u00a0 \u00a0 \u00a0 \u00a0 \u00a0 \u00a0 \u00a0 \u00a0 \u00a0 \u00a0 \u00a0 \u00a0 \u00a0 \u00a0 \u00a0 \u00a0 \u00a0 \u00a0 \u00a0 \u00a0 \u00a0 \u00a0 \u00a0 \u00a0 \u00a0 \u00a0 \u00a0 \u00a0 \u00a0 \u00a0 \u00a0 \u00a0 \u00a0 \u00a0 \u00a0 \u00a0 \u00a0 \u00a0 \u00a0 \u00a01. <\/strong>Po Mszy \u015awi\u0119tej o godz. 9.00 b\u0119dzie spotkanie z dzie\u0107mi kl. III i IV, kt\u00f3rzy przygotowuj\u0105 si\u0119 do\u00a0 \u00a0 \u00a0 \u00a0 \u00a0 \u00a0 \u00a0 \u00a0 \u00a0 \u00a0 \u00a0 \u00a0 \u00a0 \u00a0 \u00a0 \u00a0 \u00a0 \u00a0Pierwszej Komunii \u015awi\u0119tej (kl. III) i Odnowienia Przyrzecze\u0144 Chrztu \u015awi\u0119tego (kl. IV).\u00a0 \u00a0 \u00a0 \u00a0 \u00a0 \u00a0 \u00a0 \u00a0 \u00a0 \u00a0 \u00a0 \u00a0 \u00a0 \u00a0 \u00a0 \u00a0 \u00a0 \u00a0 \u00a0 \u00a0 \u00a0 \u00a0 \u00a02. Dzisiejsza niedziela w Ko\u015bciele powszechnym obchodzona jest jako \u015awiatowy Dzie\u0144 Ubogich. Papie\u017c\u00a0 \u00a0 \u00a0 \u00a0 \u00a0 \u00a0 \u00a0 \u00a0 \u00a0 Franciszek ustanowi\u0142 w listopadzie 2016 roku specjalnym listem apostolskim <strong>\u201eMisericordia et Misera\u201d,<\/strong>\u00a0 \u00a0 \u00a0 \u00a0 \u00a0 \u00a0 \u00a0napisanym na zako\u0144czenie Nadzwyczajnego Jubileuszowego Roku Mi\u0142osierdzia. Po raz pierwszy\u00a0 \u00a0 \u00a0 \u00a0 \u00a0 \u00a0 \u00a0 \u00a0 \u00a0 \u00a0 \u00a0 \u00a0 \u00a0 \u00a0obchodzono ten Dzie\u0144 19 listopada 2017 roku pod has\u0142em <strong>\u201eNie mi\u0142ujmy s\u0142owem, ale czynem\u201d.<\/strong>\u00a0 \u00a0 \u00a0 \u00a0 \u00a0 \u00a0 \u00a0 \u00a0 \u00a0 \u00a0 \u00a0 \u00a0 \u00a0 \u00a0 \u00a0 \u00a0Organizowano w tym dniu uroczyste Msze \u015awi\u0119te i liczne akcje pomocy, na przyk\u0142ad bezp\u0142atne posi\u0142ki\u00a0 \u00a0 \u00a0 \u00a0 \u00a0 \u00a0 \u00a0 \u00a0lub pomoc medyczn\u0105 dla os\u00f3b bezdomnych i tym podobne. Mo\u017ce i w naszym s\u0105siedztwie, okolicy s\u0105\u00a0 \u00a0 \u00a0 \u00a0 \u00a0 \u00a0 \u00a0 \u00a0 \u00a0 \u00a0 \u00a0 osoby potrzebuj\u0105ce pomocy. Otw\u00f3rzmy nasze serca na ka\u017cd\u0105 ludzk\u0105 bied\u0119 i ch\u0119tnie w\u0142\u0105czmy si\u0119 w\u00a0 \u00a0 \u00a0 \u00a0 \u00a0 \u00a0 \u00a0 \u00a0 \u00a0 \u00a0 \u00a0 \u00a0 \u00a0dzia\u0142alno\u015b\u0107 organizacji spo\u0142ecznych i ko\u015bcielnych, jak Caritas, aby pomaga\u0107 innym.\u00a0 \u00a0 \u00a0 \u00a0 \u00a0 \u00a0 \u00a0 \u00a0 \u00a0 \u00a0 \u00a0 \u00a0 \u00a0 \u00a0 \u00a0 \u00a0 \u00a0 \u00a0 \u00a0 \u00a0 \u00a0 \u00a0 \u00a0 \u00a0 \u00a0 \u00a0 \u00a0 \u00a0 3. We wtorek, 21 listopada, w liturgii wspominamy Ofiarowanie Naj\u015bwi\u0119tszej Maryi Panny. Gdy Maryja mia\u0142a trzy lata, rodzice, \u015awi\u0119ty Joachim i \u015awi\u0119ta Anna, oddali J\u0105 kap\u0142anowi Zachariaszowi, ojcu \u015awi\u0119tego Jana Chrzciciela, na wychowanie i nauk\u0119. Maryja pozosta\u0142a w \u015bwi\u0105tyni oko\u0142o 12 lat. Dla uczczenia tej tajemnicy z Jej \u017cycia od VIII wieku na Wschodzie, a od XIV wieku tak\u017ce na Zachodzie obchodzono specjalne \u015bwi\u0119to. Dzi\u015b wspominaj\u0105c tamto Ofiarowanie, powinni\u015bmy odnawia\u0107 w sobie pragnienie po\u015bwi\u0119cania si\u0119 Bogu i szukania Jego woli.\u00a0 \u00a0 \u00a0 \u00a0 \u00a0 \u00a0 \u00a0 \u00a0 \u00a0 \u00a0 \u00a0 \u00a0 \u00a0 \u00a0 \u00a0 \u00a0 \u00a0 \u00a0 \u00a0 \u00a0 \u00a0 \u00a0 \u00a0 \u00a0 \u00a0 \u00a0 \u00a0 \u00a0 \u00a0 \u00a0 \u00a0 \u00a0 \u00a0 \u00a0 \u00a0 \u00a0 \u00a0 \u00a0 \u00a0 \u00a0 \u00a0 \u00a0 \u00a0 \u00a0 \u00a0 \u00a0 \u00a0 \u00a0 \u00a0 \u00a0 \u00a0 \u00a0 \u00a0 \u00a0 \u00a0 \u00a0 \u00a0 \u00a0 \u00a0 \u00a0 \u00a0 \u00a0 \u00a0 \u00a0 \u00a0 \u00a0 \u00a0 \u00a0 \u00a0 \u00a0 \u00a0 \u00a0 \u00a0 \u00a0 \u00a0 \u00a0 \u00a0 \u00a0 \u00a0 \u00a0 \u00a0 \u00a0 \u00a0 \u00a0 \u00a0 \u00a0 \u00a0 \u00a0 \u00a0 \u00a0 \u00a0 \u00a0 \u00a04. Za\u015b w \u015brod\u0119, 22 listopada, przypada liturgiczne wspomnienie \u015awi\u0119tej Cecylii, dziewicy i m\u0119czennicy, patronki ch\u00f3rzyst\u00f3w, lutnik\u00f3w, muzyk\u00f3w, organist\u00f3w, ko\u015bcielnych zespo\u0142\u00f3w wokalno-muzycznych. Przez jej wstawiennictwo b\u0119dziemy polecali naszych parafialnych muzyk\u00f3w: pana organist\u0119, kantork\u0119 i wszystkie osoby w\u0142\u0105czaj\u0105ce si\u0119 do upi\u0119kszania liturgii przez \u015bpiew.\u00a0 \u00a0 \u00a0 \u00a0 \u00a0 \u00a0 \u00a0 \u00a0 \u00a0 \u00a0 \u00a0 \u00a0 \u00a0 \u00a0 \u00a0 \u00a0 \u00a0 \u00a0 \u00a0 \u00a0 \u00a0 \u00a0 \u00a0 \u00a0 \u00a0 \u00a0 \u00a0 \u00a0 \u00a0 \u00a0 \u00a0 \u00a0 \u00a0 \u00a0 \u00a0 \u00a0 \u00a0 \u00a0 \u00a0 \u00a0 \u00a0 \u00a0 \u00a0 \u00a0 \u00a0 \u00a0 \u00a0 \u00a0 \u00a0 \u00a0 \u00a0 \u00a0 \u00a0 \u00a0 \u00a0 \u00a0 \u00a0 \u00a0 \u00a0 5. Z wolna zbli\u017camy si\u0119 do ko\u0144ca obecnego roku liturgicznego. Przysz\u0142a niedziela, 26 listopada, to uroczysto\u015b\u0107 Jezusa Chrystusa, Kr\u00f3la Wszech\u015bwiata, ostatnia niedziela przed kolejnym Adwentem.\u00a0 \u00a0 \u00a0 \u00a0 \u00a0 \u00a0 \u00a0 \u00a0 \u00a0 \u00a0 \u00a0 \u00a0 \u00a06. 8 \u2013 9 -10 (pi\u0105tek, sobota, niedziela) grudnia b\u0119dziemy prze\u017cywa\u0107 rekolekcje adwentowe w naszej parafii. W nast\u0119pn\u0105 niedziel\u0119 b\u0119dzie mo\u017cna zabra\u0107 program rekolekcji.\u00a0 \u00a0 \u00a0 \u00a0 \u00a0 \u00a0 \u00a0 \u00a0 \u00a0 \u00a0 \u00a0 \u00a0 \u00a0 \u00a0 \u00a0 \u00a0 \u00a0 \u00a0 \u00a0 \u00a0 \u00a0 \u00a0 \u00a0 \u00a0 \u00a0 \u00a0 \u00a0 \u00a0 \u00a0 \u00a0 \u00a0 \u00a0 \u00a0 \u00a0 \u00a0 \u00a0 \u00a0 \u00a0 \u00a0 \u00a0 \u00a0 \u00a0 \u00a0 \u00a0 \u00a0 \u00a0 \u00a0 \u00a0 \u00a0 \u00a0 \u00a0 \u00a0 7. Parafia Dziektarzewo prze\u017cywa w najbli\u017csz\u0105 sobot\u0119, 25 listopada, uroczysto\u015b\u0107 odpustow\u0105 \u015bw. Katarzyny Aleksandryjskiej. Suma odpustowa w Dziektarzewie o godz. 12.00.\u00a0 \u00a0 \u00a0 \u00a0 \u00a0 \u00a0 \u00a0 \u00a0 \u00a0 \u00a0 \u00a0 \u00a0 \u00a0 \u00a0 \u00a0 \u00a0 \u00a0 \u00a0 \u00a0 \u00a0 \u00a0 \u00a0 \u00a0 \u00a0 \u00a0 \u00a0 \u00a0 \u00a0 \u00a0 \u00a0 \u00a0 \u00a0 \u00a0 \u00a0 \u00a0 \u00a0 \u00a0 \u00a0 \u00a0 \u00a0 \u00a0 \u00a0 \u00a0 \u00a0 \u00a0 8. Podobnie jak w latach ubieg\u0142ych Caritas Polska rozprowadza \u015bwiece w cenie 10.00 z\u0142 (ma\u0142e) i 15,00 z\u0142 (du\u017ce). Ofiary ze sprzeda\u017cy \u015bwiec przeznaczone s\u0105 na pomoc dla os\u00f3b potrzebuj\u0105cych.\u00a0 \u00a0 \u00a0 \u00a0 \u00a0 \u00a0 \u00a0 \u00a0 \u00a0 \u00a0 \u00a0 \u00a0 \u00a0 \u00a0 \u00a0 \u00a0 \u00a0 \u00a0 \u00a0 \u00a0 \u00a0 \u00a0 \u00a0 \u00a0 \u00a0 \u00a09. W minionym tygodniu jedna rodzina z\u0142o\u017cy\u0142a ofiar\u0119, w wysoko\u015bci 400,00 z\u0142otych, na zakup \u0142awek. Sk\u0142adam serdeczne podzi\u0119kowanie ofiarodawcom.\u00a0 \u00a0 \u00a0 \u00a0 \u00a0 \u00a0 \u00a0 \u00a0 \u00a0 \u00a0 \u00a0 \u00a0 \u00a0 \u00a0 \u00a0 \u00a0 \u00a0 \u00a0 \u00a0 \u00a0 \u00a0 \u00a0 \u00a0 \u00a0 \u00a0 \u00a0 \u00a0 \u00a0 \u00a0 \u00a0 \u00a0 \u00a0 \u00a0 \u00a0 \u00a0 \u00a0 \u00a0 \u00a0 \u00a0 \u00a0 \u00a0 \u00a0 \u00a0 \u00a0 \u00a0 \u00a0 \u00a0 \u00a0 \u00a0 \u00a0 \u00a0 \u00a0 \u00a0 \u00a0 \u00a0 \u00a0 \u00a0 \u00a0 \u00a0 \u00a0 \u00a0 \u00a0 \u00a0 \u00a0 \u00a0 \u00a0 \u00a0 \u00a0 \u00a0 \u00a0 \u00a0 \u00a0 \u00a0 \u00a0 \u00a0 \u00a0 10. Pan Pawe\u0142 Marchel pom\u00f3g\u0142 w ustawieniu odpowiedniej g\u0142o\u015bno\u015bci mikrofon\u00f3w w naszym ko\u015bciele i usuni\u0119ciu pewnych usterek przy wzmacniaczu w zakrystii. Serdecznie dzi\u0119kuj\u0119 Panu Paw\u0142owi.\u00a0 \u00a0 \u00a0 \u00a0 \u00a0 \u00a0 \u00a0 \u00a0 \u00a0 \u00a0 \u00a0 \u00a0 \u00a0 \u00a0 \u00a0 \u00a0 \u00a0 \u00a011. Zach\u0119cam do nabycia prasy katolickiej.<\/p>\n<p><strong>W tym tygodniu patronuj\u0104 nam:<\/strong><\/p>\n<p>Poniedzia\u0142ek, 20 listopada \u2013 \u015bw. Rafa\u0142 Kalinowski (1835-1907), jeden z przyw\u00f3dc\u00f3w powstania styczniowego w 1863 roku, sybirak, karmelita i kap\u0142an galicyjski; mia\u0142 niezwyk\u0142y dar jednania grzesznik\u00f3w z Bogiem (wspomnienie obowi\u0105zkowe).<\/p>\n<p>\u015aroda, 22 listopada \u2013 \u015bw. Cecylia, dziewica i m\u0119czennica, patronka ch\u00f3rzyst\u00f3w, lutnik\u00f3w, muzyk\u00f3w, organist\u00f3w, zespo\u0142\u00f3w wokalno-muzycznych (wspomnienie obowi\u0105zkowe).<\/p>\n<p>Pi\u0105tek, 24 listopada \u2013 \u015bw. \u015bw. Andrzej Dung-Lac i Towarzysze, m\u0119czennicy wietnamscy, kt\u00f3rzy zgin\u0119li podczas prze\u015bladowa\u0144 chrze\u015bcijan w latach 1773-1862 (wspomnienie obowi\u0105zkowe).<\/p>\n<p>&nbsp;<\/p>\n","protected":false},"excerpt":{"rendered":"<p>OG\u0141OSZENIA DUSZPASTERSKIE\u00a0 \u00a0 \u00a0 \u00a0 \u00a0 \u00a0 \u00a0 \u00a0 \u00a0 \u00a0 \u00a0 \u00a0 \u00a0 \u00a0 \u00a0 \u00a0 \u00a0 \u00a0 \u00a0 \u00a0 \u00a0 \u00a0 \u00a0 \u00a0 \u00a0 \u00a0 \u00a0 \u00a0 \u00a0 \u00a0 \u00a0 \u00a0 \u00a0 \u00a0 \u00a0 \u00a0 \u00a0 \u00a0 \u00a0 \u00a0 \u00a0 \u00a0 \u00a0 \u00a0 \u00a0 \u00a0 \u00a0 \u00a0 \u00a0 \u00a0 \u00a0 \u00a0 \u00a0 \u00a0 &hellip; <\/p>\n<p><a class=\"more-link btn\" href=\"https:\/\/parafiasmardzewo.pl\/?p=9138\">Kontynuuj czytanie<\/a><\/p>\n","protected":false},"author":2,"featured_media":3590,"comment_status":"open","ping_status":"open","sticky":false,"template":"","format":"standard","meta":[],"categories":[2],"tags":[],"_links":{"self":[{"href":"https:\/\/parafiasmardzewo.pl\/index.php?rest_route=\/wp\/v2\/posts\/9138"}],"collection":[{"href":"https:\/\/parafiasmardzewo.pl\/index.php?rest_route=\/wp\/v2\/posts"}],"about":[{"href":"https:\/\/parafiasmardzewo.pl\/index.php?rest_route=\/wp\/v2\/types\/post"}],"author":[{"embeddable":true,"href":"https:\/\/parafiasmardzewo.pl\/index.php?rest_route=\/wp\/v2\/users\/2"}],"replies":[{"embeddable":true,"href":"https:\/\/parafiasmardzewo.pl\/index.php?rest_route=%2Fwp%2Fv2%2Fcomments&post=9138"}],"version-history":[{"count":3,"href":"https:\/\/parafiasmardzewo.pl\/index.php?rest_route=\/wp\/v2\/posts\/9138\/revisions"}],"predecessor-version":[{"id":9141,"href":"https:\/\/parafiasmardzewo.pl\/index.php?rest_route=\/wp\/v2\/posts\/9138\/revisions\/9141"}],"wp:featuredmedia":[{"embeddable":true,"href":"https:\/\/parafiasmardzewo.pl\/index.php?rest_route=\/wp\/v2\/media\/3590"}],"wp:attachment":[{"href":"https:\/\/parafiasmardzewo.pl\/index.php?rest_route=%2Fwp%2Fv2%2Fmedia&parent=9138"}],"wp:term":[{"taxonomy":"category","embeddable":true,"href":"https:\/\/parafiasmardzewo.pl\/index.php?rest_route=%2Fwp%2Fv2%2Fcategories&post=9138"},{"taxonomy":"post_tag","embeddable":true,"href":"https:\/\/parafiasmardzewo.pl\/index.php?rest_route=%2Fwp%2Fv2%2Ftags&post=9138"}],"curies":[{"name":"wp","href":"https:\/\/api.w.org\/{rel}","templated":true}]}}