{"id":9149,"date":"2023-11-25T20:54:55","date_gmt":"2023-11-25T19:54:55","guid":{"rendered":"https:\/\/parafiasmardzewo.pl\/?p=9149"},"modified":"2023-11-25T20:55:15","modified_gmt":"2023-11-25T19:55:15","slug":"jezusa-chrystusa-krola-wszechswiata-26-listopada-2023-roku","status":"publish","type":"post","link":"https:\/\/parafiasmardzewo.pl\/?p=9149","title":{"rendered":"JEZUSA CHRYSTUSA, KR\u00d3LA WSZECH\u015aWIATA &#8211; 26 listopada 2023 roku"},"content":{"rendered":"<p><strong>OG\u0141OSZENIA DUSZPASTERSKIE<\/strong><\/p>\n<p>&nbsp;<\/p>\n<ol>\n<li>Dzisiejsza uroczysto\u015b\u0107 Jezusa Chrystusa, Kr\u00f3la Wszech\u015bwiata, to ostatni mocny akord roku liturgicznego przed adwentowym wyciszeniem. Do kalendarza liturgicznego zosta\u0142a wprowadzona przez papie\u017ca Piusa XI w 1925 roku, na zako\u0144czenie przypadaj\u0105cego w\u00f3wczas Roku Jubileuszowego. W odnowionej liturgii Ko\u015bci\u00f3\u0142 uroczysto\u015b\u0107 t\u0119 obchodzi w ostatni\u0105 niedziel\u0119 roku ko\u015bcielnego dla podkre\u015blenia, \u017ce wszystko ma sw\u00f3j pocz\u0105tek i b\u0119dzie mia\u0142o swoje ukoronowanie w Chrystusie.<\/li>\n<li>Dzi\u015b, w niedziel\u0119 Jezusa Chrystusa, Kr\u00f3la Wszech\u015bwiata, po Mszach \u015awi\u0119tych wystawiamy Naj\u015bwi\u0119tszy Sakrament i odmawiamy Litani\u0119 do Naj\u015bwi\u0119tszego Serca Pana Jezusa oraz Akt po\u015bwi\u0119cenia rodzaju ludzkiego Sercu Pana Jezusa. Za udzia\u0142 w tym nabo\u017ce\u0144stwie mo\u017cemy uzyska\u0107 odpust zupe\u0142ny pod zwyk\u0142ymi warunkami.<\/li>\n<li>Dzisiejsza uroczysto\u015b\u0107 jest te\u017c \u015bwi\u0119tem patronalnym Akcji Katolickiej.<\/li>\n<li>Po Mszy \u015awi\u0119tej o godz. 9.00 zapraszam na spotkanie dzieci kl. III i IV.<\/li>\n<li>W najbli\u017cszy wtorek, 28 listopada, parafia nasza prze\u017cywa\u0107 b\u0119dzie Dzie\u0144 Eucharystyczny. Od godziny 15.00 \u2013 16.00 b\u0119dzie wystawienie Naj\u015bwi\u0119tszego Sakramentu i adoracja. O godz. 16.00 zostanie odprawiona\u00a0 Msza \u015awi\u0119ta. Ka\u017cda parafia w naszej diecezji ma wyznaczony taki\u00a0 Dzie\u0144 Eucharystyczny.\u00a0 Zapraszam parafian na adoracj\u0119 i Msz\u0119 \u015awi\u0119t\u0105 w tym dniu.<\/li>\n<li>W czwartek, 30 listopada, w kalendarzu liturgicznym przypada \u015bwi\u0119to \u015awi\u0119tego Andrzeja Aposto\u0142a. By\u0142 pierwszym uczniem powo\u0142anym przez Pana Jezusa, rodzonym bratem \u015awi\u0119tego Piotra. Tradycja g\u0142osi, \u017ce po Zes\u0142aniu Ducha \u015awi\u0119tego uda\u0142 si\u0119 do Grecji, gdzie odda\u0142 \u017cycie za wiar\u0119 ukrzy\u017cowany g\u0142ow\u0105 do do\u0142u. Pami\u0105tk\u0105 tego s\u0105 tak zwane krzy\u017ce \u015awi\u0119tego Andrzeja w kszta\u0142cie litery \u201eX\u201d. Niech zgie\u0142k andrzejkowych zabaw, jakie si\u0119 w\u00a0tym czasie organizuje, nie zag\u0142uszy naszej modlitwy przez wstawiennictwo tego szczeg\u00f3lnego patrona r\u00f3wnie\u017c w sprawach matrymonialnych i or\u0119downika w wypraszaniu potomstwa.<\/li>\n<li>W tym tygodniu przypada pierwszy pi\u0105tek i pierwsza sobota miesi\u0105ca. W pi\u0105tek b\u0119dziemy przeprasza\u0107 Bo\u017ce Serce za wszelki brak mi\u0142o\u015bci, za lekcewa\u017cenie daru Bo\u017cego mi\u0142osierdzia podczas adoracji Naj\u015bwi\u0119tszego Sakramentu i Mszy \u015awi\u0119tej o godz. 16.00. Okazja do pierwszopi\u0105tkowej spowiedzi w naszym ko\u015bciele od godz. 15.30. <strong>Kandydatom do bierzmowania przypominam o odprawieniu 9-ciu\u00a0 pierwszych pi\u0105tk\u00f3w miesi\u0105ca.<\/strong>\u00a0 A w sobot\u0119 powierzymy nasz\u0105 wsp\u00f3lnot\u0119 parafian tych \u017cyj\u0105cych, ale r\u00f3wnie\u017c tych, kt\u00f3rzy odeszli ju\u017c do Domu Pana, Tej, kt\u00f3ra jest nasz\u0105 Kr\u00f3low\u0105, Matk\u0105 lito\u015bci, Po\u015bredniczk\u0105. Uczynimy to zw\u0142aszcza podczas modlitwy r\u00f3\u017ca\u0144cowej po Mszy \u015awi\u0119tej o godz. 16.00.<\/li>\n<li>Czas przygotowa\u0107 si\u0119 do Adwentu \u2013 okresu radosnego i pobo\u017cnego oczekiwania na przyj\u015bcie Pana Jezusa. W przysz\u0142\u0105 niedziel\u0119, 3 grudnia, wejd\u017amy w ten pi\u0119kny, cho\u0107 kr\u00f3tki czas wyciszeni i odpowiednio duchowo przygotowani.<\/li>\n<li>8 \u2013 9 -10 (pi\u0105tek, sobota, niedziela) grudnia b\u0119dziemy prze\u017cywa\u0107 rekolekcje adwentowe w naszej parafii. W zakrystii jest program rekolekcji dla ka\u017cdej rodziny naszej parafii. Podobnie jak w latach ubieg\u0142ych przy rozprowadzaniu program\u00f3w zbieramy dobrowolne ofiary na op\u0142at\u0119 za podgrzewanie ko\u015bcio\u0142a. Bardzo prosz\u0119, aby przedstawiciele poszczeg\u00f3lnych wiosek zabrali i dostarczyli programy do rodzin.<\/li>\n<li>Ofiar\u0119 na zakup \u0142awek z\u0142o\u017cy\u0142y cztery rodziny, trzy w wysoko\u015bci 200,00 z\u0142otych oraz jedna rodzina 300,00 z\u0142otych. Bardzo dzi\u0119kuj\u0119 za ofiary.\u00a0 Panu Mariuszowi Figaci\u0144skiemu dzi\u0119kuj\u0119 za prac\u0119 przy uszczelnianiu okien na plebanii.<\/li>\n<li>Podobnie jak w latach ubieg\u0142ych Caritas Polska rozprowadza \u015bwiece w cenie 10.00 z\u0142 (ma\u0142e) i 15,00 z\u0142 (du\u017ce). Ofiary ze sprzeda\u017cy \u015bwiec przeznaczone s\u0105 na pomoc dla os\u00f3b potrzebuj\u0105cych.<\/li>\n<li>Zach\u0119cam do nabycia prasy katolickiej.<\/li>\n<\/ol>\n<p>&nbsp;<\/p>\n","protected":false},"excerpt":{"rendered":"<p>OG\u0141OSZENIA DUSZPASTERSKIE &nbsp; Dzisiejsza uroczysto\u015b\u0107 Jezusa Chrystusa, Kr\u00f3la Wszech\u015bwiata, to ostatni mocny akord roku liturgicznego przed adwentowym wyciszeniem. Do kalendarza liturgicznego zosta\u0142a wprowadzona przez papie\u017ca Piusa XI w 1925 roku, na zako\u0144czenie przypadaj\u0105cego w\u00f3wczas Roku Jubileuszowego. W odnowionej liturgii Ko\u015bci\u00f3\u0142 uroczysto\u015b\u0107 t\u0119 obchodzi w ostatni\u0105 niedziel\u0119 roku ko\u015bcielnego dla podkre\u015blenia, \u017ce wszystko ma sw\u00f3j pocz\u0105tek &hellip; <\/p>\n<p><a class=\"more-link btn\" href=\"https:\/\/parafiasmardzewo.pl\/?p=9149\">Kontynuuj czytanie<\/a><\/p>\n","protected":false},"author":2,"featured_media":5378,"comment_status":"open","ping_status":"open","sticky":false,"template":"","format":"standard","meta":[],"categories":[2],"tags":[],"_links":{"self":[{"href":"https:\/\/parafiasmardzewo.pl\/index.php?rest_route=\/wp\/v2\/posts\/9149"}],"collection":[{"href":"https:\/\/parafiasmardzewo.pl\/index.php?rest_route=\/wp\/v2\/posts"}],"about":[{"href":"https:\/\/parafiasmardzewo.pl\/index.php?rest_route=\/wp\/v2\/types\/post"}],"author":[{"embeddable":true,"href":"https:\/\/parafiasmardzewo.pl\/index.php?rest_route=\/wp\/v2\/users\/2"}],"replies":[{"embeddable":true,"href":"https:\/\/parafiasmardzewo.pl\/index.php?rest_route=%2Fwp%2Fv2%2Fcomments&post=9149"}],"version-history":[{"count":1,"href":"https:\/\/parafiasmardzewo.pl\/index.php?rest_route=\/wp\/v2\/posts\/9149\/revisions"}],"predecessor-version":[{"id":9150,"href":"https:\/\/parafiasmardzewo.pl\/index.php?rest_route=\/wp\/v2\/posts\/9149\/revisions\/9150"}],"wp:featuredmedia":[{"embeddable":true,"href":"https:\/\/parafiasmardzewo.pl\/index.php?rest_route=\/wp\/v2\/media\/5378"}],"wp:attachment":[{"href":"https:\/\/parafiasmardzewo.pl\/index.php?rest_route=%2Fwp%2Fv2%2Fmedia&parent=9149"}],"wp:term":[{"taxonomy":"category","embeddable":true,"href":"https:\/\/parafiasmardzewo.pl\/index.php?rest_route=%2Fwp%2Fv2%2Fcategories&post=9149"},{"taxonomy":"post_tag","embeddable":true,"href":"https:\/\/parafiasmardzewo.pl\/index.php?rest_route=%2Fwp%2Fv2%2Ftags&post=9149"}],"curies":[{"name":"wp","href":"https:\/\/api.w.org\/{rel}","templated":true}]}}