{"id":9155,"date":"2023-12-02T22:25:09","date_gmt":"2023-12-02T21:25:09","guid":{"rendered":"https:\/\/parafiasmardzewo.pl\/?p=9155"},"modified":"2023-12-02T22:25:09","modified_gmt":"2023-12-02T21:25:09","slug":"list-pasterski-biskupa-plockiego-na-adwent-2023","status":"publish","type":"post","link":"https:\/\/parafiasmardzewo.pl\/?p=9155","title":{"rendered":"LIST PASTERSKI BISKUPA P\u0141OCKIEGO NA ADWENT 2023"},"content":{"rendered":"<p>Drogie Siostry, Drodzy Bracia w Chrystusie!<\/p>\n<p>Na pocz\u0105tku listopada min\u0105\u0142 rok, od kiedy rozpocz\u0105\u0142em moj\u0105 pos\u0142ug\u0119 biskupa diecezjalnego po\u015br\u00f3d Was. Nawi\u0105zuj\u0105c do obrazu, kt\u00f3rym si\u0119 w\u00f3wczas pos\u0142u\u017cy\u0142em, od roku jedziemy razem tym \u201epoci\u0105giem\u201d, kt\u00f3rym jest Diecezja P\u0142ocka, i kt\u00f3ry jest ju\u017c w drodze od prawie 950 lat. Dzi\u0119kuj\u0119, \u017ce przyj\u0119li\u015bcie mnie do swego \u201ewagonu\u201d bardzo \u017cyczliwie, okazuj\u0105c wiele serdeczno\u015bci i pomocy w odnajdywaniu si\u0119 w nowej rzeczywisto\u015bci. Kiedy pytaj\u0105 mnie ludzie, jak czuj\u0119 si\u0119 w naszej Diecezji po roku, odpowiadam, \u017ce dobrze, ale ci\u0105gle si\u0119 ucz\u0119. Dzi\u0119kuj\u0119 za wszystkie spotkania z kap\u0142anami, osobami \u017cycia konsekrowanego i z wiernymi \u015bwieckimi, kt\u00f3rych by\u0142o niema\u0142o przez miniony rok. W tym czasie odwiedzi\u0142em podczas wizytacji biskupiej 23 parafie oraz wiele wsp\u00f3lnot podczas udzielania sakramentu bierzmowania czy \u015bwi\u0119towania r\u00f3\u017cnych uroczysto\u015bci parafialnych czy spo\u0142ecznych. Ogromnie sobie ceni\u0119 wszystkie te spotkania. Mam nadziej\u0119, \u017ce przez nie umocni\u0142a si\u0119 Wasza wiara w Pana Boga. Jestem podczas tych spotka\u0144 bardzo interesowny \u2013 czasem nawet m\u00f3wi\u0119 o tym wprost \u2013 licz\u0105c, \u017ce one wzmocni\u0105 tak\u017ce moj\u0105 wiar\u0119. I tak si\u0119 dzieje! Bardzo Wam za to dzi\u0119kuj\u0119, \u017ce moja wiara wzrasta, gdy spotykam ludzi kochaj\u0105cych Boga. Nadal bardzo Was o to \u015bwiadectwo prosz\u0119. Jako Wasz biskup potrzebuj\u0119 widzie\u0107 Wasz\u0105 mi\u0142o\u015b\u0107 do Boga i do ludzi. To pi\u0119kna wymiana duchowych dar\u00f3w, w kt\u00f3rej uczestniczymy.<\/p>\n<p><strong>Nowy rok duszpasterski<\/strong><\/p>\n<p>Dzi\u015b rozpoczynamy Adwent, a z nim nowy rok liturgiczny i duszpasterski. Chcemy dobrze przygotowa\u0107 si\u0119 na przyj\u015bcie Jezusa w liturgii Bo\u017cego Narodzenia, ale tak\u017ce w godzinie naszej \u015bmierci i na ko\u0144cu czas\u00f3w. Wchodzimy te\u017c w nowy rok pracy duszpasterskiej, kt\u00f3ry chcemy prze\u017cywa\u0107 w my\u015bl has\u0142a: \u201eUczestnicz\u0119 we wsp\u00f3lnocie Ko\u015bcio\u0142a\u201d. Bardzo Was prosz\u0119 o wysi\u0142ek odkrywania tej duchowej prawdy, \u017ce razem, na mocy zjednoczenia z Chrystusem w chrzcie \u015bwi\u0119tym, tworzymy Ko\u015bci\u00f3\u0142 i jeste\u015bmy r\u00f3wni w godno\u015bci i dzia\u0142aniu na rzecz budowania Kr\u00f3lestwa Bo\u017cego. Zapraszam Was do zaanga\u017cowania si\u0119 w \u017cycie parafialne, do w\u0142\u0105czenia si\u0119 w istniej\u0105ce grupy duszpasterskie i podj\u0119cia r\u00f3\u017cnych funkcji, kt\u00f3re mo\u017cecie pe\u0142ni\u0107 we wsp\u00f3lnocie parafialnej. Ciesz\u0119, \u017ce na pocz\u0105tku nowego roku duszpasterskiego otworz\u0119 i po\u015bwi\u0119c\u0119 drug\u0105, po Ciechanowie, kaplic\u0119 wieczystej adoracji Naj\u015bwi\u0119tszego Sakramentu. Od dnia 8 grudnia br. w M\u0142awie, w parafii pw. \u015bw. Stanis\u0142awa Biskupa i M\u0119czennika, dzie\u0144 i noc b\u0119dzie trwa\u0142a modlitwa przed Jezusem Eucharystycznym.<\/p>\n<p><strong>Formacja wiernych<\/strong><\/p>\n<p>Zale\u017cy mi bardzo, by\u015bmy rozpocz\u0119li w nowym roku formacj\u0119 katechist\u00f3w, kt\u00f3rzy w parafiach b\u0119d\u0105 mogli prowadzi\u0107 katechezy dla doros\u0142ych, np. rodzic\u00f3w dzieci, kt\u00f3re przyjm\u0105 chrzest czy rodzic\u00f3w dzieci przyst\u0119puj\u0105cych do Pierwszej Komunii \u015awi\u0119tej, a tak\u017ce rodzic\u00f3w m\u0142odzie\u017cy czekaj\u0105cej na bierzmowanie. Ufam, \u017ce katechi\u015bci, jako osoby \u015bwieckie, b\u0119d\u0105 m\u00f3wi\u0107 w\u0142asnym j\u0119zykiem i z g\u0142\u0119bi w\u0142asnego do\u015bwiadczenia Boga. Ciesz\u0119 si\u0119, \u017ce 2 grudnia br. rozpocz\u0119\u0142a si\u0119 formacja m\u0142odych ludzi, kt\u00f3rzy b\u0119d\u0105 mogli, jako animatorzy m\u0142odzie\u017cy, pomaga\u0107 duszpasterzom w przygotowaniu swoich m\u0142odszych kole\u017canek i koleg\u00f3w do bierzmowania. Zale\u017cy mi te\u017c, by\u015bmy powi\u0119kszali grono nadzwyczajnych szafarzy Komunii \u015bwi\u0119tej, a w przysz\u0142o\u015bci mogli cieszy\u0107 si\u0119 tak\u017ce sta\u0142ymi diakonami.<\/p>\n<p><strong>Wczesna I Komunia \u015bwi\u0119ta<\/strong><\/p>\n<p>Chcia\u0142bym, aby w kilku miejscach naszej Diecezji dzieci z rodzin, w kt\u00f3rych \u017cyje si\u0119 g\u0142\u0119boko wiar\u0105, mog\u0142y przyst\u0105pi\u0107 do wczesnej Pierwszej Komunii \u015awi\u0119tej. Nasi Ksi\u0119\u017ca spotkali si\u0119 w listopadzie z proboszczem i katechistk\u0105, kt\u00f3rzy od lat przygotowuj\u0105 rodzic\u00f3w i ich ma\u0142e dzieci do pierwszego przyj\u0119cia Jezusa w Komunii \u015awi\u0119tej przed trzeci\u0105 klas\u0105 szko\u0142y podstawowej. Je\u015bli, jako rodzice ma\u0142ych dzieci, uwa\u017cacie, \u017ce to dobra propozycja dla Waszej rodziny, to prosz\u0119 o kontakt z Wydzia\u0142em Duszpasterskim Kurii P\u0142ockiej, w kt\u00f3rym b\u0119dzie mo\u017cna dowiedzie\u0107 si\u0119, kt\u00f3ra parafia w okolicy daje mo\u017cliwo\u015b\u0107 takiej katechezy.<\/p>\n<p><strong>Jubileusz 2025<\/strong><\/p>\n<p>Przed nami rok 2025, kt\u00f3ry b\u0119dzie rokiem jubileuszowym w Ko\u015bciele Powszechnym, a tak\u017ce jubileuszem 950-lecia biskupstwa w P\u0142ocku. My\u015bl\u0105 przewodni\u0105 jubileuszu w ca\u0142ym \u015bwiecie s\u0105 s\u0142owa \u201ePielgrzymi nadziei\u201d. My, w naszej Diecezji, \u0142\u0105cz\u0105c te dwa wydarzenia, chcemy rozbudowa\u0107 te s\u0142owa, kt\u00f3re zabrzmi\u0105: \u201ePielgrzymi nadziei \u2013 w drodze do \u017ar\u00f3d\u0142a\u201d. Jest to jakby spojrzenie wstecz, ale tylko po to, by odkry\u0107 to, co si\u0119 wydarzy\u0142o u pocz\u0105tk\u00f3w i przez wieki, by podzi\u0119kowa\u0107 Bogu za dar wiary i za ludzi, kt\u00f3rzy przekazywali j\u0105 z pokolenia na pokolenie. \u0179r\u00f3d\u0142em, do kt\u00f3rego pielgrzymujemy jest Jezus Chrystus, nasze Zbawienie<em>.<\/em>\u00a0My\u015blimy tak\u017ce o 100-leciu objawie\u0144 Jezusa Mi\u0142osiernego \u015bw. siostrze Faustynie w 2031 roku. Jak wiemy, siostry buduj\u0105 w P\u0142ocku Sanktuarium Mi\u0142osierdzia Bo\u017cego. Bardzo Was prosz\u0119, by\u015bmy wsparli to dzie\u0142o ofiar\u0105 zebran\u0105 na tac\u0119 we wszystkich ko\u015bcio\u0142ach naszej Diecezji, w niedziel\u0119 28 stycznia 2024 roku.<\/p>\n<p><strong>Pro\u015bba o modlitw\u0119<\/strong><\/p>\n<p>Bardzo prosz\u0119 Was, Siostry i Bracia, o dalsz\u0105 modlitw\u0119 o ustanie wojen, zw\u0142aszcza w Ukrainie i Ziemi \u015awi\u0119tej. Nie zniech\u0119cajmy si\u0119 tym, \u017ce nasza modlitwa jest, patrz\u0105c po ludzku, jakby nieskuteczna. Pro\u015bmy Boga o nawr\u00f3cenie i przemian\u0119 serc i umys\u0142\u00f3w ow\u0142adni\u0119tych nienawi\u015bci\u0105 i przemoc\u0105. Prosz\u0119, pami\u0119tajcie tak\u017ce o mnie w Waszych modlitwach<\/p>\n<p>\u017bycz\u0119, by\u015bmy owocnie prze\u017cyli Adwent i pi\u0119knie \u015bwi\u0119towali Narodzenie Pa\u0144skie! Na te dni wypraszam Wam Bo\u017ce b\u0142ogos\u0142awie\u0144stwo:\u00a0<em>w imi\u0119 Ojca i Syna, i Ducha \u015awi\u0119tego!<\/em><\/p>\n<p>\u2020<em>\u00a0Szymon Stu\u0142kowski<br \/>\nBiskup P\u0142ocki\u00a0<\/em><\/p>\n<p>&nbsp;<\/p>\n<p>&nbsp;<\/p>\n<p>&nbsp;<\/p>\n","protected":false},"excerpt":{"rendered":"<p>Drogie Siostry, Drodzy Bracia w Chrystusie! Na pocz\u0105tku listopada min\u0105\u0142 rok, od kiedy rozpocz\u0105\u0142em moj\u0105 pos\u0142ug\u0119 biskupa diecezjalnego po\u015br\u00f3d Was. Nawi\u0105zuj\u0105c do obrazu, kt\u00f3rym si\u0119 w\u00f3wczas pos\u0142u\u017cy\u0142em, od roku jedziemy razem tym \u201epoci\u0105giem\u201d, kt\u00f3rym jest Diecezja P\u0142ocka, i kt\u00f3ry jest ju\u017c w drodze od prawie 950 lat. Dzi\u0119kuj\u0119, \u017ce przyj\u0119li\u015bcie mnie do swego \u201ewagonu\u201d bardzo &hellip; <\/p>\n<p><a class=\"more-link btn\" href=\"https:\/\/parafiasmardzewo.pl\/?p=9155\">Kontynuuj czytanie<\/a><\/p>\n","protected":false},"author":2,"featured_media":8408,"comment_status":"open","ping_status":"open","sticky":false,"template":"","format":"standard","meta":[],"categories":[6],"tags":[],"_links":{"self":[{"href":"https:\/\/parafiasmardzewo.pl\/index.php?rest_route=\/wp\/v2\/posts\/9155"}],"collection":[{"href":"https:\/\/parafiasmardzewo.pl\/index.php?rest_route=\/wp\/v2\/posts"}],"about":[{"href":"https:\/\/parafiasmardzewo.pl\/index.php?rest_route=\/wp\/v2\/types\/post"}],"author":[{"embeddable":true,"href":"https:\/\/parafiasmardzewo.pl\/index.php?rest_route=\/wp\/v2\/users\/2"}],"replies":[{"embeddable":true,"href":"https:\/\/parafiasmardzewo.pl\/index.php?rest_route=%2Fwp%2Fv2%2Fcomments&post=9155"}],"version-history":[{"count":1,"href":"https:\/\/parafiasmardzewo.pl\/index.php?rest_route=\/wp\/v2\/posts\/9155\/revisions"}],"predecessor-version":[{"id":9156,"href":"https:\/\/parafiasmardzewo.pl\/index.php?rest_route=\/wp\/v2\/posts\/9155\/revisions\/9156"}],"wp:featuredmedia":[{"embeddable":true,"href":"https:\/\/parafiasmardzewo.pl\/index.php?rest_route=\/wp\/v2\/media\/8408"}],"wp:attachment":[{"href":"https:\/\/parafiasmardzewo.pl\/index.php?rest_route=%2Fwp%2Fv2%2Fmedia&parent=9155"}],"wp:term":[{"taxonomy":"category","embeddable":true,"href":"https:\/\/parafiasmardzewo.pl\/index.php?rest_route=%2Fwp%2Fv2%2Fcategories&post=9155"},{"taxonomy":"post_tag","embeddable":true,"href":"https:\/\/parafiasmardzewo.pl\/index.php?rest_route=%2Fwp%2Fv2%2Ftags&post=9155"}],"curies":[{"name":"wp","href":"https:\/\/api.w.org\/{rel}","templated":true}]}}