{"id":9162,"date":"2023-12-09T22:08:55","date_gmt":"2023-12-09T21:08:55","guid":{"rendered":"https:\/\/parafiasmardzewo.pl\/?p=9162"},"modified":"2023-12-09T22:11:08","modified_gmt":"2023-12-09T21:11:08","slug":"ii-niedziela-adwentu-10-grudnia-2023-roku","status":"publish","type":"post","link":"https:\/\/parafiasmardzewo.pl\/?p=9162","title":{"rendered":"II NIEDZIELA ADWENTU &#8211; 10 grudnia 2023 roku"},"content":{"rendered":"<p><strong>OG\u0141OSZENIA DUSZPASTERSKIE<\/strong><\/p>\n<ol>\n<li>W drug\u0105 adwentow\u0105 niedziel\u0119 rozbrzmiewa wo\u0142anie \u015awi\u0119tego Jana Chrzciciela: <strong>\u201ePrzygotujcie drog\u0119 Panu, prostujcie \u015bcie\u017cki dla Niego\u2026\u201d. Jest<\/strong> to wezwanie do ci\u0105g\u0142ej pracy nad sob\u0105 i do nawr\u00f3cenia. Pan chce nas wszystkich obdarza\u0107 swoim mi\u0142osierdziem i czeka na nas w \u0142asce sakramentu pokuty i pojednania ka\u017cdego dnia.<\/li>\n<li>Dzisiaj ko\u0144czymy rekolekcje adwentowe, kt\u00f3re maj\u0105 nam pom\u00f3c przygotowa\u0107 si\u0119 do dobrego prze\u017cycia \u015bwi\u0105t Bo\u017cego Narodzenia. Wiele os\u00f3b skorzysta\u0142o z Bo\u017cego Mi\u0142osierdzia w sakramencie pokuty. Tych, kt\u00f3rzy jeszcze tego nie uczynili zach\u0119cam do oczyszczenia serca w spowiedzi \u015bwi\u0119tej. Dzi\u0119kuje bardzo serdecznie ks. kan.\u00a0 Markowi Zacieskiemu za przewodniczenie tym \u0107wiczeniom duchowym i przygotowaniu naszej wsp\u00f3lnoty parafialnej do radosnego prze\u017cywania Adwentu i \u015bwi\u0105t Bo\u017cego i Narodzenia. Dzi\u0119kuj\u0119 spowiednikom, s\u0142u\u017cbie liturgicznej, pracownikom ko\u015bcielnym i wszystkim osobom, kt\u00f3re\u00a0 \u00a0 w\u0142\u0105czy\u0142y si\u0119 w przygotowanie i przebieg rekolekcji.<\/li>\n<li>Dzisiejsza niedziela jest dniem modlitwy i pomocy materialnej Ko\u015bcio\u0142owi na Wschodzie. Po ka\u017cdej Mszy mo\u017cna wesprze\u0107 to dzie\u0142o materialnie, wrzucaj\u0105c ofiary do puszek.<\/li>\n<li>W\u0142\u0105czmy si\u0119 r\u00f3wnie\u017c w adwentowe akcje pomocowe CARITASU: trwa sprzeda\u017c \u015bwiec \u201eWigilijnego Dzie\u0142o Pomocy Dzieciom\u201d.<\/li>\n<li>Ten tydzie\u0144 obfituje w rocznice dramatycznych wydarze\u0144 w naszej ojczy\u017anie: we wtorek przypada 42. rocznica wprowadzenia stanu wojennego, a w ko\u0144cu tygodnia \u2013 53. rocznica masakry na Wybrze\u017cu. Niech nie zabraknie modlitwy w intencji naszej umi\u0142owanej ojczyzny oraz w intencji pokoju na \u015bwiecie.<\/li>\n<li>W minionym tygodniu odby\u0142 si\u0119 pogrzeb \u015bw. p. Marii Lewandowskiej, kt\u00f3ra prze\u017cy\u0142a 71 lat. Od uczestnik\u00f3w pogrzebu b\u0119dzie odprawionych 21 Mszy \u015awi\u0119tych.<\/li>\n<li>Jedna rodzina spoza parafii z\u0142o\u017cy\u0142a ofiar\u0119 w wysoko\u015bci 300,00 z\u0142 na zakup \u0142awek do naszej \u015bwi\u0105tyni. Na podgrzewanie ko\u015bcio\u0142a z\u0142o\u017cono ofiary: Koliszewo Po\u0142udnie \u2013 270,00 z\u0142, S\u0142oszewo Kolonia \u2013 420,00 z\u0142, Wierzb\u00f3wiec \u2013 550, 00 z\u0142, Milewo cz. II od P. Olczak \u2013 490,00 z\u0142, S\u0142oszewo \u2013 200,00 z\u0142 od dw\u00f3ch rodzin, Smardzewo k\/ko\u015bcio\u0142a \u2013 400,00 z\u0142 od jednej rodziny. Serdeczne B\u00f3g zap\u0142a\u0107 za ofiary.<\/li>\n<li>Zapewniamy jubilat\u00f3w i solenizant\u00f3w rozpocz\u0119tego tygodnia o naszej \u017cyczliwo\u015bci i\u00a0modlitwie.<\/li>\n<\/ol>\n<p><strong>W TYM TYGODNIU PATRONUJ\u0104 NAM:<\/strong><\/p>\n<p>W \u015brod\u0119, 13 grudnia \u2013 \u015bw. \u0141ucja, dziewica i m\u0119czennica z czas\u00f3w najkrwawszych prze\u015bladowa\u0144 za panowania cesarza Dioklecjana, ze wzgl\u0119du na pi\u0119kne i du\u017ce oczy, kt\u00f3rymi \u015bci\u0105ga\u0142a powszechn\u0105 uwag\u0119 i kt\u00f3re kaza\u0142a sobie wy\u0142upi\u0107, przyzywana jest przy chorobach oczu.\u00a0 \u00a0 \u00a0 \u00a0 \u00a0 \u00a0 \u00a0 \u00a0 \u00a0 \u00a0 \u00a0 \u00a0 \u00a0 \u00a0 \u00a0 \u00a0 \u00a0 \u00a0 \u00a0 \u00a0 \u00a0 \u00a0 \u00a0 \u00a0 \u00a0 \u00a0 \u00a0 \u00a0 \u00a0 \u00a0 \u00a0 \u00a0 \u00a0 \u00a0 \u00a0 \u00a0 \u00a0 \u00a0 \u00a0 \u00a0 \u00a0 \u00a0 \u00a0 \u00a0 \u00a0 \u00a0W czwartek, 14 grudnia \u2013 \u015bw. Jan od Krzy\u017ca, wielki hiszpa\u0144ski mistyk, reformator zakonu karmelita\u0144skiego i autor wielu dzie\u0142 z duchowo\u015bci.<\/p>\n<p>&nbsp;<\/p>\n","protected":false},"excerpt":{"rendered":"<p>OG\u0141OSZENIA DUSZPASTERSKIE W drug\u0105 adwentow\u0105 niedziel\u0119 rozbrzmiewa wo\u0142anie \u015awi\u0119tego Jana Chrzciciela: \u201ePrzygotujcie drog\u0119 Panu, prostujcie \u015bcie\u017cki dla Niego\u2026\u201d. Jest to wezwanie do ci\u0105g\u0142ej pracy nad sob\u0105 i do nawr\u00f3cenia. Pan chce nas wszystkich obdarza\u0107 swoim mi\u0142osierdziem i czeka na nas w \u0142asce sakramentu pokuty i pojednania ka\u017cdego dnia. Dzisiaj ko\u0144czymy rekolekcje adwentowe, kt\u00f3re maj\u0105 nam &hellip; <\/p>\n<p><a class=\"more-link btn\" href=\"https:\/\/parafiasmardzewo.pl\/?p=9162\">Kontynuuj czytanie<\/a><\/p>\n","protected":false},"author":2,"featured_media":2833,"comment_status":"open","ping_status":"open","sticky":false,"template":"","format":"standard","meta":[],"categories":[2],"tags":[],"_links":{"self":[{"href":"https:\/\/parafiasmardzewo.pl\/index.php?rest_route=\/wp\/v2\/posts\/9162"}],"collection":[{"href":"https:\/\/parafiasmardzewo.pl\/index.php?rest_route=\/wp\/v2\/posts"}],"about":[{"href":"https:\/\/parafiasmardzewo.pl\/index.php?rest_route=\/wp\/v2\/types\/post"}],"author":[{"embeddable":true,"href":"https:\/\/parafiasmardzewo.pl\/index.php?rest_route=\/wp\/v2\/users\/2"}],"replies":[{"embeddable":true,"href":"https:\/\/parafiasmardzewo.pl\/index.php?rest_route=%2Fwp%2Fv2%2Fcomments&post=9162"}],"version-history":[{"count":3,"href":"https:\/\/parafiasmardzewo.pl\/index.php?rest_route=\/wp\/v2\/posts\/9162\/revisions"}],"predecessor-version":[{"id":9165,"href":"https:\/\/parafiasmardzewo.pl\/index.php?rest_route=\/wp\/v2\/posts\/9162\/revisions\/9165"}],"wp:featuredmedia":[{"embeddable":true,"href":"https:\/\/parafiasmardzewo.pl\/index.php?rest_route=\/wp\/v2\/media\/2833"}],"wp:attachment":[{"href":"https:\/\/parafiasmardzewo.pl\/index.php?rest_route=%2Fwp%2Fv2%2Fmedia&parent=9162"}],"wp:term":[{"taxonomy":"category","embeddable":true,"href":"https:\/\/parafiasmardzewo.pl\/index.php?rest_route=%2Fwp%2Fv2%2Fcategories&post=9162"},{"taxonomy":"post_tag","embeddable":true,"href":"https:\/\/parafiasmardzewo.pl\/index.php?rest_route=%2Fwp%2Fv2%2Ftags&post=9162"}],"curies":[{"name":"wp","href":"https:\/\/api.w.org\/{rel}","templated":true}]}}