{"id":9168,"date":"2023-12-16T20:43:25","date_gmt":"2023-12-16T19:43:25","guid":{"rendered":"https:\/\/parafiasmardzewo.pl\/?p=9168"},"modified":"2023-12-16T20:49:18","modified_gmt":"2023-12-16T19:49:18","slug":"iii-niedziela-adwentu-czyli-gaudete-17-grudnia-2023-roku","status":"publish","type":"post","link":"https:\/\/parafiasmardzewo.pl\/?p=9168","title":{"rendered":"III NIEDZIELA ADWENTU, CZYLI GAUDETE &#8211; 17 grudnia 2023 roku"},"content":{"rendered":"<p><strong>OG\u0141OSZENIA DUSZPASTERSKIE<\/strong><\/p>\n<p>1<strong>. <\/strong><strong>\u201eRadujcie si\u0119 w Panu!\u201d<\/strong> \u2013 s\u0142owa antyfony na wej\u015bcie wskazuj\u0105, \u017ce dzisiejsza niedziela to niedziela rado\u015bci, \u017ce Pan ju\u017c jest blisko, \u017ce ju\u017c przychodzi, by nam udzieli\u0107 swoich dar\u00f3w. Nawet kolor szat liturgicznych jest dzisiaj jakby ja\u015bniejszy, weselszy, bo nie fioletowy, tylko r\u00f3\u017cowy. Otwierajmy si\u0119 na przychodz\u0105cego Pana, kt\u00f3ry pragnie towarzyszy\u0107 naszej codzienno\u015bci. Niech w tym nam pomo\u017ce oczyszczenie naszych serc w spowiedzi \u015bwi\u0119tej, do kt\u00f3rej przyst\u0105pi\u0107 mo\u017cna ka\u017cdego dnia przed Eucharysti\u0105.<\/p>\n<p>2. W trzecim tygodniu adwentowego czuwania i oczekiwania jeste\u015bmy wszyscy zaproszeni do szczeg\u00f3lnej modlitwy o chrze\u015bcija\u0144skie \u017cycie rodzin.<\/p>\n<p>3. Do \u015bwi\u0105t Bo\u017cego Narodzenia coraz bli\u017cej (pozosta\u0142 ju\u017c zaledwie tydzie\u0144, albowiem tegoroczny Adwent jest najkr\u00f3tszym z mo\u017cliwych). Postarajmy si\u0119 o ich pi\u0119kny, chrze\u015bcija\u0144ski obch\u00f3d. W polskiej tradycji wyra\u017ca si\u0119 to zw\u0142aszcza przez dzielenie si\u0119 op\u0142atkiem w wigili\u0119 tej uroczysto\u015bci.<\/p>\n<p>4.\u00a0 W przysz\u0142\u0105 niedziel\u0119 wigilia Bo\u017cego Narodzenia ze szczeg\u00f3lnie prze\u017cywanym wieczorem: zacznijmy t\u0119 wieczorn\u0105 celebracj\u0119 w gronie rodziny wsp\u00f3ln\u0105 modlitw\u0105, wzajemnym pojednaniem, prze\u0142amaniem si\u0119 op\u0142atkiem i z\u0142o\u017ceniem serdecznych \u017cycze\u0144. <strong>A po niej przyjd\u017amy na Pasterk\u0119 na godz. 22.00. <\/strong>Msze \u015awi\u0119te w niedziel\u0119 24 grudnia (za tydzie\u0144) o godz. 9.00 \u2013 10.45 i <strong>Pasterka o godz. 22.00<\/strong>.W dzie\u0144 Narodzenia Pa\u0144skiego Msze \u015awi\u0119te o godz. 9.00 i 10.45. W drugi dzie\u0144 \u015bwi\u0105t Bo\u017cego Narodzenia, w \u015bwi\u0119to \u015bw. Szczepana, pierwszego m\u0119czennika Msze \u015awi\u0119te b\u0119d\u0105 sprawowane o godz. 9.00 \u00a0i 10.45. W wigili\u0119 tradycyjnie spo\u017cywamy potrawy postne.<\/p>\n<p>5. W Adwencie, w \u015brody i soboty, s\u0105 odprawiane o godz. 16.00 Msze \u015awi\u0119te roratne. Bardzo serdecznie zapraszam w \u015brod\u0119 i sobot\u0119 dzieci na roraty, szczeg\u00f3lnie te kt\u00f3re przygotowuj\u0105 si\u0119 do Pierwszej i Generalnej Komunii \u015awi\u0119tej. Oczywi\u015bcie zapraszam r\u00f3wnie\u017c rodzic\u00f3w.<\/p>\n<p>6.\u00a0W pi\u0105tek, 22 grudnia, b\u0119dziemy przygotowywa\u0107 \u017c\u0142\u00f3bek i stroi\u0107 choinki. Ch\u0119tnych do pomocy przy dekorowaniu \u015bwi\u0105tyni zapraszam w pi\u0105tek na godz. 17.00.<\/p>\n<p>7.\u00a0Na podgrzewanie ko\u015bcio\u0142a z\u0142o\u017cono ofiary: Smardzewo Sp\u00f3\u0142dzielnia \u2013 220,00 z\u0142otych, Milewo cz. I \u2013 380,00 z\u0142otych. Serdeczne B\u00f3g zap\u0142a\u0107.<\/p>\n<p>8.\u00a0Solenizantom i jubilatom tego tygodnia przekazujemy nasze serdeczno\u015bci i \u017cyczenia.<\/p>\n<p>9.\u00a0Zach\u0119cam do nabycia prasy katolickiej.<\/p>\n<p>&nbsp;<\/p>\n","protected":false},"excerpt":{"rendered":"<p>OG\u0141OSZENIA DUSZPASTERSKIE 1. \u201eRadujcie si\u0119 w Panu!\u201d \u2013 s\u0142owa antyfony na wej\u015bcie wskazuj\u0105, \u017ce dzisiejsza niedziela to niedziela rado\u015bci, \u017ce Pan ju\u017c jest blisko, \u017ce ju\u017c przychodzi, by nam udzieli\u0107 swoich dar\u00f3w. Nawet kolor szat liturgicznych jest dzisiaj jakby ja\u015bniejszy, weselszy, bo nie fioletowy, tylko r\u00f3\u017cowy. Otwierajmy si\u0119 na przychodz\u0105cego Pana, kt\u00f3ry pragnie towarzyszy\u0107 naszej &hellip; <\/p>\n<p><a class=\"more-link btn\" href=\"https:\/\/parafiasmardzewo.pl\/?p=9168\">Kontynuuj czytanie<\/a><\/p>\n","protected":false},"author":2,"featured_media":2833,"comment_status":"open","ping_status":"open","sticky":false,"template":"","format":"standard","meta":[],"categories":[2],"tags":[],"_links":{"self":[{"href":"https:\/\/parafiasmardzewo.pl\/index.php?rest_route=\/wp\/v2\/posts\/9168"}],"collection":[{"href":"https:\/\/parafiasmardzewo.pl\/index.php?rest_route=\/wp\/v2\/posts"}],"about":[{"href":"https:\/\/parafiasmardzewo.pl\/index.php?rest_route=\/wp\/v2\/types\/post"}],"author":[{"embeddable":true,"href":"https:\/\/parafiasmardzewo.pl\/index.php?rest_route=\/wp\/v2\/users\/2"}],"replies":[{"embeddable":true,"href":"https:\/\/parafiasmardzewo.pl\/index.php?rest_route=%2Fwp%2Fv2%2Fcomments&post=9168"}],"version-history":[{"count":6,"href":"https:\/\/parafiasmardzewo.pl\/index.php?rest_route=\/wp\/v2\/posts\/9168\/revisions"}],"predecessor-version":[{"id":9174,"href":"https:\/\/parafiasmardzewo.pl\/index.php?rest_route=\/wp\/v2\/posts\/9168\/revisions\/9174"}],"wp:featuredmedia":[{"embeddable":true,"href":"https:\/\/parafiasmardzewo.pl\/index.php?rest_route=\/wp\/v2\/media\/2833"}],"wp:attachment":[{"href":"https:\/\/parafiasmardzewo.pl\/index.php?rest_route=%2Fwp%2Fv2%2Fmedia&parent=9168"}],"wp:term":[{"taxonomy":"category","embeddable":true,"href":"https:\/\/parafiasmardzewo.pl\/index.php?rest_route=%2Fwp%2Fv2%2Fcategories&post=9168"},{"taxonomy":"post_tag","embeddable":true,"href":"https:\/\/parafiasmardzewo.pl\/index.php?rest_route=%2Fwp%2Fv2%2Ftags&post=9168"}],"curies":[{"name":"wp","href":"https:\/\/api.w.org\/{rel}","templated":true}]}}