{"id":9178,"date":"2023-12-23T21:15:14","date_gmt":"2023-12-23T20:15:14","guid":{"rendered":"https:\/\/parafiasmardzewo.pl\/?p=9178"},"modified":"2023-12-23T21:15:14","modified_gmt":"2023-12-23T20:15:14","slug":"iv-niedziela-adwentu-24-grudnia-2023-roku","status":"publish","type":"post","link":"https:\/\/parafiasmardzewo.pl\/?p=9178","title":{"rendered":"IV NIEDZIELA ADWENTU &#8211; 24 grudnia 2023 roku"},"content":{"rendered":"<p><strong>OG\u0141OSZENIA DUSZPASTERSKIE<\/strong><\/p>\n<ol>\n<li>To ju\u017c ostatnia niedziela adwentowego przygotowania na przyj\u015bcie Pana, a jednocze\u015bnie Wigilia Bo\u017cego Narodzenia. Podsumowuj\u0105c tegoroczny Adwent, zapytajmy siebie: czy rzeczywi\u015bcie by\u0142 on czasem czuwania i oczekiwania, czasem, w kt\u00f3rym odczuli\u015bmy blisko\u015b\u0107 przychodz\u0105cego Zbawiciela? I postarajmy si\u0119 pi\u0119knie i po chrze\u015bcija\u0144sku prze\u017cy\u0107 ten dzisiejszy, szczeg\u00f3lny wiecz\u00f3r. Niech to b\u0119dzie czas pojednania i przebaczenia w naszych domach i rodzinach. Od tego gestu pojednania, wsp\u00f3lnej modlitwy i podzielenia si\u0119 op\u0142atkiem rozpocznijmy wigilijn\u0105 wieczerz\u0119.<\/li>\n<li>W zwi\u0105zku z przypadaj\u0105c\u0105 dzisiaj Wigili\u0105 Bo\u017cego Narodzenia nie b\u0119dzie wieczornej Mszy \u015awi\u0119tej o godz. 16.00.<\/li>\n<li>Po sko\u0144czonej wieczerzy wigilijnej pozosta\u0144my w rodzinnym gronie, by \u015bpiewa\u0107 KOL\u0118DY, by wsp\u00f3lnie si\u0119 radowa\u0107 z przyj\u015bcia Zbawiciela na \u015bwiat. Przyjd\u017amy do naszej \u015bwi\u0105tyni na <strong>Pasterk\u0119 na godz. 22.00.<\/strong><\/li>\n<li>Jutro, w poniedzia\u0142ek 25 grudnia, uroczysto\u015b\u0107 Narodzenia Pa\u0144skiego. Msze \u015awi\u0119te w\u00a0naszym ko\u015bciele <strong>o godz. 9.00 i 10.45,<\/strong> podobnie w drugi dzie\u0144 \u015bwi\u0105t, w \u015bwi\u0119to \u015awi\u0119tego Szczepana, pierwszego m\u0119czennika, we wtorek, 26 grudnia. W \u015brod\u0119, 27 grudnia, w dzie\u0144 \u015awi\u0119tego Jana Aposto\u0142a i Ewangelisty. Natomiast w czwartek, 28 grudnia \u2013 w \u015bwi\u0119to \u015awi\u0119tych M\u0142odziank\u00f3w M\u0119czennik\u00f3w.<\/li>\n<li>W przysz\u0142\u0105 niedziel\u0119 b\u0119dziemy prze\u017cywali \u015bwi\u0119to \u015awi\u0119tej Rodziny, a jednocze\u015bnie ostatni dzie\u0144 roku kalendarzowego 2023. Zapraszam na nabo\u017ce\u0144stwo dzi\u0119kczynno-przeb\u0142agalne o\u00a0godz. 16.00, w czasie kt\u00f3rego od\u015bpiewamy uroczyste <em>Te Deum laudamus<\/em> za mijaj\u0105cy czas, za co w tym ostatnim dniu roku mo\u017cna uzyska\u0107 odpust zupe\u0142ny pod zwyk\u0142ymi warunkami. B\u0119dziemy czyta\u0107 imiona i nazwiska zmar\u0142ych w minionym roku i b\u0119dziemy prosi\u0107 Boga, aby przyj\u0105\u0142 ich do chwa\u0142y nieba.<\/li>\n<li>Zaplanujmy tak te \u015bwi\u0105teczne dni, by znale\u017a\u0107 chwil\u0119 na odwiedzenie naszej parafialnej \u015bwi\u0105tyni i na indywidualn\u0105 modlitw\u0119 i adoracj\u0119 przy \u017c\u0142\u00f3bku, na rodzinne \u015bpiewanie kol\u0119d.<\/li>\n<li>Jedna rodzina z\u0142o\u017cy\u0142a ofiar\u0119, w wysoko\u015bci 200,00 z\u0142otych, na zakup \u0142awek. Sk\u0142adam serdeczne B\u00f3g zap\u0142a\u0107. Jak zapewne zauwa\u017cyli\u015bmy mamy ju\u017c nowe \u0142awki w naszej \u015bwi\u0105tyni. Wi\u0119cej informacji\u00a0 na ten temat przeka\u017c\u0119 po \u015bwi\u0119tach Bo\u017cego Narodzenia.<\/li>\n<li>Panu Januszowi Chmielewskiemu, le\u015bnikowi z K\u0119py dzi\u0119kuj\u0119 za ofiarowanie choinek do ko\u015bcio\u0142a. Przy strojeniu \u017c\u0142obka i choinek pomagali: Skwarski Robert, Skwarska Julia, Dominik Kordaczka, Skwarski Stanis\u0142aw, Ko\u0142odziejczyk Jadwiga, Janus Tomasz,\u00a0 Geller Tomasz i Wincenty Sta\u0144czak. Pan \u00a0Rajczak Krzysztof w\u0142asnym transportem przywi\u00f3z\u0142 choinki z lasu do ko\u015bcio\u0142a. Pomagali mu Kr\u00f3l Henryk, Tomasz Geller i Sta\u0144czak Wincenty. Przy sprz\u0105taniu ko\u015bcio\u0142a i wymianie obrus\u00f3w na o\u0142tarzach pomaga\u0142y panie: Kr\u00f3l Danuta i Chojnacka Bo\u017cena.\u00a0 Wszystkim osobom, kt\u00f3re w\u0142\u0105czy\u0142y si\u0119 do pomocy bardzo serdecznie dzi\u0119kuj\u0119.<\/li>\n<li>Zach\u0119cam do nabycia prasy katolickiej.<\/li>\n<li>Solenizantom i jubilatom przekazujemy najserdeczniejsze \u017cyczenia.<\/li>\n<\/ol>\n<p>&nbsp;<\/p>\n<p><strong>\u00a0<\/strong><\/p>\n<p><strong>\u00a0<\/strong><\/p>\n<p>&nbsp;<\/p>\n","protected":false},"excerpt":{"rendered":"<p>OG\u0141OSZENIA DUSZPASTERSKIE To ju\u017c ostatnia niedziela adwentowego przygotowania na przyj\u015bcie Pana, a jednocze\u015bnie Wigilia Bo\u017cego Narodzenia. Podsumowuj\u0105c tegoroczny Adwent, zapytajmy siebie: czy rzeczywi\u015bcie by\u0142 on czasem czuwania i oczekiwania, czasem, w kt\u00f3rym odczuli\u015bmy blisko\u015b\u0107 przychodz\u0105cego Zbawiciela? I postarajmy si\u0119 pi\u0119knie i po chrze\u015bcija\u0144sku prze\u017cy\u0107 ten dzisiejszy, szczeg\u00f3lny wiecz\u00f3r. Niech to b\u0119dzie czas pojednania i przebaczenia &hellip; <\/p>\n<p><a class=\"more-link btn\" href=\"https:\/\/parafiasmardzewo.pl\/?p=9178\">Kontynuuj czytanie<\/a><\/p>\n","protected":false},"author":2,"featured_media":4017,"comment_status":"open","ping_status":"open","sticky":false,"template":"","format":"standard","meta":[],"categories":[2],"tags":[],"_links":{"self":[{"href":"https:\/\/parafiasmardzewo.pl\/index.php?rest_route=\/wp\/v2\/posts\/9178"}],"collection":[{"href":"https:\/\/parafiasmardzewo.pl\/index.php?rest_route=\/wp\/v2\/posts"}],"about":[{"href":"https:\/\/parafiasmardzewo.pl\/index.php?rest_route=\/wp\/v2\/types\/post"}],"author":[{"embeddable":true,"href":"https:\/\/parafiasmardzewo.pl\/index.php?rest_route=\/wp\/v2\/users\/2"}],"replies":[{"embeddable":true,"href":"https:\/\/parafiasmardzewo.pl\/index.php?rest_route=%2Fwp%2Fv2%2Fcomments&post=9178"}],"version-history":[{"count":1,"href":"https:\/\/parafiasmardzewo.pl\/index.php?rest_route=\/wp\/v2\/posts\/9178\/revisions"}],"predecessor-version":[{"id":9179,"href":"https:\/\/parafiasmardzewo.pl\/index.php?rest_route=\/wp\/v2\/posts\/9178\/revisions\/9179"}],"wp:featuredmedia":[{"embeddable":true,"href":"https:\/\/parafiasmardzewo.pl\/index.php?rest_route=\/wp\/v2\/media\/4017"}],"wp:attachment":[{"href":"https:\/\/parafiasmardzewo.pl\/index.php?rest_route=%2Fwp%2Fv2%2Fmedia&parent=9178"}],"wp:term":[{"taxonomy":"category","embeddable":true,"href":"https:\/\/parafiasmardzewo.pl\/index.php?rest_route=%2Fwp%2Fv2%2Fcategories&post=9178"},{"taxonomy":"post_tag","embeddable":true,"href":"https:\/\/parafiasmardzewo.pl\/index.php?rest_route=%2Fwp%2Fv2%2Ftags&post=9178"}],"curies":[{"name":"wp","href":"https:\/\/api.w.org\/{rel}","templated":true}]}}