{"id":9184,"date":"2023-12-25T23:51:03","date_gmt":"2023-12-25T22:51:03","guid":{"rendered":"https:\/\/parafiasmardzewo.pl\/?p=9184"},"modified":"2023-12-25T23:51:03","modified_gmt":"2023-12-25T22:51:03","slug":"list-rektora-wsd-w-plocku-na-drugi-dzien-swiat-bozego-narodzenia-26-xii-2023-r","status":"publish","type":"post","link":"https:\/\/parafiasmardzewo.pl\/?p=9184","title":{"rendered":"LIST REKTORA WSD W P\u0141OCKU NA DRUGI DZIE\u0143 \u015aWI\u0104T BO\u017bEGO NARODZENIA 26 XII 2023 R."},"content":{"rendered":"<p><strong>\u00a0 \u00a0 \u00a0 \u00a0 \u00a0 \u00a0 \u00a0 \u00a0 \u00a0 \u00a0 \u00a0<\/strong><strong>Siostry i Bracia! \u00a0\u00a0\u00a0\u00a0\u00a0\u00a0\u00a0\u00a0\u00a0\u00a0\u00a0\u00a0\u00a0\u00a0\u00a0\u00a0\u00a0\u00a0\u00a0\u00a0\u00a0\u00a0\u00a0\u00a0\u00a0\u00a0\u00a0\u00a0\u00a0\u00a0\u00a0\u00a0\u00a0\u00a0\u00a0\u00a0\u00a0\u00a0\u00a0\u00a0\u00a0\u00a0\u00a0\u00a0\u00a0\u00a0\u00a0\u00a0\u00a0\u00a0\u00a0\u00a0\u00a0\u00a0\u00a0\u00a0\u00a0\u00a0\u00a0\u00a0\u00a0\u00a0\u00a0\u00a0\u00a0\u00a0\u00a0\u00a0\u00a0\u00a0\u00a0\u00a0\u00a0\u00a0\u00a0\u00a0\u00a0\u00a0\u00a0\u00a0\u00a0\u00a0\u00a0\u00a0\u00a0\u00a0\u00a0\u00a0\u00a0\u00a0\u00a0\u00a0\u00a0\u00a0\u00a0\u00a0\u00a0\u00a0\u00a0\u00a0\u00a0\u00a0\u00a0\u00a0\u00a0\u00a0\u00a0\u00a0\u00a0\u00a0\u00a0\u00a0\u00a0\u00a0\u00a0\u00a0\u00a0\u00a0\u00a0\u00a0\u00a0\u00a0\u00a0\u00a0\u00a0\u00a0\u00a0\u00a0\u00a0<\/strong><\/p>\n<p>S\u0142owo Bo\u017ce czytane w dzisiejsze \u015bwi\u0119to konfrontuje atmosfer\u0119 ciep\u0142a i rado\u015bci p\u0142yn\u0105cych z pierwszego dnia Bo\u017cego Narodzenia ze wspomnieniem m\u0119cze\u0144skiej \u015bmierci \u015bw. Szczepana. W tych dw\u00f3ch dniach streszcza si\u0119 niejako najwi\u0119ksza tajemnica ludzkiego \u017cycia: narodziny i \u015bmier\u0107. Te dwa wydarzenia przenikaj\u0105 nasze codzienne my\u015blenie i zmuszaj\u0105 do szukania odpowiedzi na najbardziej podstawowe pytania. Dzi\u015b liturgia podpowiada, \u017ce je\u015bli na wydarzenia w naszym \u017cyciu patrzymy przez pryzmat objawienia si\u0119 Bo\u017cej mi\u0142o\u015bci w narodzeniu Jezusa, to nawet najtrudniejsze do\u015bwiadczenie nie odbierze nam odwagi w dawaniu \u015bwiadectwa. Pozbawieni tej perspektywy dostrzegamy w nich g\u0142\u00f3wnie pora\u017cki, intrygi i ludzk\u0105 zawi\u015b\u0107, a wezwanie do radosnego opowiadania o tym, co zosta\u0142o objawione o Dzieci\u0119ciu (por. \u0141k 2,17) za niemo\u017cliwe do realizacji. Dobrze wiemy, \u017ce zaproszenie do dzielenia si\u0119 Radosn\u0105 Nowin\u0105 domaga si\u0119 heroicznego \u015bwiadectwa, a czasem nawet oddania \u017cycia. \u00a0\u00a0My, ludzie XXI wieku, potrzebujemy przypomnienia, \u017ce \u015bwiat\u0142o Ewangelii, cho\u0107 cz\u0119sto niesione przez niewielu, nie zga\u015bnie dop\u00f3ki nie zabraknie ludzi odwa\u017cnych, gotowych odda\u0107 swe \u017cycie, by da\u0107 \u015bwiadectwo o S\u0142owie, kt\u00f3re sta\u0142o si\u0119 cia\u0142em. Ich odwaga p\u0142ynie z wiary, \u017ce Duch Ojca m\u00f3wi przez nich i do nich. Z otwartym sercem ws\u0142uchuj\u0105 si\u0119 w g\u0142os Ducha, potem wytrwale szukaj\u0105 odpowiedniego sposobu, by g\u0142osi\u0107, \u017ce \u201eSyn zosta\u0142 nam dany, na Jego barkach spocz\u0119\u0142a w\u0142adza. Nazwano Go imieniem: Przedziwny Doradca, B\u00f3g Mocny, Odwieczny Ojciec, Ksi\u0105\u017c\u0119 Pokoju\u201d (Iz 9,5). Jak\u017ce pi\u0119knie pr\u00f3bowa\u0142 to pokaza\u0107 ludziom swojej epoki \u015bw. Franciszek z Asy\u017cu. \u00a0Ta odwaga jego wiary wyrazi\u0142a si\u0119 m.in. w przetarciu nowego szlaku ku Bo\u017cemu Narodzeniu. Dok\u0142adnie 800 lat temu, \u015bw. Franciszek jako pierwszy, zbudowa\u0142 we w\u0142oskim Greccio betlejemsk\u0105 szopk\u0119 \u2013 bo jak sam m\u00f3wi\u0142 \u2013 chcia\u0142 w ten spos\u00f3b \u201ezobaczy\u0107 na w\u0142asne oczy, tak namacalnie, jak to tylko mo\u017cliwe, gorzkie trudy, kt\u00f3re musia\u0142 cierpie\u0107 Jezus nawet jako ma\u0142e dziecko, gdy zosta\u0142 z\u0142o\u017cony w \u017c\u0142obie, z wo\u0142em i os\u0142em u boku, i gdy zosta\u0142 z\u0142o\u017cony na sianie\u201d. Jak pisa\u0142 \u00f3wczesny kronikarz Tomasz z Celano, na \u017cyczenie Franciszka, w ma\u0142ej grocie \u201e\u017c\u0142\u00f3bek zosta\u0142 przygotowany, siano przyniesione, w\u00f3\u0142 i osio\u0142 przyprowadzone\u201d. W tej pierwszej uroczysto\u015bci jase\u0142kowej nie by\u0142o Maryi i J\u00f3zefa, nie by\u0142o m\u0119drc\u00f3w, ale obecni tam pro\u015bci ludzi poczuli si\u0119 jak pasterze przy ma\u0142ym Jezusie. Franciszek chcia\u0142 przez to prze\u017cy\u0107 wielk\u0105 tajemnic\u0119 wiary w spos\u00f3b prosty, czytelny, wr\u0119cz realny. I co istotne, uczyni\u0142 to w czasie Mszy \u015bw. w\u0142a\u015bnie w tej grocie. Franciszek by\u0142 diakonem, wi\u0119c dono\u015bnym g\u0142osem wy\u015bpiewa\u0142 Ewangeli\u0119 \u2013 i jak potwierdzaj\u0105 \u017ar\u00f3d\u0142a franciszka\u0144skie \u2013 g\u0142osi\u0142 kazanie <strong>\u201eo narodzeniu ubogiego Kr\u00f3la i\u00a0ma\u0142ym miasteczku Betlejem. M\u0119\u017cczy\u017ani i\u00a0kobiety z\u00a0tego regionu przygotowali \u015bwiece i\u00a0pochodnie, najlepiej jak potrafili, z\u00a0radosnymi sercami. Noc sta\u0142a si\u0119 widna jak dzie\u0144, rozkoszna dla ludzi i\u00a0zwierz\u0105t. Przyby\u0142y rzesze ludzi, ciesz\u0105c si\u0119 w\u00a0nowy spos\u00f3b z\u00a0tej tajemnicy. W\u00a0ten spos\u00f3b Greccio sta\u0142o si\u0119 niejako nowym Betlejem\u201d<\/strong> \u2013\u00a0zapisa\u0142 \u015bredniowieczny kronikarz.<\/p>\n<p>Co chcia\u0142 w ten spos\u00f3b osi\u0105gn\u0105\u0107 Biedaczyna z Asy\u017cu? Jaki m\u00f3g\u0142 by\u0107 jego zamys\u0142? Wiadomo z jego \u017cywota, \u017ce w tym czasie pojawia\u0142y si\u0119 ju\u017c r\u00f3\u017cnice w m\u0142odej wsp\u00f3lnocie franciszka\u0144skiej. Smuci\u0142y go i m\u0119czy\u0142y te ci\u0105g\u0142e dysputy wsp\u00f3\u0142braci. I w tym czasie w\u0142a\u015bnie, troch\u0119 jak antidotum na podzia\u0142y, Franciszek zbudowa\u0142 \u017c\u0142\u00f3bek. To by\u0142a pierwsza przes\u0142anka \u2013 aby \u017c\u0142\u00f3bek jednoczy\u0142 i prowadzi\u0142 do tego, co najistotniejsze w wierze i w \u017cyciu. Chcia\u0142 r\u00f3wnie\u017c, aby przypomnie\u0107 sobie wsp\u00f3\u0142czesnym o fundamentalnej prawdzie tych \u015bwi\u0105t, \u017ce w Bo\u017ce Narodzenie objawi\u0142o si\u0119 wielkie ub\u00f3stwo, i jeszcze wi\u0119ksza dobro\u0107 Boga. Chodzi\u0142o r\u00f3wnie\u017c o podkre\u015blenie wi\u0119zi mi\u0119dzy \u017c\u0142\u00f3bkiem i Eucharysti\u0105, co dzi\u015b jest szczeg\u00f3lnie wymowne, aby szopka nie sta\u0142a si\u0119 pust\u0105 tradycj\u0105 czy folklorystyczn\u0105 atrakcj\u0105, lecz prowadzi\u0142a do \u017cywego Boga, dzia\u0142aj\u0105cego w S\u0142owie i sakramentach.\u00a0 \u00a0 \u00a0 \u015aw. Franciszek tym bo\u017conarodzeniowym gestem wskaza\u0142, \u017ce mo\u017cemy i dzi\u015b \u017cy\u0107 blisko Betlejem, cho\u0107 min\u0119\u0142o 2 tysi\u0105ce lat od narodzin Zbawiciela. Tylko w jaki spos\u00f3b przemawia do naszej wra\u017cliwo\u015bci i mentalno\u015bci ten obraz Boga, kt\u00f3ry sta\u0142 si\u0119 cz\u0142owiekiem, z mi\u0142o\u015bci i w ub\u00f3stwie? \u00a0\u00a0 Je\u015bli dostrzegamy dobro\u0107 Bosk\u0105 i ludzk\u0105 w codziennym \u017cyciu, nawet je\u015bli dni s\u0105 z\u0142e i ludzie nie\u017cyczliwi \u2013 to niedaleko jeste\u015bmy od Betlejem.\u00a0\u00a0 Je\u015bli w r\u00f3\u017cnicach i podzia\u0142ach, kt\u00f3re si\u0119 zdarzaj\u0105 mi\u0119dzy nami, umiemy uszanowa\u0107 godno\u015b\u0107 drugiego, okaza\u0107 cierpliwo\u015b\u0107 i w pokorze broni\u0107 prawdy \u2013 to niedaleko jeste\u015bmy od Betlejem. Je\u017celi staramy si\u0119 w \u017cyciu codziennym odpowiedzie\u0107 mimo wszystko dobrem na z\u0142o, uczciwo\u015bci\u0105 na nieuczciwo\u015b\u0107, prawd\u0105 i pokor\u0105 na k\u0142amstwo \u2013 to niedaleko jeste\u015bmy od Betlejem. \u00a0Je\u017celi nasze chrze\u015bcija\u0144stwo nie jest nieme, nijakie, ale przek\u0142ada si\u0119 na \u015bwiadectwo, praktyk\u0119 \u017cycia niedzielnego i codziennego, je\u015bli jest w nas co\u015b z odwagi \u015bw. Szczepana, dzisiejszego patrona \u2013 to naprawd\u0119 niedaleko jeste\u015bmy od Betlejem. \u00a0\u00a0 Mo\u017ce warto w\u0142a\u015bnie teraz skorzysta\u0107 z tej Franciszkowej perspektywy w patrzeniu na \u017c\u0142\u00f3bek, wiar\u0119 i Ko\u015bci\u00f3\u0142, aby na Boga nie patrze\u0107 z daleka, z podejrzliwo\u015bci\u0105 i nieufno\u015bci\u0105, kt\u00f3re s\u0105czy w nas duch tych czas\u00f3w. Bo wiara jest zbyt pi\u0119kna, aby patrze\u0107 na ni\u0105 z zewn\u0105trz i prze\u017cywa\u0107 poza wsp\u00f3lnot\u0105! A gdy kto\u015b podejdzie bli\u017cej i zaanga\u017cuje swe serce w prze\u017cywanie tajemnicy Wcielenia, odkryje r\u00f3wnie\u017c, \u017ce \u017c\u0142\u00f3bek Jezusa przyci\u0105ga i posy\u0142a, wr\u0119cz powo\u0142uje: do odwagi \u015bwiadectwa i \u017cycia g\u0142\u0119bi\u0105 oraz pe\u0142ni\u0105 powo\u0142ania\u00a0 \u00a0 \u00a0 \u00a0 \u00a0 \u00a0 \u00a0 \u00a0 \u00a0 \u00a0 \u00a0 \u00a0 \u00a0 \u00a0 \u00a0 \u00a0 \u00a0 \u00a0 \u00a0 \u00a0 \u00a0 \u00a0 \u00a0 \u00a0 \u00a0 \u00a0 \u00a0 \u00a0 \u00a0 \u00a0 \u00a0 \u00a0 \u00a0 \u00a0 \u00a0 \u00a0 \u00a0 \u00a0 \u00a0 \u00a0 \u00a0 \u00a0 \u00a0 \u00a0 \u00a0 \u00a0 \u00a0 \u00a0 \u00a0 \u00a0 \u00a0 \u00a0 \u00a0 \u00a0 \u00a0 \u00a0 \u00a0 \u00a0 \u00a0 \u00a0 \u00a0 \u00a0 \u00a0 \u00a0 \u00a0 \u00a0 \u00a0 \u00a0 \u00a0 \u00a0 \u00a0 \u00a0 \u00a0 \u00a0 \u00a0 \u00a0 \u00a0 \u00a0 \u00a0 \u00a0 \u00a0 \u00a0 \u00a0 \u00a0 \u00a0 \u00a0 \u00a0 \u00a0 \u00a0 \u00a0 \u00a0 \u00a0 \u00a0 \u00a0 \u00a0 \u00a0 \u00a0 \u00a0 \u00a0 \u00a0 \u00a0 \u00a0 \u00a0 \u00a0 \u00a0 \u00a0 \u00a0<strong>\u00a0Siostry i Bracia!<\/strong>\u00a0 \u00a0 \u00a0 \u00a0 \u00a0 \u00a0 \u00a0 \u00a0 \u00a0 \u00a0 \u00a0 \u00a0 \u00a0 \u00a0 \u00a0 \u00a0 \u00a0 \u00a0 \u00a0 \u00a0 \u00a0 \u00a0 \u00a0 \u00a0 \u00a0 \u00a0 \u00a0 \u00a0 \u00a0 \u00a0 \u00a0 \u00a0 \u00a0 \u00a0 \u00a0 \u00a0 \u00a0 \u00a0 \u00a0 \u00a0 \u00a0 \u00a0 \u00a0 \u00a0 \u00a0 \u00a0 \u00a0 \u00a0 \u00a0 \u00a0 \u00a0 \u00a0 \u00a0 \u00a0 \u00a0 \u00a0 \u00a0 \u00a0 \u00a0 \u00a0 \u00a0 \u00a0 \u00a0 \u00a0 \u00a0 \u00a0 \u00a0 \u00a0 \u00a0 \u00a0 \u00a0 \u00a0 \u00a0 \u00a0 \u00a0 \u00a0 \u00a0 \u00a0 \u00a0 \u00a0 \u00a0 \u00a0 \u00a0 \u00a0 \u00a0 \u00a0 \u00a0 \u00a0 \u00a0 \u00a0 \u00a0 \u00a0 \u00a0 \u00a0 \u00a0 \u00a0 \u00a0 \u00a0 \u00a0 \u00a0 \u00a0 \u00a0 W pewnym sensie, dla Ko\u015bcio\u0142a diecezjalnego seminarium jest miejscem, gdzie Bo\u017ce Narodzenie jest najpi\u0119kniejsze, bo w nim rodz\u0105 si\u0119 przyszli ksi\u0119\u017ca. Seminarium jest miejscem w kt\u00f3rym kolejne pokolenia kandydat\u00f3w do kap\u0142a\u0144stwa odkrywaj\u0105 g\u0142\u0119bi\u0119 i pi\u0119kno betlejemskiego \u017c\u0142\u00f3bka. Szczeg\u00f3lnie dzi\u015b musi by\u0107 ono szko\u0142\u0105 twardego st\u0105pania po ziemi i budowania \u015bwiadomo\u015bci, \u017ce \u015bwiadectwo powo\u0142ania co raz mocniej b\u0119dzie wymaga\u0142o si\u0119 heroicznych postaw i niezachwianej wiary. Mamy \u015bwiadomo\u015b\u0107, \u017ce kap\u0142a\u0144stwo \u0142\u0105czy w sobie rado\u015b\u0107 \u017cycia i gotowo\u015b\u0107 ofiary z siebie. Tajemnica \u017cycia i \u015bmierci musi objawia\u0107 si\u0119 w codziennym \u017cyciu powo\u0142anego, a zaproszenie Jezusa by p\u00f3j\u015b\u0107 za nim, domaga si\u0119 od kandydat\u00f3w do kap\u0142a\u0144stwa nie tylko odwagi, ale r\u00f3wnie\u017c Waszej modlitwy i wsparcia duchowego. Jako wsp\u00f3lnota seminaryjna wielokrotnie do\u015bwiadczamy niezas\u0142u\u017conej troski i szczerego zainteresowania. Za wszelkie gesty ludzkiej \u017cyczliwo\u015bci, wsparcie materialne i duchowe, wyra\u017cam serdeczne podzi\u0119kowanie. Niech mi\u0142o\u015b\u0107 i pok\u00f3j Nowonarodzonego promieniuje na Was wszystkich, a rado\u015b\u0107 z betlejemskiego \u017c\u0142\u00f3bka przenika Wasze serca.\u00a0 \u00a0 \u00a0 \u00a0 \u00a0 \u00a0 \u00a0 \u00a0 \u00a0 \u00a0 \u00a0 \u00a0 \u00a0 \u00a0 \u00a0 \u00a0 \u00a0 \u00a0 \u00a0 \u00a0 \u00a0 <strong>P\u0142ock, dnia 26 grudnia 2023 r.\u00a0 Ks. Marek Jarosz Rektor WSD<\/strong><\/p>\n<p>&nbsp;<\/p>\n","protected":false},"excerpt":{"rendered":"<p>\u00a0 \u00a0 \u00a0 \u00a0 \u00a0 \u00a0 \u00a0 \u00a0 \u00a0 \u00a0 \u00a0Siostry i Bracia! \u00a0\u00a0\u00a0\u00a0\u00a0\u00a0\u00a0\u00a0\u00a0\u00a0\u00a0\u00a0\u00a0\u00a0\u00a0\u00a0\u00a0\u00a0\u00a0\u00a0\u00a0\u00a0\u00a0\u00a0\u00a0\u00a0\u00a0\u00a0\u00a0\u00a0\u00a0\u00a0\u00a0\u00a0\u00a0\u00a0\u00a0\u00a0\u00a0\u00a0\u00a0\u00a0\u00a0\u00a0\u00a0\u00a0\u00a0\u00a0\u00a0\u00a0\u00a0\u00a0\u00a0\u00a0\u00a0\u00a0\u00a0\u00a0\u00a0\u00a0\u00a0\u00a0\u00a0\u00a0\u00a0\u00a0\u00a0\u00a0\u00a0\u00a0\u00a0\u00a0\u00a0\u00a0\u00a0\u00a0\u00a0\u00a0\u00a0\u00a0\u00a0\u00a0\u00a0\u00a0\u00a0\u00a0\u00a0\u00a0\u00a0\u00a0\u00a0\u00a0\u00a0\u00a0\u00a0\u00a0\u00a0\u00a0\u00a0\u00a0\u00a0\u00a0\u00a0\u00a0\u00a0\u00a0\u00a0\u00a0\u00a0\u00a0\u00a0\u00a0\u00a0\u00a0\u00a0\u00a0\u00a0\u00a0\u00a0\u00a0\u00a0\u00a0\u00a0\u00a0\u00a0\u00a0\u00a0\u00a0\u00a0 S\u0142owo Bo\u017ce czytane w dzisiejsze \u015bwi\u0119to konfrontuje atmosfer\u0119 ciep\u0142a i rado\u015bci p\u0142yn\u0105cych z pierwszego dnia Bo\u017cego Narodzenia ze wspomnieniem m\u0119cze\u0144skiej \u015bmierci \u015bw. Szczepana. W tych dw\u00f3ch dniach streszcza si\u0119 niejako najwi\u0119ksza tajemnica ludzkiego \u017cycia: narodziny i \u015bmier\u0107. Te dwa wydarzenia przenikaj\u0105 &hellip; <\/p>\n<p><a class=\"more-link btn\" href=\"https:\/\/parafiasmardzewo.pl\/?p=9184\">Kontynuuj czytanie<\/a><\/p>\n","protected":false},"author":2,"featured_media":9001,"comment_status":"open","ping_status":"open","sticky":false,"template":"","format":"standard","meta":[],"categories":[6],"tags":[],"_links":{"self":[{"href":"https:\/\/parafiasmardzewo.pl\/index.php?rest_route=\/wp\/v2\/posts\/9184"}],"collection":[{"href":"https:\/\/parafiasmardzewo.pl\/index.php?rest_route=\/wp\/v2\/posts"}],"about":[{"href":"https:\/\/parafiasmardzewo.pl\/index.php?rest_route=\/wp\/v2\/types\/post"}],"author":[{"embeddable":true,"href":"https:\/\/parafiasmardzewo.pl\/index.php?rest_route=\/wp\/v2\/users\/2"}],"replies":[{"embeddable":true,"href":"https:\/\/parafiasmardzewo.pl\/index.php?rest_route=%2Fwp%2Fv2%2Fcomments&post=9184"}],"version-history":[{"count":1,"href":"https:\/\/parafiasmardzewo.pl\/index.php?rest_route=\/wp\/v2\/posts\/9184\/revisions"}],"predecessor-version":[{"id":9185,"href":"https:\/\/parafiasmardzewo.pl\/index.php?rest_route=\/wp\/v2\/posts\/9184\/revisions\/9185"}],"wp:featuredmedia":[{"embeddable":true,"href":"https:\/\/parafiasmardzewo.pl\/index.php?rest_route=\/wp\/v2\/media\/9001"}],"wp:attachment":[{"href":"https:\/\/parafiasmardzewo.pl\/index.php?rest_route=%2Fwp%2Fv2%2Fmedia&parent=9184"}],"wp:term":[{"taxonomy":"category","embeddable":true,"href":"https:\/\/parafiasmardzewo.pl\/index.php?rest_route=%2Fwp%2Fv2%2Fcategories&post=9184"},{"taxonomy":"post_tag","embeddable":true,"href":"https:\/\/parafiasmardzewo.pl\/index.php?rest_route=%2Fwp%2Fv2%2Ftags&post=9184"}],"curies":[{"name":"wp","href":"https:\/\/api.w.org\/{rel}","templated":true}]}}