{"id":9186,"date":"2023-12-30T22:26:26","date_gmt":"2023-12-30T21:26:26","guid":{"rendered":"https:\/\/parafiasmardzewo.pl\/?p=9186"},"modified":"2023-12-30T22:30:33","modified_gmt":"2023-12-30T21:30:33","slug":"swietej-rodziny-jezusa-maryi-i-jozefa-31-grudnia-2023-roku","status":"publish","type":"post","link":"https:\/\/parafiasmardzewo.pl\/?p=9186","title":{"rendered":"\u015aWI\u0118TEJ RODZINY: JEZUSA, MARYI I J\u00d3ZEFA- 31 grudnia 2023 roku"},"content":{"rendered":"<p><strong>OG\u0141OSZENIA DUSZPASTERSKIE<\/strong><\/p>\n<ol>\n<li>Dzisiejsze \u015bwi\u0119to nasuwa nam wszystkim temat do g\u0142\u0119bokiej refleksji nad rodzin\u0105 chrze\u015bcija\u0144sk\u0105, nad jej powo\u0142aniem, godno\u015bci\u0105 i wielko\u015bci\u0105. Rodzina zbudowana na prawie Bo\u017cym jest ojczyzn\u0105 \u017cycia, mi\u0142o\u015bci, wierno\u015bci, rado\u015bci i szcz\u0119\u015bcia; stanowi sanktuarium \u017cycia i \u015bwi\u0119to\u015bci. Dlatego m\u00f3dlmy si\u0119 nieustannie w intencji naszych rodzin.<\/li>\n<li>Dzisiaj \u017cegnamy 2023 rok, a ju\u017c jutro powitamy rok 2024. Przyjd\u017amy do naszej parafialnej \u015bwi\u0105tyni na modlitw\u0119 dzi\u0119kczynno-przeb\u0142agaln\u0105 za ten mijaj\u0105cy czas. Rozpoczniemy j\u0105 o godz. 16.00 Msz\u0105 \u015awi\u0119t\u0105. Za\u015bpiewamy w\u00f3wczas uroczyste <em>Te Deum laudamus<\/em>, za odm\u00f3wienie kt\u00f3rego w ostatnim dniu roku mo\u017cna uzyska\u0107 odpust zupe\u0142ny pod zwyk\u0142ymi warunkami.<\/li>\n<li>Postarajmy si\u0119 te\u017c i Nowy Rok rozpocz\u0105\u0107 w Imi\u0119 Bo\u017ce: w tym dniu przypada uroczysto\u015b\u0107 \u015awi\u0119tej Bo\u017cej Rodzicielki Maryi (uroczysto\u015b\u0107 ta jest \u015bwi\u0119tem nakazanym!) oraz \u015awiatowy Dzie\u0144 Modlitwy o Pok\u00f3j. Msze \u015awi\u0119te w naszej \u015bwi\u0105tyni b\u0119d\u0105 sprawowane \u00a0<strong>o godz. 10.00 i 16.00.<\/strong> W tym dniu Ko\u015bci\u00f3\u0142 r\u00f3wnie\u017c otwiera skarbiec odpustowy: odpust mo\u017cna uzyska\u0107 za pobo\u017cne odm\u00f3wienie hymnu do Ducha \u015awi\u0119tego <em>Veni Creator Spiritus<\/em>.<\/li>\n<li>Porz\u0105dek KOL\u0118DY na najbli\u017cszy tydzie\u0144: <strong>wtorek \u2013 Milewo cz. I <\/strong>od P. Olczak<strong>; czwartek \u2013 Milewo cz. II. <\/strong>od P. Sta\u0144czaka<strong>; pi\u0105tek \u2013 Smardzewo Kolonia. <\/strong>Pocz\u0105tek kol\u0119dy<strong> od godz. 9.00. <\/strong><\/li>\n<li>W tym tygodniu przypadaj\u0105 pierwszy czwartek przed pierwszym pi\u0105tkiem, pierwszy pi\u0105tek miesi\u0105ca i pierwsza sobota miesi\u0105ca. W czwartek modlimy si\u0119 \u00a0o powo\u0142ania kap\u0142a\u0144skie i zakonne. W pi\u0105tek po Mszy \u015awi\u0119tej o godz. 16.00 adoracja Naj\u015bwi\u0119tszego Sakramentu zako\u0144czona nabo\u017ce\u0144stwem do Naj\u015bwi\u0119tszego Serca Pana Jezusa. Kandydatom do bierzmowania przypominam o spowiedzi i Komunii \u015awi\u0119tej. Spowied\u017a od godz. 15.30.<\/li>\n<li>W najbli\u017csz\u0105 sobot\u0119, 6 stycznia, \u015bwi\u0119towa\u0107 b\u0119dziemy Objawienie Pa\u0144skie. Msze \u015awi\u0119te o godz. 9.00 i 10.45. \u00a0Na zako\u0144czenie Mszy \u015awi\u0119tej o godz. 9.00 pob\u0142ogos\u0142awimy kred\u0119 i kadzid\u0142o, by oznaczy\u0107 nasze mieszkania pierwszymi literami imion m\u0119drc\u00f3w: K + M + B<strong>.\u00a0 Po Mszy \u015awi\u0119tej o godz. 10.45 uczniowie\u00a0 ze Szko\u0142y Podstawowej im. Powsta\u0144c\u00f3w Styczniowych 1863 r.\u00a0 w Smardzewie przedstawi\u0105 program bo\u017conarodzeniowy \u2013 jase\u0142ka. Serdecznie zapraszam parafian i go\u015bci.<\/strong><\/li>\n<li>W przysz\u0142\u0105 niedziel\u0119 Ko\u015bci\u00f3\u0142 obchodzi \u015bwi\u0119to Chrztu Pa\u0144skiego, kt\u00f3ry ko\u0144czy w liturgii okres Narodzenia Pa\u0144skiego. Za tydzie\u0144 7 stycznia (niedziela) o godz. 15.00 b\u0119dzie dodatkowa Msza \u015awi\u0119ta, a nast\u0119pnie zapraszam na op\u0142atek cz\u0142onk\u00f3w grup dzia\u0142aj\u0105cych przy parafii: Rada Duszpasterska, Rada Gospodarcza, Asysta procesyjna.<\/li>\n<li>W styczniu i lutym, w niedziele, b\u0119d\u0105 sprawowane tylko dwie Msze \u015awi\u0119te o godz. 9.00 i 10.45. Ci, kt\u00f3rzy nie b\u0119d\u0105 mogli uczestniczy\u0107 w niedzielnej Eucharystii mog\u0105 by\u0107 na Mszy \u015awi\u0119tej w sobot\u0119\u00a0 o godz. 16.00. Liturgia tej Mszy \u015awi\u0119tej b\u0119dzie sprawowana z niedzieli (trzy czytania, Homilia, Wyznanie wiary).<\/li>\n<li>Wszystkim Parafianom i Go\u015bciom \u017cycz\u0119 obfito\u015bci \u0142ask od Bo\u017cej Dzieciny.<\/li>\n<\/ol>\n<p>Zach\u0119cam do nabycia prasy katolickiej.<\/p>\n<p><strong>\u00a0<\/strong><\/p>\n<p><strong>\u00a0<\/strong><\/p>\n<p>&nbsp;<\/p>\n","protected":false},"excerpt":{"rendered":"<p>OG\u0141OSZENIA DUSZPASTERSKIE Dzisiejsze \u015bwi\u0119to nasuwa nam wszystkim temat do g\u0142\u0119bokiej refleksji nad rodzin\u0105 chrze\u015bcija\u0144sk\u0105, nad jej powo\u0142aniem, godno\u015bci\u0105 i wielko\u015bci\u0105. Rodzina zbudowana na prawie Bo\u017cym jest ojczyzn\u0105 \u017cycia, mi\u0142o\u015bci, wierno\u015bci, rado\u015bci i szcz\u0119\u015bcia; stanowi sanktuarium \u017cycia i \u015bwi\u0119to\u015bci. Dlatego m\u00f3dlmy si\u0119 nieustannie w intencji naszych rodzin. Dzisiaj \u017cegnamy 2023 rok, a ju\u017c jutro powitamy rok &hellip; <\/p>\n<p><a class=\"more-link btn\" href=\"https:\/\/parafiasmardzewo.pl\/?p=9186\">Kontynuuj czytanie<\/a><\/p>\n","protected":false},"author":2,"featured_media":4017,"comment_status":"open","ping_status":"open","sticky":false,"template":"","format":"standard","meta":[],"categories":[2],"tags":[],"_links":{"self":[{"href":"https:\/\/parafiasmardzewo.pl\/index.php?rest_route=\/wp\/v2\/posts\/9186"}],"collection":[{"href":"https:\/\/parafiasmardzewo.pl\/index.php?rest_route=\/wp\/v2\/posts"}],"about":[{"href":"https:\/\/parafiasmardzewo.pl\/index.php?rest_route=\/wp\/v2\/types\/post"}],"author":[{"embeddable":true,"href":"https:\/\/parafiasmardzewo.pl\/index.php?rest_route=\/wp\/v2\/users\/2"}],"replies":[{"embeddable":true,"href":"https:\/\/parafiasmardzewo.pl\/index.php?rest_route=%2Fwp%2Fv2%2Fcomments&post=9186"}],"version-history":[{"count":3,"href":"https:\/\/parafiasmardzewo.pl\/index.php?rest_route=\/wp\/v2\/posts\/9186\/revisions"}],"predecessor-version":[{"id":9189,"href":"https:\/\/parafiasmardzewo.pl\/index.php?rest_route=\/wp\/v2\/posts\/9186\/revisions\/9189"}],"wp:featuredmedia":[{"embeddable":true,"href":"https:\/\/parafiasmardzewo.pl\/index.php?rest_route=\/wp\/v2\/media\/4017"}],"wp:attachment":[{"href":"https:\/\/parafiasmardzewo.pl\/index.php?rest_route=%2Fwp%2Fv2%2Fmedia&parent=9186"}],"wp:term":[{"taxonomy":"category","embeddable":true,"href":"https:\/\/parafiasmardzewo.pl\/index.php?rest_route=%2Fwp%2Fv2%2Fcategories&post=9186"},{"taxonomy":"post_tag","embeddable":true,"href":"https:\/\/parafiasmardzewo.pl\/index.php?rest_route=%2Fwp%2Fv2%2Ftags&post=9186"}],"curies":[{"name":"wp","href":"https:\/\/api.w.org\/{rel}","templated":true}]}}