{"id":9211,"date":"2024-01-20T20:45:50","date_gmt":"2024-01-20T19:45:50","guid":{"rendered":"https:\/\/parafiasmardzewo.pl\/?p=9211"},"modified":"2024-01-20T20:47:48","modified_gmt":"2024-01-20T19:47:48","slug":"trzecia-niedziela-w-ciagu-roku-21-stycznia-2024","status":"publish","type":"post","link":"https:\/\/parafiasmardzewo.pl\/?p=9211","title":{"rendered":"TRZECIA NIEDZIELA W CI\u0104GU ROKU &#8211;  21 stycznia 2024"},"content":{"rendered":"<p><strong>OG\u0141OSZENIA DUSZPASTERSKIE<\/strong><\/p>\n<ol>\n<li>W dzisiejsz\u0105 niedziel\u0119 prze\u017cywamy ustanowion\u0105 przed pi\u0119ciu laty Niedziel\u0119 S\u0142owa Bo\u017cego. Jest to mo\u017ce inspiracja do cz\u0119stszego si\u0119gania po s\u0142owo Bo\u017ce zawarte na kartach Pisma \u015awi\u0119tego i prze\u015bwietlania przeze\u0144 swojego \u017cycia.<\/li>\n<li>W czwartkowe \u015bwi\u0119to Nawr\u00f3cenia \u015awi\u0119tego Paw\u0142a, Aposto\u0142a Narod\u00f3w, zako\u0144czy si\u0119 Tydzie\u0144 Modlitwy o Jedno\u015b\u0107 Chrze\u015bcijan. Zapraszam w tym dniu na Msze \u015awi\u0119te do naszego parafialnego ko\u015bcio\u0142a. Pami\u0119tajmy nieustannie o modlitwie w tej intencji i starajmy si\u0119 budowa\u0107 jedno\u015b\u0107 w naszych rodzinach i domach, wsp\u00f3lnotach, zak\u0142adach pracy, w ca\u0142ym naszym narodzie.<\/li>\n<li>W pi\u0105tek, w liturgiczne wspomnienie \u015awi\u0119tych biskup\u00f3w Tymoteusza i Tytusa, prze\u017cywa\u0107 b\u0119dziemy Dzie\u0144 Islamu. M\u00f3dlmy si\u0119 w intencji wyznawc\u00f3w tej religii, z kt\u00f3rymi \u0142\u0105czy nas posta\u0107 ojca wiary \u2013 Abrahama. Pro\u015bmy szczeg\u00f3lnie, aby religii nie wykorzystywano instrumentalnie i z jej powodu nie dochodzi\u0142o do prze\u015bladowa\u0144, gwa\u0142t\u00f3w i przemocy.<\/li>\n<li>Ko\u0144cz\u0119 duszpasterskie odwiedziny kol\u0119dowe rodzin naszej parafii. W poniedzia\u0142ek kol\u0119da w Smardzewie k\/ko\u015bcio\u0142a, od godz. 10.00. Pocz\u0105tek kol\u0119dy od p. Robakiewicz\u00f3w, zako\u0144czenie w domu parafialnym (plebania).<\/li>\n<li>W minionym tygodniu odby\u0142 si\u0119 pogrzeb \u015bw. p. Henryki Szcze\u015bniewskiej, kt\u00f3ra prze\u017cy\u0142a 92 lata. Od uczestnik\u00f3w pogrzebu b\u0119dzie odprawionych 16 Mszy \u015awi\u0119tych, w tym 3 intencje zam\u00f3wione przed pogrzebem.<\/li>\n<li>Zach\u0119cam do nabycia prasy katolickiej.<\/li>\n<li>\u017byczymy solenizantom i jubilatom tego tygodnia zdrowia i wielu \u0142ask Bo\u017cych.<\/li>\n<\/ol>\n<p>&nbsp;<\/p>\n<p><strong>\u00a0<\/strong><\/p>\n<p><strong>\u00a0<\/strong><\/p>\n<p>&nbsp;<\/p>\n<p>&nbsp;<\/p>\n","protected":false},"excerpt":{"rendered":"<p>OG\u0141OSZENIA DUSZPASTERSKIE W dzisiejsz\u0105 niedziel\u0119 prze\u017cywamy ustanowion\u0105 przed pi\u0119ciu laty Niedziel\u0119 S\u0142owa Bo\u017cego. Jest to mo\u017ce inspiracja do cz\u0119stszego si\u0119gania po s\u0142owo Bo\u017ce zawarte na kartach Pisma \u015awi\u0119tego i prze\u015bwietlania przeze\u0144 swojego \u017cycia. W czwartkowe \u015bwi\u0119to Nawr\u00f3cenia \u015awi\u0119tego Paw\u0142a, Aposto\u0142a Narod\u00f3w, zako\u0144czy si\u0119 Tydzie\u0144 Modlitwy o Jedno\u015b\u0107 Chrze\u015bcijan. Zapraszam w tym dniu na Msze \u015awi\u0119te &hellip; <\/p>\n<p><a class=\"more-link btn\" href=\"https:\/\/parafiasmardzewo.pl\/?p=9211\">Kontynuuj czytanie<\/a><\/p>\n","protected":false},"author":2,"featured_media":5378,"comment_status":"open","ping_status":"open","sticky":false,"template":"","format":"standard","meta":[],"categories":[2],"tags":[],"_links":{"self":[{"href":"https:\/\/parafiasmardzewo.pl\/index.php?rest_route=\/wp\/v2\/posts\/9211"}],"collection":[{"href":"https:\/\/parafiasmardzewo.pl\/index.php?rest_route=\/wp\/v2\/posts"}],"about":[{"href":"https:\/\/parafiasmardzewo.pl\/index.php?rest_route=\/wp\/v2\/types\/post"}],"author":[{"embeddable":true,"href":"https:\/\/parafiasmardzewo.pl\/index.php?rest_route=\/wp\/v2\/users\/2"}],"replies":[{"embeddable":true,"href":"https:\/\/parafiasmardzewo.pl\/index.php?rest_route=%2Fwp%2Fv2%2Fcomments&post=9211"}],"version-history":[{"count":2,"href":"https:\/\/parafiasmardzewo.pl\/index.php?rest_route=\/wp\/v2\/posts\/9211\/revisions"}],"predecessor-version":[{"id":9214,"href":"https:\/\/parafiasmardzewo.pl\/index.php?rest_route=\/wp\/v2\/posts\/9211\/revisions\/9214"}],"wp:featuredmedia":[{"embeddable":true,"href":"https:\/\/parafiasmardzewo.pl\/index.php?rest_route=\/wp\/v2\/media\/5378"}],"wp:attachment":[{"href":"https:\/\/parafiasmardzewo.pl\/index.php?rest_route=%2Fwp%2Fv2%2Fmedia&parent=9211"}],"wp:term":[{"taxonomy":"category","embeddable":true,"href":"https:\/\/parafiasmardzewo.pl\/index.php?rest_route=%2Fwp%2Fv2%2Fcategories&post=9211"},{"taxonomy":"post_tag","embeddable":true,"href":"https:\/\/parafiasmardzewo.pl\/index.php?rest_route=%2Fwp%2Fv2%2Ftags&post=9211"}],"curies":[{"name":"wp","href":"https:\/\/api.w.org\/{rel}","templated":true}]}}