{"id":9218,"date":"2024-01-27T22:29:45","date_gmt":"2024-01-27T21:29:45","guid":{"rendered":"https:\/\/parafiasmardzewo.pl\/?p=9218"},"modified":"2024-01-27T22:29:45","modified_gmt":"2024-01-27T21:29:45","slug":"iv-niedziela-w-ciagu-roku-28-stycznia-2024","status":"publish","type":"post","link":"https:\/\/parafiasmardzewo.pl\/?p=9218","title":{"rendered":"IV NIEDZIELA W CI\u0104GU ROKU &#8211; 28 stycznia 2024"},"content":{"rendered":"<p><strong>OG\u0141OSZENIA DUSZPASTERSKIE<\/strong><\/p>\n<ol>\n<li>To ostatnia niedziela stycznia, w kt\u00f3r\u0105 przypada \u015awiatowy Dzie\u0144 Tr\u0119dowatych. Jest to okazja, by pomodli\u0107 si\u0119 za cierpi\u0105cych na t\u0119 straszliw\u0105 chorob\u0119, za tych wszystkich, kt\u00f3rzy im spiesz\u0105 z pomoc\u0105, a tak\u017ce za wszystkich chorych, opuszczonych i wykluczonych.<\/li>\n<li>W tym tygodniu przypadaj\u0105 czwartek przed pierwszym pi\u0105tkiem, pierwszy pi\u0105tek i\u00a0pierwsza sobota miesi\u0105ca. W czwartek podczas wieczornego nabo\u017ce\u0144stwa otoczymy modlitw\u0105 tych, kt\u00f3rzy opu\u015bcili wszystko, by p\u00f3j\u015b\u0107 za g\u0142osem Pana, oraz tych, kt\u00f3rzy ten g\u0142os s\u0142ysz\u0105, aby nie bali si\u0119 za nim pod\u0105\u017ca\u0107.<\/li>\n<li>W pi\u0105tek, 2 lutego, b\u0119dziemy prze\u017cywali \u015bwi\u0119to Ofiarowania Pa\u0144skiego, kt\u00f3re w polskiej tradycji nazywane jest \u015bwi\u0119tem Matki Boskiej Gromnicznej. Msze \u015awi\u0119te w naszym ko\u015bciele b\u0119d\u0105 sprawowane o godz. 10.00 i 17.00. Na pocz\u0105tku ka\u017cdej Mszy b\u0119dzie mia\u0142a miejsce ceremonia po\u015bwi\u0119cenia \u015bwiec, zatem przynie\u015bmy ze sob\u0105 \u015bwiece-gromnice. Niech one stan\u0105 si\u0119 znakiem obecno\u015bci Chrystusa \u2013 \u015awiat\u0142o\u015bci \u015bwiata; zapalajmy je, jak m\u00f3wi stara polska tradycja, w\u00a0chwilach trwogi i zagro\u017cenia, aby o tej obecno\u015bci i opatrzno\u015bci Bo\u017cej sobie nieustannie przypomina\u0107. P\u00f3\u0142 godziny przed wieczorn\u0105 Msz\u0105 \u015awi\u0119t\u0105, z racji pierwszego pi\u0105tku miesi\u0105ca, okazja do spowiedzi \u015bwi\u0119tej. Msza \u015awi\u0119ta w pierwszy pi\u0105tek o godz. 17.00. Po Eucharystii b\u0119dzie wystawienie Naj\u015bwi\u0119tszego Sakramentu i adoracja. Kandydatom do bierzmowania przypominam, \u017ce powinni odprawi\u0107 9 pierwszych pi\u0105tk\u00f3w miesi\u0105ca.<\/li>\n<li>W tym dniu obchodzimy \u015awiatowy Dzie\u0144 \u017bycia Konsekrowanego. Otoczmy wi\u0119c nasz\u0105 modlitw\u0105 wszystkich, kt\u00f3rzy przez sk\u0142adane \u015bluby zakonne czy inne zobowi\u0105zania pragn\u0105 ca\u0142kowicie ofiarowa\u0107 swoje \u017cycie Bogu, \u017cyj\u0105c wed\u0142ug rad ewangelicznych: czysto\u015bci, ub\u00f3stwa i pos\u0142usze\u0144stwa. Sk\u0142adane w to \u015bwi\u0119to ofiary przeznaczone zostan\u0105 na wspomo\u017cenie kontemplacyjnych wsp\u00f3lnot zakonnych w naszej ojczy\u017anie.<\/li>\n<li>W sobot\u0119, 3 lutego, przypada liturgiczne wspomnienie \u015awi\u0119tego B\u0142a\u017ceja, kt\u00f3rego czcimy jako or\u0119downika w chorobach gard\u0142a. To r\u00f3wnie\u017c pierwsza sobota miesi\u0105ca, zatem przed Msz\u0105 wieczorn\u0105 wsp\u00f3lnie odm\u00f3wimy modlitw\u0119 r\u00f3\u017ca\u0144cow\u0105.<\/li>\n<li>Ofiary, kt\u00f3re sk\u0142adamy dzisiaj na tac\u0119 s\u0105 przeznaczone na rozbudow\u0119 Sanktuarium Bo\u017cego Mi\u0142osierdzia w P\u0142ocku. Takie jest rozporz\u0105dzenie, pro\u015bba ks. Biskupa P\u0142ockiego, Szymona Stu\u0142kowskiego. Bardzo serdecznie dzi\u0119kuj\u0119 za materialne wsparcie tego pi\u0119knego dzie\u0142a.<\/li>\n<li>Zach\u0119cam do nabycia prasy katolickiej.<\/li>\n<li><strong>Posumowanie kol\u0119dy<\/strong>. W ubieg\u0142ym tygodniu zako\u0144czy\u0142em wizyt\u0119 duszpastersk\u0105 w naszej parafii. Dzisiaj chcia\u0142bym kr\u00f3tko podsumowa\u0107 t\u0119 bardzo wa\u017cn\u0105 &#8211; moim zdaniem &#8211; prac\u0119 duszpastersk\u0105 kap\u0142ana. <strong>Dzi\u0119kuj\u0119 przede wszystkim za wsp\u00f3ln\u0105 modlitw\u0119 w ka\u017cdej rodzinie i rozmow\u0119 z domownikami<\/strong>.\u00a0\u00a0 Wszystkim rodzinom, kt\u00f3re przyjmowa\u0142y mnie z wizyt\u0105 duszpastersk\u0105 dzi\u0119kuj\u0119 za go\u015bcinno\u015b\u0107 i okazywan\u0105 mi serdeczno\u015b\u0107. Bardzo gor\u0105co dzi\u0119kuj\u0119 tym mieszka\u0144com z poszczeg\u00f3lnych miejscowo\u015bci, kt\u00f3rzy ofiarowali sw\u00f3j czas, by przyjecha\u0107 po ksi\u0119dza i po zako\u0144czeniu kol\u0119dy odwie\u017a\u0107\u00a0 do plebanii. S\u0142owa szczeg\u00f3lnej wdzi\u0119czno\u015bci kieruj\u0119 do rodzin, kt\u00f3re cz\u0119stowa\u0142y posi\u0142kiem, herbat\u0105, kaw\u0105. Prawie wszystkie rodziny z\u0142o\u017cy\u0142y ofiar\u0119 materialn\u0105 na kol\u0119d\u0119 i na zakup \u0142awek do \u015bwi\u0105tyni.\u00a0 Za ka\u017cdy, nawet najmniejszy grosz sk\u0142adam serdeczne podzi\u0119kowanie wszystkim, kt\u00f3rzy swoj\u0105 ofiarno\u015bci\u0105 wykazuj\u0105 trosk\u0119\u00a0 o pi\u0119kno naszego materialnego ko\u015bcio\u0142a. Cieszy bardzo fakt, \u017ce sporo rodzin (oko\u0142o30% parafian) uczestniczy\u00a0 regularnie w ka\u017cd\u0105 niedziel\u0119 w Eucharystii i wiele z tych os\u00f3b przyjmuje komuni\u0119 \u015bwi\u0119t\u0105. Jest te\u017c grupa os\u00f3b, kt\u00f3rzy przychodz\u0105 do ko\u015bcio\u0142a rzadziej, ale mimo r\u00f3\u017cnych trudno\u015bci (by\u0107 mo\u017ce i lenistwa) ceni\u0105 niedzieln\u0105 Msz\u0119 \u015awi\u0119t\u0105. Pro\u015bba do nich, by do\u0142o\u017cyli stara\u0144, aby by\u0142o jeszcze lepiej. S\u0105 i tacy, kt\u00f3rzy w ko\u015bciele bywaj\u0105 na Bo\u017ce Narodzenie, Wielkanoc, Bo\u017ce Cia\u0142o. S\u0105 czasami na\u00a0 uroczysto\u015bciach \u015blubnych, pogrzebowych. Wreszcie jest grupa os\u00f3b (30-40), kt\u00f3rzy w ko\u015bciele pojawiaj\u0105 si\u0119 ale\u00a0 nie korzystaj\u0105 z\u00a0 sakrament\u00f3w \u015bwi\u0119tych od wielu lat. S\u0105 to s\u0105siedzi niekt\u00f3rych z was, a nawet bliscy krewni. Otoczmy ich szczeg\u00f3ln\u0105 trosk\u0105 modlitewn\u0105, a mo\u017ce po raz kolejny przeprowad\u017amy z nimi serdeczn\u0105, \u017cyczliw\u0105 rozmow\u0119 na temat ich postawy wobec Boga i Ko\u015bcio\u0142a. S\u0105 to przecie\u017c osoby, kt\u00f3re deklaruj\u0105, \u017ce\u00a0 s\u0105 wierz\u0105cy.\u00a0 Do spraw negatywnych nale\u017cy zaliczy\u0107 nadu\u017cywanie alkoholu w niekt\u00f3rych rodzinach. Dotyczy to cz\u0119\u015bciej os\u00f3b samotnych.\u00a0 Do\u015b\u0107 smutn\u0105 spraw\u0105 s\u0105 nieporozumienia rodzinne i s\u0105siedzkie. Coraz cz\u0119stszym zjawiskiem jest\u00a0 wsp\u00f3lne zamieszkiwanie, g\u0142ownie m\u0142odych, przed zawarciem sakramentalnego zwi\u0105zku ma\u0142\u017ce\u0144skiego. Niekt\u00f3rzy staraj\u0105 si\u0119 uporz\u0105dkowa\u0107 swoje sprawy dotycz\u0105ce \u017cycia sakramentalnego. To bardzo pocieszaj\u0105ce. Nie zawsze rodzice zajmuj\u0105 w\u0142a\u015bciw\u0105 postaw\u0119 wobec dzieci, kt\u00f3re lekcewa\u017c\u0105 Bo\u017ce przykazania. Warto przypomnie\u0107, \u017ce przed Bogiem b\u0119dziemy kiedy\u015b odpowiada\u0107 ka\u017cdy za siebie ale i w jakim\u015b stopniu za innych (ks. za parafian, rodzice za dzieci). Wszystkich, a szczeg\u00f3lnie tych, kt\u00f3rzy prze\u017cywaj\u0105 r\u00f3\u017cne k\u0142opoty i trudno\u015bci, g\u0142\u00f3wnie zwi\u0105zane z chorob\u0105 i cierpieniem, pole\u0107my Jezusowi i Jego oraz naszej Matce \u2013 Maryi.<\/li>\n<li>Jubilatom i solenizantom sk\u0142adam najserdeczniejsze \u017cyczenia.<\/li>\n<\/ol>\n<p>&nbsp;<\/p>\n<p><strong>\u00a0<\/strong><\/p>\n<p><strong>\u00a0<\/strong><\/p>\n<p>&nbsp;<\/p>\n","protected":false},"excerpt":{"rendered":"<p>OG\u0141OSZENIA DUSZPASTERSKIE To ostatnia niedziela stycznia, w kt\u00f3r\u0105 przypada \u015awiatowy Dzie\u0144 Tr\u0119dowatych. Jest to okazja, by pomodli\u0107 si\u0119 za cierpi\u0105cych na t\u0119 straszliw\u0105 chorob\u0119, za tych wszystkich, kt\u00f3rzy im spiesz\u0105 z pomoc\u0105, a tak\u017ce za wszystkich chorych, opuszczonych i wykluczonych. W tym tygodniu przypadaj\u0105 czwartek przed pierwszym pi\u0105tkiem, pierwszy pi\u0105tek i\u00a0pierwsza sobota miesi\u0105ca. W czwartek &hellip; <\/p>\n<p><a class=\"more-link btn\" href=\"https:\/\/parafiasmardzewo.pl\/?p=9218\">Kontynuuj czytanie<\/a><\/p>\n","protected":false},"author":2,"featured_media":4017,"comment_status":"open","ping_status":"open","sticky":false,"template":"","format":"standard","meta":[],"categories":[2],"tags":[],"_links":{"self":[{"href":"https:\/\/parafiasmardzewo.pl\/index.php?rest_route=\/wp\/v2\/posts\/9218"}],"collection":[{"href":"https:\/\/parafiasmardzewo.pl\/index.php?rest_route=\/wp\/v2\/posts"}],"about":[{"href":"https:\/\/parafiasmardzewo.pl\/index.php?rest_route=\/wp\/v2\/types\/post"}],"author":[{"embeddable":true,"href":"https:\/\/parafiasmardzewo.pl\/index.php?rest_route=\/wp\/v2\/users\/2"}],"replies":[{"embeddable":true,"href":"https:\/\/parafiasmardzewo.pl\/index.php?rest_route=%2Fwp%2Fv2%2Fcomments&post=9218"}],"version-history":[{"count":1,"href":"https:\/\/parafiasmardzewo.pl\/index.php?rest_route=\/wp\/v2\/posts\/9218\/revisions"}],"predecessor-version":[{"id":9219,"href":"https:\/\/parafiasmardzewo.pl\/index.php?rest_route=\/wp\/v2\/posts\/9218\/revisions\/9219"}],"wp:featuredmedia":[{"embeddable":true,"href":"https:\/\/parafiasmardzewo.pl\/index.php?rest_route=\/wp\/v2\/media\/4017"}],"wp:attachment":[{"href":"https:\/\/parafiasmardzewo.pl\/index.php?rest_route=%2Fwp%2Fv2%2Fmedia&parent=9218"}],"wp:term":[{"taxonomy":"category","embeddable":true,"href":"https:\/\/parafiasmardzewo.pl\/index.php?rest_route=%2Fwp%2Fv2%2Fcategories&post=9218"},{"taxonomy":"post_tag","embeddable":true,"href":"https:\/\/parafiasmardzewo.pl\/index.php?rest_route=%2Fwp%2Fv2%2Ftags&post=9218"}],"curies":[{"name":"wp","href":"https:\/\/api.w.org\/{rel}","templated":true}]}}