{"id":9220,"date":"2024-02-03T21:24:05","date_gmt":"2024-02-03T20:24:05","guid":{"rendered":"https:\/\/parafiasmardzewo.pl\/?p=9220"},"modified":"2024-02-03T21:24:05","modified_gmt":"2024-02-03T20:24:05","slug":"piata-niedziela-w-ciagu-roku-4-lutego-2024","status":"publish","type":"post","link":"https:\/\/parafiasmardzewo.pl\/?p=9220","title":{"rendered":"PI\u0104TA NIEDZIELA W CI\u0104GU ROKU &#8211; 4 lutego 2024"},"content":{"rendered":"<p><strong>OG\u0141OSZENIA DUSZPASTERSKIE\u00a0\u00a0\u00a0\u00a0\u00a0\u00a0\u00a0\u00a0\u00a0\u00a0\u00a0\u00a0\u00a0\u00a0\u00a0\u00a0\u00a0\u00a0\u00a0\u00a0\u00a0\u00a0\u00a0\u00a0\u00a0\u00a0\u00a0\u00a0\u00a0\u00a0\u00a0\u00a0\u00a0\u00a0\u00a0\u00a0\u00a0\u00a0\u00a0\u00a0\u00a0\u00a0\u00a0\u00a0\u00a0\u00a0\u00a0\u00a0\u00a0\u00a0\u00a0\u00a0\u00a0\u00a0\u00a0\u00a0\u00a0\u00a0\u00a0\u00a0\u00a0\u00a0\u00a0\u00a0\u00a0\u00a0\u00a0\u00a0\u00a0\u00a0\u00a0\u00a0\u00a0\u00a0\u00a0\u00a0\u00a0\u00a0\u00a0\u00a0\u00a0\u00a0\u00a0\u00a0\u00a0\u00a0\u00a0\u00a0\u00a0\u00a0\u00a0\u00a0\u00a0\u00a0\u00a0\u00a0\u00a0\u00a0\u00a0\u00a0 <\/strong><\/p>\n<ol>\n<li>To ju\u017c ostatnie dni karnawa\u0142u. Prze\u017cyjmy je w duchu chrze\u015bcija\u0144skiej rado\u015bci.<\/li>\n<li>Dzisiaj, po Mszy \u015awi\u0119tej o godz. 9.00 b\u0119dzie spotkanie z dzie\u0107mi kl. III i IV. Po Eucharystii o godz. 10.45 , z racji pierwszej niedzieli lutego, b\u0119dzie adoracja Naj\u015bwi\u0119tszego Sakramentu.<\/li>\n<li>W sobot\u0119, 10 lutego, na godz. 11.00 zapraszam kandydat\u00f3w do bierzmowania na spotkanie do salki katechetycznej.<\/li>\n<li>W przysz\u0142\u0105 niedziel\u0119, 11 lutego, przypada \u015awiatowy Dzie\u0144 Chorego.<\/li>\n<li>Dwie rodziny spoza parafii z\u0142o\u017cy\u0142y ofiar\u0119 na zakup \u0142awek, w wysoko\u015bci 400,00 i 200,00 z\u0142otych. Serdecznie dzi\u0119kuj\u0119.<\/li>\n<li>Wczoraj odby\u0142 si\u0119 pogrzeb \u015bw. p. Genowefy Wi\u015bniewskie, kt\u00f3ra prze\u017cy\u0142a 84 lata. Od uczestnik\u00f3w pogrzebu b\u0119dzie odprawionych 17 Mszy \u015awi\u0119tych, w tym 2 intencje zam\u00f3wione przed pogrzebem.<\/li>\n<li>Zach\u0119cam do nabycia prasy katolickiej.<\/li>\n<li>Solenizant\u00f3w i jubilat\u00f3w zapewniamy o naszej modlitwie i \u017cyczliwo\u015bci. Zmar\u0142ych polecamy mi\u0142osierdziu Bo\u017cemu.<\/li>\n<\/ol>\n","protected":false},"excerpt":{"rendered":"<p>OG\u0141OSZENIA DUSZPASTERSKIE\u00a0\u00a0\u00a0\u00a0\u00a0\u00a0\u00a0\u00a0\u00a0\u00a0\u00a0\u00a0\u00a0\u00a0\u00a0\u00a0\u00a0\u00a0\u00a0\u00a0\u00a0\u00a0\u00a0\u00a0\u00a0\u00a0\u00a0\u00a0\u00a0\u00a0\u00a0\u00a0\u00a0\u00a0\u00a0\u00a0\u00a0\u00a0\u00a0\u00a0\u00a0\u00a0\u00a0\u00a0\u00a0\u00a0\u00a0\u00a0\u00a0\u00a0\u00a0\u00a0\u00a0\u00a0\u00a0\u00a0\u00a0\u00a0\u00a0\u00a0\u00a0\u00a0\u00a0\u00a0\u00a0\u00a0\u00a0\u00a0\u00a0\u00a0\u00a0\u00a0\u00a0\u00a0\u00a0\u00a0\u00a0\u00a0\u00a0\u00a0\u00a0\u00a0\u00a0\u00a0\u00a0\u00a0\u00a0\u00a0\u00a0\u00a0\u00a0\u00a0\u00a0\u00a0\u00a0\u00a0\u00a0\u00a0\u00a0\u00a0 To ju\u017c ostatnie dni karnawa\u0142u. Prze\u017cyjmy je w duchu chrze\u015bcija\u0144skiej rado\u015bci. Dzisiaj, po Mszy \u015awi\u0119tej o godz. 9.00 b\u0119dzie spotkanie z dzie\u0107mi kl. III i IV. Po Eucharystii o godz. 10.45 , z racji pierwszej niedzieli lutego, b\u0119dzie adoracja Naj\u015bwi\u0119tszego Sakramentu. W sobot\u0119, 10 lutego, na godz. 11.00 zapraszam kandydat\u00f3w do bierzmowania na &hellip; <\/p>\n<p><a class=\"more-link btn\" href=\"https:\/\/parafiasmardzewo.pl\/?p=9220\">Kontynuuj czytanie<\/a><\/p>\n","protected":false},"author":2,"featured_media":4017,"comment_status":"open","ping_status":"open","sticky":false,"template":"","format":"standard","meta":[],"categories":[2],"tags":[],"_links":{"self":[{"href":"https:\/\/parafiasmardzewo.pl\/index.php?rest_route=\/wp\/v2\/posts\/9220"}],"collection":[{"href":"https:\/\/parafiasmardzewo.pl\/index.php?rest_route=\/wp\/v2\/posts"}],"about":[{"href":"https:\/\/parafiasmardzewo.pl\/index.php?rest_route=\/wp\/v2\/types\/post"}],"author":[{"embeddable":true,"href":"https:\/\/parafiasmardzewo.pl\/index.php?rest_route=\/wp\/v2\/users\/2"}],"replies":[{"embeddable":true,"href":"https:\/\/parafiasmardzewo.pl\/index.php?rest_route=%2Fwp%2Fv2%2Fcomments&post=9220"}],"version-history":[{"count":1,"href":"https:\/\/parafiasmardzewo.pl\/index.php?rest_route=\/wp\/v2\/posts\/9220\/revisions"}],"predecessor-version":[{"id":9221,"href":"https:\/\/parafiasmardzewo.pl\/index.php?rest_route=\/wp\/v2\/posts\/9220\/revisions\/9221"}],"wp:featuredmedia":[{"embeddable":true,"href":"https:\/\/parafiasmardzewo.pl\/index.php?rest_route=\/wp\/v2\/media\/4017"}],"wp:attachment":[{"href":"https:\/\/parafiasmardzewo.pl\/index.php?rest_route=%2Fwp%2Fv2%2Fmedia&parent=9220"}],"wp:term":[{"taxonomy":"category","embeddable":true,"href":"https:\/\/parafiasmardzewo.pl\/index.php?rest_route=%2Fwp%2Fv2%2Fcategories&post=9220"},{"taxonomy":"post_tag","embeddable":true,"href":"https:\/\/parafiasmardzewo.pl\/index.php?rest_route=%2Fwp%2Fv2%2Ftags&post=9220"}],"curies":[{"name":"wp","href":"https:\/\/api.w.org\/{rel}","templated":true}]}}