{"id":9225,"date":"2024-02-10T22:04:58","date_gmt":"2024-02-10T21:04:58","guid":{"rendered":"https:\/\/parafiasmardzewo.pl\/?p=9225"},"modified":"2024-02-10T22:04:58","modified_gmt":"2024-02-10T21:04:58","slug":"szosta-niedziela-w-ciagu-roku-11-lutego-2024","status":"publish","type":"post","link":"https:\/\/parafiasmardzewo.pl\/?p=9225","title":{"rendered":"SZ\u00d3STA NIEDZIELA W CI\u0104GU ROKU &#8211; 11 lutego 2024"},"content":{"rendered":"<p>&nbsp;<\/p>\n<p><strong>OG\u0141OSZENIA DUSZPASTERSKIE<\/strong><\/p>\n<ol>\n<li>Dzisiaj rozpoczyna si\u0119 57. Tydzie\u0144 Modlitw o Trze\u017awo\u015b\u0107 Narodu\u2026<\/li>\n<li>Dzisiaj obchodzimy te\u017c \u015awiatowy Dzie\u0144 Chorego. Parafialne obchody dnia chorych z Msz\u0105 \u015awi\u0119t\u0105, podczas kt\u00f3rej udzielimy sakramentu chorych, zorganizujemy w \u015bwi\u0119to NMP \u2013 Maki Ko\u015bcio\u0142a, w drugi dzie\u0144 Zielonych \u015awi\u0105t \u2013 27 maja br.<\/li>\n<li>Po Mszy \u015awi\u0119tej o godz. 9.00 b\u0119dzie spotkanie z dzie\u0107mi kl. III i IV. W sobot\u0119, 17 lutego, zapraszam kandydat\u00f3w do bierzmowania na spotkanie o godz. 11.00, do salki katechetycznej.<\/li>\n<li>W najbli\u017csz\u0105 \u015brod\u0119 przypada \u015aroda Popielcowa rozpoczynaj\u0105ca czterdziestodniowy okres przygotowania paschalnego \u2013 okres Wielkiego Postu. Msze \u015awi\u0119te z posypaniem na znak pokuty naszych g\u0142\u00f3w popio\u0142em odprawimy o godz. 10.00 i 16.00. Zach\u0119cam do licznego uczestnictwa oraz do wej\u015bcia i ca\u0142kowitego zaanga\u017cowania si\u0119 w ten \u015bwi\u0119ty czas. Tego dnia rozpoczynamy Kwartalne dni modlitw o ducha pokuty<\/li>\n<li>CARITAS na czas Wielkiego Postu proponuje nam wiele akcji dobroczynnych. B\u0119dziemy o nich informowa\u0107 na bie\u017c\u0105co.<\/li>\n<li>\u015aroda Popielcowa to dzie\u0144 postu \u015bcis\u0142ego zobowi\u0105zuj\u0105cego wiernych mi\u0119dzy 18. a 60. rokiem \u017cycia, opr\u00f3cz wstrzemi\u0119\u017aliwo\u015bci od pokarm\u00f3w mi\u0119snych, do jednorazowego posi\u0142ku do syta oraz dw\u00f3ch skromnych posi\u0142k\u00f3w w ci\u0105gu dnia. Osoby starsze i nieco m\u0142odsze (kt\u00f3re uko\u0144czy\u0142y 14 lat) s\u0105 zobowi\u0105zane tego dnia do wstrzemi\u0119\u017aliwo\u015bci od pokarm\u00f3w mi\u0119snych. Ponadto do postu \u015bcis\u0142ego jeste\u015bmy zobowi\u0105zani r\u00f3wnie\u017c w Wielki Pi\u0105tek. Przypominam tak\u017ce, \u017ce we wszystkie pi\u0105tki roku obowi\u0105zuje nas wstrzemi\u0119\u017aliwo\u015b\u0107 od pokarm\u00f3w mi\u0119snych.<\/li>\n<li>Pami\u0119tajmy, \u017ce rozpoczynaj\u0105cy si\u0119 okres wielkopostny to tak zwany \u201eczas zakazany\u201d, okres pokutny w Ko\u015bciele. Powstrzymajmy si\u0119 wi\u0119c od hucznych zabaw, wesel i dyskotek.<\/li>\n<li>W najbli\u017cszy pi\u0105tek rozpoczniemy nabo\u017ce\u0144stwa Drogi Krzy\u017cowej, na kt\u00f3re zapraszam wszystkich Parafian: dzieci, m\u0142odzie\u017c i doros\u0142ych na godz. 16.30. Natomiast od przysz\u0142ej niedzieli \u2013 pierwszej Wielkiego Postu po Eucharystii o\u00a0godz. 10.45 b\u0119dziemy \u015bpiewa\u0107 Gorzkie \u017bale. W pi\u0105tek po Popielcu odbywa si\u0119 te\u017c specjalna modlitwa w intencji zranionych i wykorzystanych.<\/li>\n<li>W ostatnim czasie wp\u0142yn\u0119\u0142y ofiary na zakup \u0142awek. Serdecznie dzi\u0119kuj\u0119 ofiarodawcom.<\/li>\n<li>W minionym tygodniu odby\u0142 si\u0119 pogrzeb \u015bw. p. Czes\u0142awa Za\u0142\u0119ckiego, kt\u00f3ry prze\u017cy\u0142 76 lat. Od uczestnik\u00f3w pogrzebu b\u0119dzie odprawionych 20 Mszy \u015awi\u0119tych, w tym 4 od rodzin, kt\u00f3re zam\u00f3wi\u0142y intencje mszalne przed pogrzebem<\/li>\n<li>Zach\u0119cam do nabycia prasy katolickiej.<\/li>\n<\/ol>\n<p><strong>\u00a0<\/strong><\/p>\n","protected":false},"excerpt":{"rendered":"<p>&nbsp; OG\u0141OSZENIA DUSZPASTERSKIE Dzisiaj rozpoczyna si\u0119 57. Tydzie\u0144 Modlitw o Trze\u017awo\u015b\u0107 Narodu\u2026 Dzisiaj obchodzimy te\u017c \u015awiatowy Dzie\u0144 Chorego. Parafialne obchody dnia chorych z Msz\u0105 \u015awi\u0119t\u0105, podczas kt\u00f3rej udzielimy sakramentu chorych, zorganizujemy w \u015bwi\u0119to NMP \u2013 Maki Ko\u015bcio\u0142a, w drugi dzie\u0144 Zielonych \u015awi\u0105t \u2013 27 maja br. Po Mszy \u015awi\u0119tej o godz. 9.00 b\u0119dzie spotkanie z &hellip; <\/p>\n<p><a class=\"more-link btn\" href=\"https:\/\/parafiasmardzewo.pl\/?p=9225\">Kontynuuj czytanie<\/a><\/p>\n","protected":false},"author":2,"featured_media":4017,"comment_status":"open","ping_status":"open","sticky":false,"template":"","format":"standard","meta":[],"categories":[2],"tags":[],"_links":{"self":[{"href":"https:\/\/parafiasmardzewo.pl\/index.php?rest_route=\/wp\/v2\/posts\/9225"}],"collection":[{"href":"https:\/\/parafiasmardzewo.pl\/index.php?rest_route=\/wp\/v2\/posts"}],"about":[{"href":"https:\/\/parafiasmardzewo.pl\/index.php?rest_route=\/wp\/v2\/types\/post"}],"author":[{"embeddable":true,"href":"https:\/\/parafiasmardzewo.pl\/index.php?rest_route=\/wp\/v2\/users\/2"}],"replies":[{"embeddable":true,"href":"https:\/\/parafiasmardzewo.pl\/index.php?rest_route=%2Fwp%2Fv2%2Fcomments&post=9225"}],"version-history":[{"count":1,"href":"https:\/\/parafiasmardzewo.pl\/index.php?rest_route=\/wp\/v2\/posts\/9225\/revisions"}],"predecessor-version":[{"id":9226,"href":"https:\/\/parafiasmardzewo.pl\/index.php?rest_route=\/wp\/v2\/posts\/9225\/revisions\/9226"}],"wp:featuredmedia":[{"embeddable":true,"href":"https:\/\/parafiasmardzewo.pl\/index.php?rest_route=\/wp\/v2\/media\/4017"}],"wp:attachment":[{"href":"https:\/\/parafiasmardzewo.pl\/index.php?rest_route=%2Fwp%2Fv2%2Fmedia&parent=9225"}],"wp:term":[{"taxonomy":"category","embeddable":true,"href":"https:\/\/parafiasmardzewo.pl\/index.php?rest_route=%2Fwp%2Fv2%2Fcategories&post=9225"},{"taxonomy":"post_tag","embeddable":true,"href":"https:\/\/parafiasmardzewo.pl\/index.php?rest_route=%2Fwp%2Fv2%2Ftags&post=9225"}],"curies":[{"name":"wp","href":"https:\/\/api.w.org\/{rel}","templated":true}]}}